{"id":1180581,"date":"2026-07-20T16:59:19","date_gmt":"2026-07-20T16:59:19","guid":{"rendered":"https:\/\/www.europesays.com\/de\/1180581\/"},"modified":"2026-07-20T16:59:19","modified_gmt":"2026-07-20T16:59:19","slug":"wasserverbot-in-muenchen-joerg-kachelmann-kritisiert-rasenbewaesserung-scharf","status":"publish","type":"post","link":"https:\/\/www.europesays.com\/de\/1180581\/","title":{"rendered":"Wasserverbot in M\u00fcnchen: J\u00f6rg Kachelmann kritisiert Rasenbew\u00e4sserung scharf"},"content":{"rendered":"<p>Verbrauch stark gestiegen <\/p>\n<p>Wasserstreit: Kachelmann teilt gegen Rasenbesitzer aus<\/p>\n<p>Aktualisiert am 20.07.2026 &#8211; 16:49 UhrLesedauer: 2 Min.<\/p>\n<p><a href=\"#focus-0\" class=\"transition-colors block text-current relative\" data-sctrack=\"FocusGalleryImage.Reference\"><img fetchpriority=\"high\" data-testid=\"Opener.Image\"   loading=\"eager\" src=\"https:\/\/www.europesays.com\/de\/wp-content\/uploads\/2026\/07\/mdr-riverboat-moderator-joerg-kachelmann-anlaesslich-der-aufzeichnung-der-mdr-talkshow-riverboat-am-.jpeg\" alt=\"imago images 195175976\" title=\"imago images 195175976\" width=\"3915\" height=\"2202\" class=\"bg-[url:var(--lqipURL)] bg-cover bg-center flex h-full w-full max-w-full\" style=\"--lqipURL:url('https:\/\/images.t-online.de\/2026\/06\/oNpRMQmjhvAz\/0x204:3915x2202\/fit-in\/150x0\/filters:blur(25)\/mdr-riverboat-moderator-joerg-kachelmann-anlaesslich-der-aufzeichnung-der-mdr-talkshow-riverboat-am-25-112022-in-der-mediacity-leipzig-20221125sfl0067-mdr-riverboat-host-joerg-kachelmann-on-the-occasion-of-the-recording-of-the-mdr-talk-show-riverboat-on-25-11-2022-in-the-mediacity-leipzig-20221125sfl0067.jpg')\" decoding=\"async\"\/><img loading=\"lazy\" src=\"https:\/\/muenchen.t-online.de\/s\/paper\/_next\/static\/media\/zoom-in.f7dae02f.svg\" alt=\"Vergr\u00f6\u00dfern des Bildes\" title=\"Vergr\u00f6\u00dfern des Bildes\" class=\"block h-[calc(var(--height)_\/_16_*_1rem)] w-[calc(var(--width)_\/_16_*_1rem)] max-w-none absolute right-8 bottom-8 rounded-4 bg-snow p-8\" style=\"--width:32;--height:32\" decoding=\"async\"\/><\/a><\/p>\n<p>J\u00f6rg Kachelmann bei einer Talkshow (Archivbild): Zum Thema Wasserverschwendung in der Trockenheit hat er eine klare Meinung. (Quelle: IMAGO\/STAR-MEDIA\/imago)<\/p>\n<p><img loading=\"lazy\" src=\"https:\/\/muenchen.t-online.de\/s\/paper\/_next\/static\/media\/audio-volume.6689034c.svg\" alt=\"\" title=\"\" class=\"block h-[calc(var(--height)_\/_16_*_1rem)] w-[calc(var(--width)_\/_16_*_1rem)] max-w-none group-hover:brightness-0 group-hover:invert\" style=\"--width:16;--height:16\" decoding=\"async\"\/>Vorlesen<\/p>\n<p>Aktuelle Zeit:0:00Gesamtdauer:0:00<\/p>\n<p>1x<\/p>\n<p class=\"text-center\">Jetzt neu bei t-online:<\/p>\n<p class=\"text-center\">Schriftgr\u00f6\u00dfe anpassen!<\/p>\n<p><img loading=\"lazy\" src=\"https:\/\/muenchen.t-online.de\/s\/paper\/_next\/static\/media\/font-sizes.32942e33.svg\" alt=\"\" title=\"\" class=\"block h-[calc(var(--height)_\/_16_*_1rem)] w-[calc(var(--width)_\/_16_*_1rem)] max-w-none group-hover:hidden group-aria-expanded:hidden\" style=\"--width:16;--height:16\" decoding=\"async\"\/><img loading=\"lazy\" src=\"https:\/\/muenchen.t-online.de\/s\/paper\/_next\/static\/media\/font-sizes-dark-mode.e382645c.svg\" alt=\"\" title=\"\" class=\"block h-[calc(var(--height)_\/_16_*_1rem)] w-[calc(var(--width)_\/_16_*_1rem)] max-w-none hidden group-hover:block group-aria-expanded:block\" style=\"--width:16;--height:16\" decoding=\"async\"\/><img loading=\"lazy\" src=\"https:\/\/muenchen.t-online.de\/s\/paper\/_next\/static\/media\/sharing-menu-icon.1eb71368.svg\" alt=\"\" title=\"\" class=\"block h-[calc(var(--height)_\/_16_*_1rem)] w-[calc(var(--width)_\/_16_*_1rem)] max-w-none group-hover:brightness-0 group-hover:invert\" style=\"--width:16;--height:16\" decoding=\"async\"\/>Artikel teilen<\/p>\n<p class=\"font-bold text-18 leading-17 user-text-lg:text-22 user-text-xl:text-24\">Treffen M\u00fcnchens Wasserverbote gezielt wohlhabende Menschen? Ein M\u00fcnchner Anwalt erhebt diesen Vorwurf gegen die Gr\u00fcnen. Meteorologe J\u00f6rg Kachelmann reagiert deutlich.<\/p>\n<p class=\"text-18 leading-17 user-text-lg:text-22 user-text-xl:text-24\">Die neuen Wassersparregeln in M\u00fcnchen werden hitzig diskutiert. Nun hat sich auch Meteorologe J\u00f6rg Kachelmann in die Debatte eingeschaltet \u2013 mit einer scharfen Botschaft an Besitzer gr\u00fcner Rasenfl\u00e4chen und frisch gewaschener Autos.<\/p>\n<p class=\"text-18 leading-17 user-text-lg:text-22 user-text-xl:text-24\">Ausl\u00f6ser war ein Beitrag auf der Plattform X. Der Jurist Stephan Altenburg hatte behauptet, Verbote f\u00fcr private Pools, Gartenbew\u00e4sserung, Autow\u00e4sche und das Reinigen von Terrassen richteten sich gezielt gegen wohlhabende Menschen. Dazu erkl\u00e4rte er mit Anspielung auf M\u00fcnchens gr\u00fcnen Oberb\u00fcrgermeister Dominik Krause: &#8222;Da sage noch einer, die Gr\u00fcnen seien keine linke Partei.&#8220;<\/p>\n<p>Kachelmann: &#8222;bew\u00e4ssere nie&#8220;<\/p>\n<p class=\"text-18 leading-17 user-text-lg:text-22 user-text-xl:text-24\">Kachelmann widersprach. Er selbst bew\u00e4ssere seine Wiese nie, lasse sein Auto vom n\u00e4chsten Regen waschen und habe noch nie eine Terrasse mit einem Hochdruckreiniger ges\u00e4ubert. Wohlhabende Menschen m\u00fcssten nicht automatisch &#8222;dumme und zynische Arschl\u00f6cher&#8220; sein, die w\u00e4hrend einer D\u00fcrre verschwenderisch mit Wasser umgingen, schrieb er.<\/p>\n<p class=\"text-18 leading-17 user-text-lg:text-22 user-text-xl:text-24\">Dann wurde der Meteorologe noch deutlicher: &#8222;Wer so verwahrlost ist, eine gr\u00fcne Wiese und ein gewaschenes Auto zu brauchen, hat die Kontrolle \u00fcber sein Leben verloren.&#8220;<\/p>\n<p>Mehr Wasserverbrauch durch den Klimawandel<\/p>\n<p class=\"text-18 leading-17 user-text-lg:text-22 user-text-xl:text-24\">Infolge des Klimawandels k\u00e4mpfen die Menschen in Deutschland mit l\u00e4ngeren Trockenperioden sowie hohen Temperaturen, insbesondere w\u00e4hrend der Hitzewelle im Juni. Diese lassen den Wasserverbrauch enorm ansteigen, w\u00e4hrend die Ressourcen gleichzeitig schrumpfen, erkl\u00e4rt der Bundesverband der Deutschen Energie- und Wasserwirtschaft (BDEW) auf Nachfrage der M\u00fcnchner Lokalredaktion von t-online.<\/p>\n<p class=\"text-18 leading-17 user-text-lg:text-22 user-text-xl:text-24\">Auch in der Landeshauptstadt ist der Wasserverbrauch stark gestiegen: etwa zum Bew\u00e4ssern von G\u00e4rten oder Bef\u00fcllen von Pools. Das Problem dabei: Daf\u00fcr wird Trinkwasser verwendet. Um eine drohende Knappheit zu verhindern, hatte Oberb\u00fcrgermeister Dominik Krause (Gr\u00fcne) bereits vor einigen Wochen an die Bev\u00f6lkerung appelliert, Trinkwasser zu sparen. Daf\u00fcr wurden auch \u00f6ffentliche Springbrunnen abgeschaltet.<\/p>\n<p class=\"text-18 leading-17 user-text-lg:text-22 user-text-xl:text-24\">Am Dienstag wurde schlie\u00dflich eine Allgemeinverf\u00fcgung erlassen. Diese gilt zun\u00e4chst bis zum 1. August. Unter anderem sind das Waschen von Autos au\u00dferhalb von Waschanlagen, die Bew\u00e4sserung von Rasenfl\u00e4chen und das Bef\u00fcllen privater Pools eingeschr\u00e4nkt beziehungsweise verboten. Bei Verst\u00f6\u00dfen drohen Bu\u00dfgelder von bis zu 50.000 Euro.<\/p>\n<p>Effizientere Wassernutzung notwendig<\/p>\n<p class=\"text-18 leading-17 user-text-lg:text-22 user-text-xl:text-24\">Laut BDEW umfasst das durchschnittliche Volumen eines Aufstellpools etwa 6.500 Liter \u2013 etwa 52-mal so viel Wasser, wie eine durchschnittliche Person pro Tag ben\u00f6tigt. Werden in der Stadt mehrere Pools regelm\u00e4\u00dfig mit Trinkwasser bef\u00fcllt, belastet dies die Wasserversorgung.<\/p>\n","protected":false},"excerpt":{"rendered":"Verbrauch stark gestiegen Wasserstreit: Kachelmann teilt gegen Rasenbesitzer aus Aktualisiert am 20.07.2026 &#8211; 16:49 UhrLesedauer: 2 Min. J\u00f6rg&hellip;\n","protected":false},"author":2,"featured_media":1180582,"comment_status":"","ping_status":"","sticky":false,"template":"","format":"standard","meta":{"footnotes":"","_share_on_mastodon":"0"},"categories":[1827],"tags":[522,513,772,154424,29,2177,30,57276,1268,246884,6404,14152,246885,246882,246883,244657],"class_list":["post-1180581","post","type-post","status-publish","format-standard","has-post-thumbnail","category-muenchen","tag-522","tag-auto","tag-bayern","tag-bdew","tag-deutschland","tag-dominik-krause","tag-germany","tag-joerg-kachelmann","tag-muenchen","tag-stephan-altenburg","tag-trockenheit","tag-verbrauch","tag-wassersparregel","tag-wasserstreit","tag-wasserverbot","tag-wasserverschwendung"],"share_on_mastodon":{"url":"https:\/\/pubeurope.com\/@de\/116953376904065551","error":""},"_links":{"self":[{"href":"https:\/\/www.europesays.com\/de\/wp-json\/wp\/v2\/posts\/1180581","targetHints":{"allow":["GET"]}}],"collection":[{"href":"https:\/\/www.europesays.com\/de\/wp-json\/wp\/v2\/posts"}],"about":[{"href":"https:\/\/www.europesays.com\/de\/wp-json\/wp\/v2\/types\/post"}],"author":[{"embeddable":true,"href":"https:\/\/www.europesays.com\/de\/wp-json\/wp\/v2\/users\/2"}],"replies":[{"embeddable":true,"href":"https:\/\/www.europesays.com\/de\/wp-json\/wp\/v2\/comments?post=1180581"}],"version-history":[{"count":0,"href":"https:\/\/www.europesays.com\/de\/wp-json\/wp\/v2\/posts\/1180581\/revisions"}],"wp:featuredmedia":[{"embeddable":true,"href":"https:\/\/www.europesays.com\/de\/wp-json\/wp\/v2\/media\/1180582"}],"wp:attachment":[{"href":"https:\/\/www.europesays.com\/de\/wp-json\/wp\/v2\/media?parent=1180581"}],"wp:term":[{"taxonomy":"category","embeddable":true,"href":"https:\/\/www.europesays.com\/de\/wp-json\/wp\/v2\/categories?post=1180581"},{"taxonomy":"post_tag","embeddable":true,"href":"https:\/\/www.europesays.com\/de\/wp-json\/wp\/v2\/tags?post=1180581"}],"curies":[{"name":"wp","href":"https:\/\/api.w.org\/{rel}","templated":true}]}}