{"id":1180609,"date":"2026-07-20T17:15:21","date_gmt":"2026-07-20T17:15:21","guid":{"rendered":"https:\/\/www.europesays.com\/de\/1180609\/"},"modified":"2026-07-20T17:15:21","modified_gmt":"2026-07-20T17:15:21","slug":"fc-schalke-04-direkt-mit-extra-schicht-mucki-gosens-legt-bei-s04-los-sport","status":"publish","type":"post","link":"https:\/\/www.europesays.com\/de\/1180609\/","title":{"rendered":"FC Schalke 04: Direkt mit Extra-Schicht: Mucki-Gosens legt bei S04 los! | Sport"},"content":{"rendered":"<p><a class=\"skip-content skip-content--link\" href=\"#in-content-skip-link-target-v-0-0\">TTS-Player \u00fcberspringen\u21b5<\/a><a id=\"in-content-skip-link-target-v-0-0\" class=\"skip-content--target-link-hidden skip-content skip-content--target-link\" href=\"#in-content-skip-link-target-v-0-0\">Artikel weiterlesen<\/a><\/p>\n<p data-21134c99=\"0-1865\"><b>Die Bundesliga ist gewarnt! Schalkes Top-Zugang Robin Gosens (32\/von Florenz) legt endlich los \u2013 und gl\u00e4nzt gleich mal mit einer Extra-Schicht.<\/b><\/p>\n<p data-21134c99=\"0-1865\">Gro\u00dfe Augen am ersten Trainingslager-Tag im \u00f6sterreichischen Neustift (Stubaital). Als Gosens seine ersten Runden dreht, staunen die rund 800 Zuschauer nicht schlecht. Wat f\u00fcr Waden\u00a0\u2013\u00a0Muckis pur! Und die kommen nicht von irgendwo. Der 24-malige deutsche Nationalspieler bleibt bei seinem ersten Teamtraining l\u00e4nger auf dem Feld als seine Teamkollegen. Anschlie\u00dfend legt er im extra am Platz aufgebauten Fitnessstudio sogar noch eine Extra-Einheit mit Gewichten hin. Von nichts kommt nichts!<\/p>\n<p><img decoding=\"async\" width=\"992\" height=\"558\" alt=\"Robin Gosens (32) zieht trotz Schmerzen durch\" loading=\"lazy\" src=\"https:\/\/www.europesays.com\/de\/wp-content\/uploads\/2026\/07\/3446f259aa316621efd30e76d52d874b,7ac40f76.jpeg\"   class=\"landscape\"\/><\/p>\n<p class=\"fig__caption__text\">Robin Gosens (32) zieht trotz Schmerzen durch<\/p>\n<p>Foto: KROEGER\/RHR-FOTO<\/p>\n<p data-21134c99=\"0-1865\">Auch auf dem Platz macht Gosens gleich einen Top-Eindruck. Zusammen mit WM-R\u00fcckkehrer Dejan Ljubicic (28), Zaid Tchibara (20) und Finn Porath (29) absolvierte er eine deutlich anspruchsvollere Einheit als der Rest der Mannschaft, der einen Tag zuvor noch in Aue spielte (4:2-Sieg). Auff\u00e4llig, wie gallig Gosens in den \u00dcbungen ist. Ein kurzer Schockmoment: Nach einem harten Zweikampf mit Tchibara humpelt Gosens, bei\u00dft danach aber auf die Z\u00e4hne und zieht durch.<\/p>\n<p>XXL-Lobeshymne f\u00fcr Gosens<\/p>\n<p data-21134c99=\"0-1865\">Gosens bei K\u00f6nigsblau \u2013\u00a0f\u00fcr Trainer Miron Muslic (43) ein Segen. Er lobt den Linksverteidiger \u00fcberschw\u00e4nglich: \u201eRobin wollte unbedingt f\u00fcr Schalke spielen. Ich glaube, er hat auf einiges verzichtet. Ich habe von einigen geh\u00f6rt, die immer davon reden, dass eine R\u00fcckkehr geil w\u00e4re, dann aber doch absagen, wenn es zur Sache geht. Robin ist hier, weil er unbedingt wollte.\u201c<\/p>\n<p data-21134c99=\"0-1865\">Nicht nur auf dem linken Fl\u00fcgel soll Gosens seine St\u00e4rken einbringen. Muslic: \u201eRobin ist ein Bessermacher. So einen Charakter, so eine Pers\u00f6nlichkeit haben wir gebraucht. Mit ihm kommen Charisma, Aura und eine Person, die brennt. Das siehst du in seinen Augen.\u201c Dann schiebt er mit einem Lachen hinterher: \u201eAuch in seinen Waden, wenn er sich mal freimacht.\u201c<\/p>\n","protected":false},"excerpt":{"rendered":"TTS-Player \u00fcberspringen\u21b5Artikel weiterlesen Die Bundesliga ist gewarnt! Schalkes Top-Zugang Robin Gosens (32\/von Florenz) legt endlich los \u2013 und&hellip;\n","protected":false},"author":2,"featured_media":1180610,"comment_status":"","ping_status":"","sticky":false,"template":"","format":"standard","meta":{"footnotes":"","_share_on_mastodon":"0"},"categories":[136],"tags":[17899,46551,29,18391,3658,30,39615,123355,265,819,784],"class_list":["post-1180609","post","type-post","status-publish","format-standard","has-post-thumbnail","category-sport","tag-backhaus-max","tag-baumann-frank","tag-deutschland","tag-fc-schalke","tag-gelsenkirchen","tag-germany","tag-kitsch-christian","tag-muslic-miron","tag-sport","tag-sport-leuchtturm-essen","tag-zweite-bundesliga"],"share_on_mastodon":{"url":"https:\/\/pubeurope.com\/@de\/116953438598576257","error":""},"_links":{"self":[{"href":"https:\/\/www.europesays.com\/de\/wp-json\/wp\/v2\/posts\/1180609","targetHints":{"allow":["GET"]}}],"collection":[{"href":"https:\/\/www.europesays.com\/de\/wp-json\/wp\/v2\/posts"}],"about":[{"href":"https:\/\/www.europesays.com\/de\/wp-json\/wp\/v2\/types\/post"}],"author":[{"embeddable":true,"href":"https:\/\/www.europesays.com\/de\/wp-json\/wp\/v2\/users\/2"}],"replies":[{"embeddable":true,"href":"https:\/\/www.europesays.com\/de\/wp-json\/wp\/v2\/comments?post=1180609"}],"version-history":[{"count":0,"href":"https:\/\/www.europesays.com\/de\/wp-json\/wp\/v2\/posts\/1180609\/revisions"}],"wp:featuredmedia":[{"embeddable":true,"href":"https:\/\/www.europesays.com\/de\/wp-json\/wp\/v2\/media\/1180610"}],"wp:attachment":[{"href":"https:\/\/www.europesays.com\/de\/wp-json\/wp\/v2\/media?parent=1180609"}],"wp:term":[{"taxonomy":"category","embeddable":true,"href":"https:\/\/www.europesays.com\/de\/wp-json\/wp\/v2\/categories?post=1180609"},{"taxonomy":"post_tag","embeddable":true,"href":"https:\/\/www.europesays.com\/de\/wp-json\/wp\/v2\/tags?post=1180609"}],"curies":[{"name":"wp","href":"https:\/\/api.w.org\/{rel}","templated":true}]}}