{"id":1180734,"date":"2026-07-20T18:28:24","date_gmt":"2026-07-20T18:28:24","guid":{"rendered":"https:\/\/www.europesays.com\/de\/1180734\/"},"modified":"2026-07-20T18:28:24","modified_gmt":"2026-07-20T18:28:24","slug":"weltrekordversuch-die-glatze-wird-heute-in-berlin-gleich-zweimal-gefeiert-3","status":"publish","type":"post","link":"https:\/\/www.europesays.com\/de\/1180734\/","title":{"rendered":"Weltrekordversuch: Die Glatze wird heute in Berlin gleich zweimal gefeiert"},"content":{"rendered":"<p class=\"paragraph article__item\">Bei gleich zwei Events steht am Samstag in <a class=\"rtr-entity\" href=\"https:\/\/www.zeit.de\/thema\/berlin\" rel=\"nofollow noopener\" target=\"_blank\">Berlin<\/a> die Glatze im Mittelpunkt. Den Start machte eine Veranstaltung im G\u00f6rlitzer Park speziell f\u00fcr Glatzk\u00f6pfe. Der Berliner Adrien Bocquier wollte versuchen, die weltweit gr\u00f6\u00dfte Versammlung an Menschen mit Glatze auf die Beine zu stellen. Das klappte nicht ganz, es kamen 39 Leute, wie er der Deutschen Presse-Agentur sagte.\n<\/p>\n<p>Aktuelles<\/p>\n<p>                <a href=\"https:\/\/www.zeit.de\/2026\/29\/clueso-musiker-erfurt-domplatz-afd-parteitag\" data-ct-label=\"Clueso: \u00bbAngst ist unbequem\u00ab\" data-uuid=\"6ce656cc-588f-461a-b006-595fbb5dc209\" rel=\"nofollow noopener\" target=\"_blank\"><\/p>\n<p>        Z+ (abopflichtiger Inhalt);<\/p>\n<p>    Clueso:<br \/>\n                        \u00bbAngst ist unbequem\u00ab<\/p>\n<p>                <\/a><\/p>\n<p>                <a href=\"https:\/\/www.zeit.de\/politik\/ausland\/2026-06\/alliance-for-responsible-citizenship-konservativismus-europa-christentum\" data-ct-label=\"Alliance for Responsible Citizenship: Sie wollen die Zivilisation retten \u2013 mit D\u00f6pfner, Farage und Gott\" data-uuid=\"c70767c9-f655-46e7-9fb9-640315b2838f\" rel=\"nofollow noopener\" target=\"_blank\"><\/p>\n<p>        Z+ (abopflichtiger Inhalt);<\/p>\n<p>    Alliance for Responsible Citizenship:<br \/>\n                        Sie wollen die Zivilisation retten \u2013 mit D\u00f6pfner, Farage und Gott<\/p>\n<p>                <\/a><\/p>\n<p>                <a href=\"https:\/\/www.zeit.de\/feuilleton\/2026-06\/fusionfestival-hitze-hitzewelle-feiern-veranstaltung\" data-ct-label=\"Fusion Festival: Feiern in der Klimakrise\" data-uuid=\"06295b9b-2b26-4f91-88f8-3b37268fdf16\" rel=\"nofollow noopener\" target=\"_blank\"><\/p>\n<p>        Z+ (abopflichtiger Inhalt);<\/p>\n<p>    Fusion Festival:<br \/>\n                        Feiern in der Klimakrise<\/p>\n<p>                <\/a><\/p>\n<p class=\"paragraph article__item\">Spa\u00df hatten die Teilnehmerinnen und Teilnehmer trotzdem. In kleinen Wettbewerben traten sie gegeneinander an. Wer ist der stylischste Glatzkopf? Wer hat die gl\u00e4nzendste Glatze? Wer die Glatze mit den wenigsten Haaren?\n<\/p>\n<p class=\"paragraph article__item\">Bocquier hat Alopecia und seit seinem 11. Lebensjahr keine Haare mehr. Er selbst habe nie ein Problem mit seiner Glatze gehabt. \u00abAber ich wei\u00df, dass es f\u00fcr andere Leute ein Problem ist.\u00bb Deswegen sei es ihm wichtig, ein spa\u00dfiges Event f\u00fcr alle Menschen ohne Haare zu organisieren. \u00abAu\u00dferdem wollte ich diesen Menschen eine Botschaft vermitteln: eine Botschaft des Selbstbewusstseins.\u00bb\u00a0\n<\/p>\n<p>            Bocquier hatte prominenten Glatzkopf aus den USA eingeladen            <\/p>\n<p class=\"paragraph article__item\">Nat\u00fcrlich war auch ein prominenter Glatzkopf eingeladen, der sich am Samstag zuf\u00e4llig ebenfalls in Berlin aufh\u00e4lt: den US-Rapper Pitbull. Pitbull tritt am Abend auf dem Lollapalooza-Festival im Olympiapark auf. Bocquier hat seinen Weltrekord-Versuch deshalb bewusst auf denselben Tag gelegt. Der Rapper aus Miami tauchte allerdings nicht auf.\n<\/p>\n<p class=\"paragraph article__item\">Es hat sich zur Tradition entwickelt, dass Fans auf Pitbulls Konzerten Glatzenkappe tragen. Bei einem Konzert in London wurde vor einigen Tagen ein Weltrekord aufgestellt: Mit rund 22.100 Teilnehmerinnen und Teilnehmern war es nach Angaben des Guinness Buchs der Rekorde die gr\u00f6\u00dfte Versammlung an Menschen mit Glatzenkappen.\u00a0\n<\/p>\n<p class=\"paragraph article__item\">Auch beim Lollapalooza d\u00fcrften viele Fans mit Fake-Glatzen kommen. Am Samstag werden auf dem Festival rund 50.000 G\u00e4ste erwartet. Theoretisch k\u00f6nnte der Rekord also locker geknackt werden. Gez\u00e4hlt werde aber vonseiten der Veranstalter nicht, sagte eine Sprecherin.\n<\/p>\n<p class=\"paragraph article__item\">\u00a9 dpa-infocom, dpa:260718-930-404068\/3<\/p>\n","protected":false},"excerpt":{"rendered":"Bei gleich zwei Events steht am Samstag in Berlin die Glatze im Mittelpunkt. Den Start machte eine Veranstaltung&hellip;\n","protected":false},"author":2,"featured_media":1180735,"comment_status":"","ping_status":"","sticky":false,"template":"","format":"standard","meta":{"footnotes":"","_share_on_mastodon":"0"},"categories":[1825],"tags":[1941,1939,296,1937,2520,29,30,1924,1940,15,1938,14369,102708],"class_list":["post-1180734","post","type-post","status-publish","format-standard","has-post-thumbnail","category-berlin","tag-aktuelle-nachrichten-aus-berlin","tag-aktuelle-news-aus-berlin","tag-berlin","tag-berlin-news","tag-deutsche-presse-agentur","tag-deutschland","tag-germany","tag-goerlitzer-park","tag-nachrichten-aus-berlin","tag-news","tag-news-aus-berlin","tag-weltrekord","tag-weltrekordversuch"],"share_on_mastodon":{"url":"https:\/\/pubeurope.com\/@de\/116953724076671339","error":""},"_links":{"self":[{"href":"https:\/\/www.europesays.com\/de\/wp-json\/wp\/v2\/posts\/1180734","targetHints":{"allow":["GET"]}}],"collection":[{"href":"https:\/\/www.europesays.com\/de\/wp-json\/wp\/v2\/posts"}],"about":[{"href":"https:\/\/www.europesays.com\/de\/wp-json\/wp\/v2\/types\/post"}],"author":[{"embeddable":true,"href":"https:\/\/www.europesays.com\/de\/wp-json\/wp\/v2\/users\/2"}],"replies":[{"embeddable":true,"href":"https:\/\/www.europesays.com\/de\/wp-json\/wp\/v2\/comments?post=1180734"}],"version-history":[{"count":0,"href":"https:\/\/www.europesays.com\/de\/wp-json\/wp\/v2\/posts\/1180734\/revisions"}],"wp:featuredmedia":[{"embeddable":true,"href":"https:\/\/www.europesays.com\/de\/wp-json\/wp\/v2\/media\/1180735"}],"wp:attachment":[{"href":"https:\/\/www.europesays.com\/de\/wp-json\/wp\/v2\/media?parent=1180734"}],"wp:term":[{"taxonomy":"category","embeddable":true,"href":"https:\/\/www.europesays.com\/de\/wp-json\/wp\/v2\/categories?post=1180734"},{"taxonomy":"post_tag","embeddable":true,"href":"https:\/\/www.europesays.com\/de\/wp-json\/wp\/v2\/tags?post=1180734"}],"curies":[{"name":"wp","href":"https:\/\/api.w.org\/{rel}","templated":true}]}}