{"id":1180740,"date":"2026-07-20T18:31:14","date_gmt":"2026-07-20T18:31:14","guid":{"rendered":"https:\/\/www.europesays.com\/de\/1180740\/"},"modified":"2026-07-20T18:31:14","modified_gmt":"2026-07-20T18:31:14","slug":"kuba-solidaritaetsfest-in-berlin-zieht-tausende-menschen-an","status":"publish","type":"post","link":"https:\/\/www.europesays.com\/de\/1180740\/","title":{"rendered":"Kuba Solidarit\u00e4tsfest in Berlin zieht tausende Menschen an"},"content":{"rendered":"<p><strong>Berlin.<\/strong> Die von Cuba s\u00ed organisierte Open-Air-Veranstaltung &#8222;Fiesta de Solidaridad&#8220; hat am Samstag erneut tausende Menschen angezogen. Die Arbeitsgemeinschaft der Partei Die Linke hatte unter dem Motto &#8222;Mit Kuba k\u00e4mpfen, von Kuba lernen, mit Kuba feiern&#8220;\u00a0zur Teilnahme an der traditionellen Soliveranstaltung in der Parkaue im Ostberliner Bezirk Lichtenberg aufgerufen.<\/p>\n<p>Das gr\u00f6\u00dfte europ\u00e4ische Kuba-Solidarit\u00e4tsfest zog nach Angaben der Organisatoren trotz zahlreicher Parallelveranstaltungen mehr als 3.000 Besucher an. Neben musikalischen Beitr\u00e4gen standen auf dem Programm der achtst\u00fcndigen &#8222;Fiesta de Solidaridad&#8220; auch zahlreiche Diskussionsforen sowie Workshops.<\/p>\n<p>        <a href=\"https:\/\/amerika21.de\/files\/a21\/styles\/bild-voll\/public\/img\/2026\/20260718_fiesta_cubana_parkaue_berlin_97.jpg?itok=0hdHGGa5\" title=\"Parteivorsitzende Ines Schwerdtner und Kubas Botschafterin Juana Mart\u00ednez Gonz\u00e1lez \u25cf QUELLE: Jens Schulze \" class=\"colorbox\" data-colorbox-gallery=\"gallery-all-EH_2z9_dtSo\" data-cbox-img-attrs=\"{&quot;title&quot;: &quot;Parteivorsitzende Ines Schwerdtner und Kubas Botschafterin Juana Mart\u00ednez Gonz\u00e1lez&quot;, &quot;alt&quot;: &quot;Parteivorsitzende Ines Schwerdtner und Kubas Botschafterin Juana Mart\u00ednez Gonz\u00e1lez&quot;}\" rel=\"nofollow noopener\" target=\"_blank\"><img decoding=\"async\" typeof=\"foaf:Image\" class=\"img-responsive\" src=\"https:\/\/www.europesays.com\/de\/wp-content\/uploads\/2026\/07\/20260718_fiesta_cubana_parkaue_berlin_97.jpg\" alt=\"Parteivorsitzende Ines Schwerdtner und Kubas Botschafterin Juana Mart\u00ednez Gonz\u00e1lez\" title=\"Parteivorsitzende Ines Schwerdtner und Kubas Botschafterin Juana Mart\u00ednez Gonz\u00e1lez\"\/><\/a>      <\/p>\n<p>Der politische H\u00f6hepunkt war eine Gespr\u00e4chsrunde auf der Hauptb\u00fchne mit der Parteivorsitzenden der Partei Die Linke,\u00a0Ines Schwerdtner, sowie der Botschafterin der Republik Kuba in der Bundesrepublik Deutschland, Juana Mart\u00ednez. In ihrem Statement sprach die im Juni wiedergew\u00e4hlte Parteivorsitzende von der Herausforderung, die neuen und oftmals jungen Parteimitglieder f\u00fcr das Thema Kuba zu interessieren, und hob die Relevanz der politischen Bildungsarbeit hervor. Auch betonte sie die Bedeutung der politischen und materiellen Solidarit\u00e4tsarbeit der mittlerweile mehr als 800 Mitglieder z\u00e4hlenden Arbeitsgemeinschaft Cuba s\u00ed und gratulierte zu ihrem 35-j\u00e4hrigen Bestehen. Die Repr\u00e4sentantin der sozialistisch regierten Karibikinsel betonte die gro\u00dfe Bedeutung der am 23. Juli 1991 gegr\u00fcndeten Organisation und \u00fcbergab ein Dankschreiben von Fernando Gonzalez Llort, dem Pr\u00e4sidenten des Kubanischen Institutes f\u00fcr V\u00f6lkerfreundschaft.<\/p>\n<p>Derzeit f\u00fchrt Cuba s\u00ed die Kampagne &#8222;Energie f\u00fcr die Revolution&#8220; zur Unterst\u00fctzung des Landes beim Umbau der Energiematrix in den Bereichen Bildung, Gesundheit und Kultur durch. Weitere Gru\u00dfbotschaften und Solidarit\u00e4tsadressen \u00fcberbrachten der direkt gew\u00e4hlte Berliner Bundestagsabgeordnete Ferat Ko\u00e7ak sowie der ehemalige Vorsitzende der Rosa-Luxemburg-Stiftung, Heinz Bierbaum. Kulturelle H\u00f6hepunkte der Fiesta waren der gemeinsame Auftritt des kubanischen Musikers Tony \u00c0vila mit dem Berliner Liedermacher Tobias Thiele sowie von Tino Eisbrenner und Mellow Mark.<\/p>\n<p>Besonderen Zuspruch erfuhren\u00a0die Diskussionsrunden im Debattenzelt, in denen \u00fcber die Themen Gewerkschafter f\u00fcr Kuba, Internationalismus und Frieden, die Jugend und Kuba sowie \u00fcber den Zusammenhang von Kultur und Widerstand diskutiert wurde. Eingeladen hierzu war der algerisch-franz\u00f6sische K\u00fcnstler Mustapha Boutadjine, der Cuba s\u00ed anl\u00e4sslich des am 13. August anstehenden 100. Geburtstages von Fidel Castro ein Gro\u00dfportr\u00e4t \u00fcbergab und dessen Werke zuletzt in der Rosa-Luxemburg-Stiftung ausgestellt waren.<\/p>\n<p>Auf der Fiesta pr\u00e4sentierten sich wie bereits in den Vorjahren zahlreiche weitere Solidarit\u00e4tsorganisationen, Jugendorganisationen wie solid und SDS, Nachbarschaftsinitiativen sowie internationalistische Vereine und Initiativen. Moderiert wurde die Veranstaltung von der Schauspielerin und Filmemacherin Esther Zimmering. Der Dank der Organisatoren gilt den unz\u00e4hligen ehrenamtlichen Helfern aus dem gesamten Bundesgebiet. Ohne ihr Engagement w\u00e4re das Kuba-Solidarit\u00e4tsfest in diesen Zeiten politisch nicht m\u00f6glich.<\/p>\n<p>Die n\u00e4chste Fiesta de Solidaridad wird aller Voraussicht nach am 24. Juli 2027 stattfinden.<\/p>\n","protected":false},"excerpt":{"rendered":"Berlin. Die von Cuba s\u00ed organisierte Open-Air-Veranstaltung &#8222;Fiesta de Solidaridad&#8220; hat am Samstag erneut tausende Menschen angezogen. Die&hellip;\n","protected":false},"author":2,"featured_media":1180741,"comment_status":"","ping_status":"","sticky":false,"template":"","format":"standard","meta":{"footnotes":"","_share_on_mastodon":"0"},"categories":[1825],"tags":[296,29,30,4047],"class_list":["post-1180740","post","type-post","status-publish","format-standard","has-post-thumbnail","category-berlin","tag-berlin","tag-deutschland","tag-germany","tag-kuba"],"share_on_mastodon":{"url":"","error":""},"_links":{"self":[{"href":"https:\/\/www.europesays.com\/de\/wp-json\/wp\/v2\/posts\/1180740","targetHints":{"allow":["GET"]}}],"collection":[{"href":"https:\/\/www.europesays.com\/de\/wp-json\/wp\/v2\/posts"}],"about":[{"href":"https:\/\/www.europesays.com\/de\/wp-json\/wp\/v2\/types\/post"}],"author":[{"embeddable":true,"href":"https:\/\/www.europesays.com\/de\/wp-json\/wp\/v2\/users\/2"}],"replies":[{"embeddable":true,"href":"https:\/\/www.europesays.com\/de\/wp-json\/wp\/v2\/comments?post=1180740"}],"version-history":[{"count":0,"href":"https:\/\/www.europesays.com\/de\/wp-json\/wp\/v2\/posts\/1180740\/revisions"}],"wp:featuredmedia":[{"embeddable":true,"href":"https:\/\/www.europesays.com\/de\/wp-json\/wp\/v2\/media\/1180741"}],"wp:attachment":[{"href":"https:\/\/www.europesays.com\/de\/wp-json\/wp\/v2\/media?parent=1180740"}],"wp:term":[{"taxonomy":"category","embeddable":true,"href":"https:\/\/www.europesays.com\/de\/wp-json\/wp\/v2\/categories?post=1180740"},{"taxonomy":"post_tag","embeddable":true,"href":"https:\/\/www.europesays.com\/de\/wp-json\/wp\/v2\/tags?post=1180740"}],"curies":[{"name":"wp","href":"https:\/\/api.w.org\/{rel}","templated":true}]}}