{"id":1180769,"date":"2026-07-20T18:50:56","date_gmt":"2026-07-20T18:50:56","guid":{"rendered":"https:\/\/www.europesays.com\/de\/1180769\/"},"modified":"2026-07-20T18:50:56","modified_gmt":"2026-07-20T18:50:56","slug":"uebach-palenberg-mann-flieht-vor-polizei-gestohlene-kennzeichen-entdeckt","status":"publish","type":"post","link":"https:\/\/www.europesays.com\/de\/1180769\/","title":{"rendered":"\u00dcbach-Palenberg: Mann flieht vor Polizei \u2013 gestohlene Kennzeichen entdeckt"},"content":{"rendered":"<p>\u00dcbach-Palenberg <\/p>\n<p>Mann flieht vor Polizei \u2013 gestohlene Kennzeichen entdeckt<\/p>\n<p>20.07.2026 &#8211; 13:22 UhrLesedauer: 1 Min.<\/p>\n<p><a href=\"#focus-0\" class=\"transition-colors block text-current relative\" data-sctrack=\"FocusGalleryImage.Reference\"><img fetchpriority=\"high\" data-testid=\"Opener.Image\"   loading=\"eager\" src=\"https:\/\/www.europesays.com\/de\/wp-content\/uploads\/2026\/07\/ahrensburg-symbolfoto-blaulicht-14-072026-aufschrift-polizei-auf-polizeiauto-mit-blaulicht-symbolfot.jpeg\" alt=\"imago images 0862015431\" title=\"imago images 0862015431\" width=\"4500\" height=\"2531\" class=\"bg-[url:var(--lqipURL)] bg-cover bg-center flex h-full w-full max-w-full\" style=\"--lqipURL:url('https:\/\/images.t-online.de\/2026\/07\/cSVQz4Bn06Vi\/0x234:4500x2531\/fit-in\/150x0\/filters:blur(25)\/ahrensburg-symbolfoto-blaulicht-14-072026-aufschrift-polizei-auf-polizeiauto-mit-blaulicht-symbolfoto-blaulicht-14-072026-ahrensburg-stock-photo-of-a-blue-light-july-14-2026-police-lettering-on-a-police-car-with-a-blue-light-stock-photo-of-a-blue-light-july-14-2026-copyright-xeibner-pressefoto-marcelxvonxfehrnx-ep-mfn.jpg')\" decoding=\"async\"\/><img loading=\"lazy\" src=\"https:\/\/aachen.t-online.de\/s\/paper\/_next\/static\/media\/zoom-in.f7dae02f.svg\" alt=\"Vergr\u00f6\u00dfern des Bildes\" title=\"Vergr\u00f6\u00dfern des Bildes\" class=\"block h-[calc(var(--height)_\/_16_*_1rem)] w-[calc(var(--width)_\/_16_*_1rem)] max-w-none absolute right-8 bottom-8 rounded-4 bg-snow p-8\" style=\"--width:32;--height:32\" decoding=\"async\"\/><\/a><\/p>\n<p>Polizeiauto (Symbolbild): Ein alkolosierter 48-J\u00e4hriger versuchte, sich einer Polizei-Kontrolle zu entziehen. (Quelle: IMAGO\/Eibner-Pressefoto\/Marcel von Fehrn\/imago)<\/p>\n<p><img loading=\"lazy\" src=\"https:\/\/aachen.t-online.de\/s\/paper\/_next\/static\/media\/audio-volume.6689034c.svg\" alt=\"\" title=\"\" class=\"block h-[calc(var(--height)_\/_16_*_1rem)] w-[calc(var(--width)_\/_16_*_1rem)] max-w-none group-hover:brightness-0 group-hover:invert\" style=\"--width:16;--height:16\" decoding=\"async\"\/>Vorlesen<\/p>\n<p>Aktuelle Zeit:0:00Gesamtdauer:0:00<\/p>\n<p>1x<\/p>\n<p class=\"text-center\">Jetzt neu bei t-online:<\/p>\n<p class=\"text-center\">Schriftgr\u00f6\u00dfe anpassen!<\/p>\n<p><img loading=\"lazy\" src=\"https:\/\/aachen.t-online.de\/s\/paper\/_next\/static\/media\/font-sizes.32942e33.svg\" alt=\"\" title=\"\" class=\"block h-[calc(var(--height)_\/_16_*_1rem)] w-[calc(var(--width)_\/_16_*_1rem)] max-w-none group-hover:hidden group-aria-expanded:hidden\" style=\"--width:16;--height:16\" decoding=\"async\"\/><img loading=\"lazy\" src=\"https:\/\/aachen.t-online.de\/s\/paper\/_next\/static\/media\/font-sizes-dark-mode.e382645c.svg\" alt=\"\" title=\"\" class=\"block h-[calc(var(--height)_\/_16_*_1rem)] w-[calc(var(--width)_\/_16_*_1rem)] max-w-none hidden group-hover:block group-aria-expanded:block\" style=\"--width:16;--height:16\" decoding=\"async\"\/><img loading=\"lazy\" src=\"https:\/\/aachen.t-online.de\/s\/paper\/_next\/static\/media\/sharing-menu-icon.1eb71368.svg\" alt=\"\" title=\"\" class=\"block h-[calc(var(--height)_\/_16_*_1rem)] w-[calc(var(--width)_\/_16_*_1rem)] max-w-none group-hover:brightness-0 group-hover:invert\" style=\"--width:16;--height:16\" decoding=\"async\"\/>Artikel teilen<\/p>\n<p class=\"font-bold text-18 leading-17 user-text-lg:text-22 user-text-xl:text-24\">Die Bundespolizei stoppt einen Autofahrer nach kurzer Verfolgung. Bei der Kontrolle zeigt sich der Grund f\u00fcr seine Flucht.<\/p>\n<p class=\"text-18 leading-17 user-text-lg:text-22 user-text-xl:text-24\">In \u00dcbach-Palenberg hat die Bundespolizei in der Nacht zum Sonntag einen 48-j\u00e4hrigen Autofahrer festgenommen. Der Mann hatte sich zuvor einer Kontrolle entzogen.<\/p>\n<p class=\"text-18 leading-17 user-text-lg:text-22 user-text-xl:text-24\">Gegen 3 Uhr wollten Beamte der Bundespolizei Aachen ein Fahrzeug in Herzogenrath\/Merkstein anhalten. Der deutsche Fahrer habe trotz Anhaltesignalen nicht gestoppt, so die Bundespolizei. Er sei in Richtung \u00dcbach-Palenberg gefl\u00fcchtet. Kurz vor der Wurmtalbr\u00fccke habe er das Auto zum Stehen gebracht und versucht, zu Fu\u00df zu entkommen.<\/p>\n<p>48-j\u00e4hriger Fahrer war alkoholisiert<\/p>\n<p class=\"text-18 leading-17 user-text-lg:text-22 user-text-xl:text-24\">Die Beamten nahmen den Mann noch vor Ort fest. Bei der Kontrolle stellten sie fest: Am Fahrzeug waren zwei unterschiedliche Kennzeichen angebracht. Beide seien wegen Diebstahls zur Fahndung ausgeschrieben gewesen, wie die Bundespolizei mitteilte.<\/p>\n<p class=\"text-18 leading-17 user-text-lg:text-22 user-text-xl:text-24\">Der 48-J\u00e4hrige habe nach Alkohol gerochen, nach Angaben der Bundespolizei. Ein Atemalkoholtest habe etwa 0,5 Promille ergeben. Der Mann muss sich nun wegen mehrerer Vorw\u00fcrfe verantworten: Verdacht des Diebstahls, des Kennzeichenmissbrauchs, des Fahrens ohne Versicherungsschutz und des Fahrens unter Alkoholeinfluss.<\/p>\n<p class=\"text-18 leading-17 user-text-lg:text-22 user-text-xl:text-24\">Eine Streife der Landespolizei Heinsberg \u00fcbernahm die weiteren Ma\u00dfnahmen. Die Beamten brachten den Festgenommenen zur Wache Geilenkirchen.<\/p>\n","protected":false},"excerpt":{"rendered":"\u00dcbach-Palenberg Mann flieht vor Polizei \u2013 gestohlene Kennzeichen entdeckt 20.07.2026 &#8211; 13:22 UhrLesedauer: 1 Min. Polizeiauto (Symbolbild): Ein&hellip;\n","protected":false},"author":2,"featured_media":1178816,"comment_status":"","ping_status":"","sticky":false,"template":"","format":"standard","meta":{"footnotes":"","_share_on_mastodon":"0"},"categories":[1853],"tags":[722,17161,1424,513,421,3364,29,548,663,3934,514,30,13,18024,63727,14,15,1209,121,15580,12,62701,16717],"class_list":["post-1180769","post","type-post","status-publish","format-standard","has-post-thumbnail","category-aachen","tag-722","tag-17161","tag-aachen","tag-auto","tag-bundespolizei","tag-de","tag-deutschland","tag-eu","tag-europa","tag-europe","tag-fahrzeug","tag-germany","tag-headlines","tag-herzogenrath","tag-merkstein","tag-nachrichten","tag-news","tag-nordrhein-westfalen","tag-polizei","tag-polizeiauto","tag-schlagzeilen","tag-uebach-palenberg","tag-verfolgung"],"share_on_mastodon":{"url":"https:\/\/pubeurope.com\/@de\/116953816548624807","error":""},"_links":{"self":[{"href":"https:\/\/www.europesays.com\/de\/wp-json\/wp\/v2\/posts\/1180769","targetHints":{"allow":["GET"]}}],"collection":[{"href":"https:\/\/www.europesays.com\/de\/wp-json\/wp\/v2\/posts"}],"about":[{"href":"https:\/\/www.europesays.com\/de\/wp-json\/wp\/v2\/types\/post"}],"author":[{"embeddable":true,"href":"https:\/\/www.europesays.com\/de\/wp-json\/wp\/v2\/users\/2"}],"replies":[{"embeddable":true,"href":"https:\/\/www.europesays.com\/de\/wp-json\/wp\/v2\/comments?post=1180769"}],"version-history":[{"count":0,"href":"https:\/\/www.europesays.com\/de\/wp-json\/wp\/v2\/posts\/1180769\/revisions"}],"wp:featuredmedia":[{"embeddable":true,"href":"https:\/\/www.europesays.com\/de\/wp-json\/wp\/v2\/media\/1178816"}],"wp:attachment":[{"href":"https:\/\/www.europesays.com\/de\/wp-json\/wp\/v2\/media?parent=1180769"}],"wp:term":[{"taxonomy":"category","embeddable":true,"href":"https:\/\/www.europesays.com\/de\/wp-json\/wp\/v2\/categories?post=1180769"},{"taxonomy":"post_tag","embeddable":true,"href":"https:\/\/www.europesays.com\/de\/wp-json\/wp\/v2\/tags?post=1180769"}],"curies":[{"name":"wp","href":"https:\/\/api.w.org\/{rel}","templated":true}]}}