{"id":1180805,"date":"2026-07-20T19:14:29","date_gmt":"2026-07-20T19:14:29","guid":{"rendered":"https:\/\/www.europesays.com\/de\/1180805\/"},"modified":"2026-07-20T19:14:29","modified_gmt":"2026-07-20T19:14:29","slug":"angriff-auf-basis-engels-2-ukraine-zerstoert-wichtigen-strategischen-bomber-russlands","status":"publish","type":"post","link":"https:\/\/www.europesays.com\/de\/1180805\/","title":{"rendered":"Angriff auf Basis Engels-2: Ukraine zerst\u00f6rt wichtigen strategischen Bomber Russlands"},"content":{"rendered":"<p>Angriff auf Basis Engels-2Ukraine zerst\u00f6rt wichtigen strategischen Bomber Russlands20.07.2026, 20:27 Uhr<\/p>\n<p class=\"Typography_text-m__XI0da Typography_weight-normal__pqUbH\">Mit einem Drohnenangriff gelingt der Ukraine ein empfindlicher Schlag gegen die russische Luftwaffe. Auf dem strategisch wichtigen Luftwaffenst\u00fctzpunkt Engels-2 wird ein Bomber vom Typ Tu-95MS schwer besch\u00e4digt. Die Basis ist die wichtigste ihrer Art im europ\u00e4ischen Teil Russlands.<\/p>\n","protected":false},"excerpt":{"rendered":"Angriff auf Basis Engels-2Ukraine zerst\u00f6rt wichtigen strategischen Bomber Russlands20.07.2026, 20:27 Uhr Mit einem Drohnenangriff gelingt der Ukraine ein&hellip;\n","protected":false},"author":2,"featured_media":1180806,"comment_status":"","ping_status":"","sticky":false,"template":"","format":"standard","meta":{"footnotes":"","_share_on_mastodon":"0"},"categories":[4012],"tags":[331,332,661,662,13,24619,14,15,307,12,317,3081],"class_list":["post-1180805","post","type-post","status-publish","format-standard","has-post-thumbnail","category-ukraine","tag-aktuelle-nachrichten","tag-aktuelle-news","tag-angriff-auf-die-ukraine","tag-atomwaffen","tag-headlines","tag-luftangriffe","tag-nachrichten","tag-news","tag-russland","tag-schlagzeilen","tag-ukraine","tag-ukraine-konflikt"],"share_on_mastodon":{"url":"https:\/\/pubeurope.com\/@de\/116953905395630000","error":""},"_links":{"self":[{"href":"https:\/\/www.europesays.com\/de\/wp-json\/wp\/v2\/posts\/1180805","targetHints":{"allow":["GET"]}}],"collection":[{"href":"https:\/\/www.europesays.com\/de\/wp-json\/wp\/v2\/posts"}],"about":[{"href":"https:\/\/www.europesays.com\/de\/wp-json\/wp\/v2\/types\/post"}],"author":[{"embeddable":true,"href":"https:\/\/www.europesays.com\/de\/wp-json\/wp\/v2\/users\/2"}],"replies":[{"embeddable":true,"href":"https:\/\/www.europesays.com\/de\/wp-json\/wp\/v2\/comments?post=1180805"}],"version-history":[{"count":0,"href":"https:\/\/www.europesays.com\/de\/wp-json\/wp\/v2\/posts\/1180805\/revisions"}],"wp:featuredmedia":[{"embeddable":true,"href":"https:\/\/www.europesays.com\/de\/wp-json\/wp\/v2\/media\/1180806"}],"wp:attachment":[{"href":"https:\/\/www.europesays.com\/de\/wp-json\/wp\/v2\/media?parent=1180805"}],"wp:term":[{"taxonomy":"category","embeddable":true,"href":"https:\/\/www.europesays.com\/de\/wp-json\/wp\/v2\/categories?post=1180805"},{"taxonomy":"post_tag","embeddable":true,"href":"https:\/\/www.europesays.com\/de\/wp-json\/wp\/v2\/tags?post=1180805"}],"curies":[{"name":"wp","href":"https:\/\/api.w.org\/{rel}","templated":true}]}}