{"id":1180818,"date":"2026-07-20T19:22:19","date_gmt":"2026-07-20T19:22:19","guid":{"rendered":"https:\/\/www.europesays.com\/de\/1180818\/"},"modified":"2026-07-20T19:22:19","modified_gmt":"2026-07-20T19:22:19","slug":"iranische-angriffe-auf-jordanien-19-jaehrige-unter-getoeteten-us-soldaten-im-nahen-osten","status":"publish","type":"post","link":"https:\/\/www.europesays.com\/de\/1180818\/","title":{"rendered":"Iranische Angriffe auf Jordanien: 19-J\u00e4hrige unter get\u00f6teten US-Soldaten im Nahen Osten"},"content":{"rendered":"<p>Iranische Angriffe auf Jordanien19-J\u00e4hrige unter get\u00f6teten US-Soldaten im Nahen Osten<\/p>\n<p>20.07.2026, 19:16 Uhr <\/p>\n<p>Artikel anh\u00f6ren(01:57 min)<\/p>\n<p><img decoding=\"async\" class=\"Image_img__fQCi0 Image_Img_16_9__4BLfH widget-picture-inline_maximizable__t_E7h\" loading=\"eager\" fetchpriority=\"high\" src=\"https:\/\/www.europesays.com\/de\/wp-content\/uploads\/2026\/07\/This-satellite-image-from-Planet-Labs-PBC-shows-Muwaffaq-Salti-Air-Base-in-Jordan-on-Saturday-Feb-21.webp\" alt=\"This-satellite-image-from-Planet-Labs-PBC-shows-Muwaffaq-Salti-Air-Base-in-Jordan-on-Saturday-Feb-21-2026\"\/>Ein Satellitenbild des US-St\u00fctzpunktes in Jordanien von Anfang 2026. (Foto: picture alliance \/ ASSOCIATED PRESS)TeilenFolgen auf:<a href=\"https:\/\/www.whatsapp.com\/channel\/0029Va5cdVJD8SDp5YZgYF01\" title=\"Auf WhatsApp folgen\" target=\"_blank\" rel=\"nofollow noopener\"><img decoding=\"async\" src=\"https:\/\/www.n-tv.de\/socialIcons\/whatsapp.svg\" alt=\"whatsapp\" class=\"ArticleShare_icon__FsrC2\"\/><\/a><a href=\"https:\/\/www.google.com\/preferences\/source?q=n-tv.de\" title=\"ntv als bevorzugte Quelle auf Google hinzuf\u00fcgen\" target=\"_blank\" rel=\"nofollow noopener\"><img decoding=\"async\" src=\"https:\/\/www.n-tv.de\/socialIcons\/google.svg\" alt=\"whatsapp\" class=\"ArticleShare_icon__FsrC2\"\/><\/a><\/p>\n<p class=\"Typography_text-m__XI0da Typography_weight-bold__uT6mq storyline_lead_text_leadtext__q_wg8\">Die Eskalation zwischen dem Iran und den USA kostet am Wochenende auch mehrere US-Soldaten das Leben. Nun ver\u00f6ffentlicht das Verteidigungsministerium in Washington die Identit\u00e4t von zwei get\u00f6teten Milit\u00e4rangeh\u00f6rigen. <\/p>\n<p class=\"Typography_text-default__P3otY Typography_weight-normal__pqUbH storyline_paragraph_p__qSR5N\">Das Pentagon hat zwei Angeh\u00f6rige der US-Armee identifiziert, die am Wochenende bei iranischen Angriffen auf einen Milit\u00e4rst\u00fctzpunkt in Jordanien get\u00f6tet wurden. Dabei handelt es sich um die 19-j\u00e4hrige Soldatin Isabella Gonzales aus dem US-Bundesstaat Texas und den 25 Jahre alten Oberleutnant Tyler James Feehan aus Hawaii. <\/p>\n<p class=\"Typography_text-default__P3otY Typography_weight-normal__pqUbH storyline_paragraph_p__qSR5N\">Laut US-Verteidigungsministerium waren die beiden an einer internationalen Mission gegen die Terrormiliz Islamischer Staat im Irak beteiligt. Diese endet im September auf Beschluss der Irakis. Die beiden Soldaten seien get\u00f6tet worden, als sich die US-Armee und verb\u00fcndete Truppen in Jordanien auf der<b class=\"bold\"> <\/b>Muwaffaq Salti Air Base<b class=\"bold\"> <\/b>&#8222;gegen iranische Raketen- und Drohnenangriffe verteidigten&#8220;, hie\u00df es. <\/p>\n<p class=\"Typography_text-default__P3otY Typography_weight-normal__pqUbH storyline_paragraph_p__qSR5N\">Ein dritter Soldat gilt seit dem Angriff als vermisst. Am Sonntag hatte das Pentagon mitgeteilt, dass nicht identifizierte sterbliche \u00dcberreste gefunden worden seien. Vier weitere US-Soldaten wurden in ein Krankenhaus in Jordanien evakuiert und inzwischen wieder entlassen. Weitere Soldaten seien wegen leichter Verletzungen behandelt worden.<\/p>\n<p class=\"Typography_text-default__P3otY Typography_weight-normal__pqUbH storyline_paragraph_p__qSR5N\">Zuletzt war der Krieg zwischen den USA und dem Iran wieder eskaliert. Die US-Armee \u00fcberzog den Iran in der Nacht zum Samstag den siebten Tag in Folge mit einer Angriffswelle. Der Iran attackierte seinerseits erneut Ziele in mehreren Golfstaaten.<\/p>\n<p class=\"Typography_text-s__wu_cm Typography_weight-normal__pqUbH Typography_color-darkgrey__sZEnP article-detail-footer_source__KslPc\">Quelle: ntv.de, dsc\/AFP<\/p>\n","protected":false},"excerpt":{"rendered":"Iranische Angriffe auf Jordanien19-J\u00e4hrige unter get\u00f6teten US-Soldaten im Nahen Osten 20.07.2026, 19:16 Uhr Artikel anh\u00f6ren(01:57 min) Ein Satellitenbild&hellip;\n","protected":false},"author":2,"featured_media":1180819,"comment_status":"","ping_status":"","sticky":false,"template":"","format":"standard","meta":{"footnotes":"","_share_on_mastodon":"0"},"categories":[5],"tags":[331,332,3364,29,30,13,345,186871,22814,14,15,16,12,14953,64],"class_list":["post-1180818","post","type-post","status-publish","format-standard","has-post-thumbnail","category-nachrichten","tag-aktuelle-nachrichten","tag-aktuelle-news","tag-de","tag-deutschland","tag-germany","tag-headlines","tag-iran","tag-iran-krieg","tag-jordanien","tag-nachrichten","tag-news","tag-politik","tag-schlagzeilen","tag-us-militaer","tag-usa"],"share_on_mastodon":{"url":"https:\/\/pubeurope.com\/@de\/116953937715932928","error":""},"_links":{"self":[{"href":"https:\/\/www.europesays.com\/de\/wp-json\/wp\/v2\/posts\/1180818","targetHints":{"allow":["GET"]}}],"collection":[{"href":"https:\/\/www.europesays.com\/de\/wp-json\/wp\/v2\/posts"}],"about":[{"href":"https:\/\/www.europesays.com\/de\/wp-json\/wp\/v2\/types\/post"}],"author":[{"embeddable":true,"href":"https:\/\/www.europesays.com\/de\/wp-json\/wp\/v2\/users\/2"}],"replies":[{"embeddable":true,"href":"https:\/\/www.europesays.com\/de\/wp-json\/wp\/v2\/comments?post=1180818"}],"version-history":[{"count":0,"href":"https:\/\/www.europesays.com\/de\/wp-json\/wp\/v2\/posts\/1180818\/revisions"}],"wp:featuredmedia":[{"embeddable":true,"href":"https:\/\/www.europesays.com\/de\/wp-json\/wp\/v2\/media\/1180819"}],"wp:attachment":[{"href":"https:\/\/www.europesays.com\/de\/wp-json\/wp\/v2\/media?parent=1180818"}],"wp:term":[{"taxonomy":"category","embeddable":true,"href":"https:\/\/www.europesays.com\/de\/wp-json\/wp\/v2\/categories?post=1180818"},{"taxonomy":"post_tag","embeddable":true,"href":"https:\/\/www.europesays.com\/de\/wp-json\/wp\/v2\/tags?post=1180818"}],"curies":[{"name":"wp","href":"https:\/\/api.w.org\/{rel}","templated":true}]}}