{"id":1180992,"date":"2026-07-20T21:20:18","date_gmt":"2026-07-20T21:20:18","guid":{"rendered":"https:\/\/www.europesays.com\/de\/1180992\/"},"modified":"2026-07-20T21:20:18","modified_gmt":"2026-07-20T21:20:18","slug":"vorsicht-im-auwald-stadt-prueft-baeume-auf-schaeden-und-beseitigt-gefahrenstellen-%c2%b7-leipziger-zeitung","status":"publish","type":"post","link":"https:\/\/www.europesays.com\/de\/1180992\/","title":{"rendered":"Vorsicht im Auwald: Stadt pr\u00fcft B\u00e4ume auf Sch\u00e4den und beseitigt Gefahrenstellen \u00b7 Leipziger Zeitung"},"content":{"rendered":"<p class=\"wp-block-paragraph\">Die Stadt Leipzig bittet alle Besucherinnen und Besucher des Auwalds aktuell um besondere Aufmerksamkeit. Gesch\u00e4digte B\u00e4ume stellen eine erhebliche Gefahrenquelle dar. Um die Sicherheit entlang von Wegen und Stra\u00dfen zu erh\u00f6hen, f\u00fchrt die Abteilung Stadtforsten derzeit verst\u00e4rkt Verkehrssicherungsma\u00dfnahmen an Schwerpunkten des Leipziger Auwalds durch.<\/p>\n<p class=\"wp-block-paragraph\">Betroffen sind unter anderem Bereiche an der Koburger Stra\u00dfe, an der B2 am Goethesteig sowie im Leipziger Rosental. Fachkr\u00e4fte des Amtes f\u00fcr Stadtgr\u00fcn und Gew\u00e4sser pr\u00fcfen dort B\u00e4ume auf erkennbare Sch\u00e4den und beseitigen die Gefahrenstellen, soweit dies erforderlich ist. W\u00e4hrend der Arbeiten kann es \u00f6rtlich zu Einschr\u00e4nkungen und kurzfristigen Sperrungen von Wegen kommen.<\/p>\n<p class=\"wp-block-paragraph\">Die Stadt Leipzig empfiehlt, ausschlie\u00dflich die freigegebenen Wege des Auwalds zu nutzen, Absperrungen und Hinweise zu beachten sowie bei Wind, Niederschlag oder gesch\u00e4digten B\u00e4umen besonders vorsichtig zu sein. Von abgestorbenen, schiefstehenden oder besch\u00e4digt wirkenden B\u00e4umen sollte ausreichend Abstand gehalten werden. Das Betreten gesperrter Bereiche ist nicht zul\u00e4ssig. <strong>Weitere aktuelle Hinweise<\/strong>: <a href=\"https:\/\/www.leipzig.de\/leben-in-leipzig\/natur-und-umwelt\/parks-waelder-und-friedhoefe\/stadtwald-und-auenwald\/stadtwaldranger\/hinweise-zu-aktuellen-gefahren-im-wald\" target=\"_blank\" rel=\"noreferrer noopener nofollow\">www.leipzig.de\/waldgefahren<\/a>.<\/p>\n<p class=\"wp-block-paragraph\">Spazierg\u00e4nge im Auwald sind derzeit mit besonderen Risiken verbunden. Die Sch\u00e4den sind nicht immer auf den ersten Blick erkennbar. Eschentriebsterben und die Folgen der Trockenjahre k\u00f6nnen dazu f\u00fchren, dass \u00c4ste oder auch \u00e4u\u00dferlich noch gesund wirkende B\u00e4ume umst\u00fcrzen.<\/p>\n<p class=\"wp-block-paragraph\">Zwar erholen sich Baumkronen nach den Trockenjahren teilweise sichtbar, das Wurzelwerk kann diese Entwicklung jedoch h\u00e4ufig nicht im gleichen Ma\u00df nachvollziehen. Das Verh\u00e4ltnis zwischen Krone und Wurzeln ger\u00e4t dadurch aus dem Gleichgewicht. Gleichzeitig k\u00f6nnen Pilze geschw\u00e4chte oder besch\u00e4digte Wurzel- und Stammbereiche besiedeln und zu F\u00e4ulnis f\u00fchren. Dies kann die Standsicherheit erheblich beeintr\u00e4chtigen. Besonders betroffen sind Eschen, die durch das Eschentriebsterben geschw\u00e4cht sind. Aber auch bei Ahornb\u00e4umen k\u00f6nnen Sch\u00e4den auftreten.<\/p>\n","protected":false},"excerpt":{"rendered":"Die Stadt Leipzig bittet alle Besucherinnen und Besucher des Auwalds aktuell um besondere Aufmerksamkeit. Gesch\u00e4digte B\u00e4ume stellen eine&hellip;\n","protected":false},"author":2,"featured_media":255100,"comment_status":"","ping_status":"","sticky":false,"template":"","format":"standard","meta":{"footnotes":"","_share_on_mastodon":"0"},"categories":[1832],"tags":[19678,3364,29,30,71,859],"class_list":["post-1180992","post","type-post","status-publish","format-standard","has-post-thumbnail","category-leipzig","tag-auwald","tag-de","tag-deutschland","tag-germany","tag-leipzig","tag-sachsen"],"share_on_mastodon":{"url":"","error":""},"_links":{"self":[{"href":"https:\/\/www.europesays.com\/de\/wp-json\/wp\/v2\/posts\/1180992","targetHints":{"allow":["GET"]}}],"collection":[{"href":"https:\/\/www.europesays.com\/de\/wp-json\/wp\/v2\/posts"}],"about":[{"href":"https:\/\/www.europesays.com\/de\/wp-json\/wp\/v2\/types\/post"}],"author":[{"embeddable":true,"href":"https:\/\/www.europesays.com\/de\/wp-json\/wp\/v2\/users\/2"}],"replies":[{"embeddable":true,"href":"https:\/\/www.europesays.com\/de\/wp-json\/wp\/v2\/comments?post=1180992"}],"version-history":[{"count":0,"href":"https:\/\/www.europesays.com\/de\/wp-json\/wp\/v2\/posts\/1180992\/revisions"}],"wp:featuredmedia":[{"embeddable":true,"href":"https:\/\/www.europesays.com\/de\/wp-json\/wp\/v2\/media\/255100"}],"wp:attachment":[{"href":"https:\/\/www.europesays.com\/de\/wp-json\/wp\/v2\/media?parent=1180992"}],"wp:term":[{"taxonomy":"category","embeddable":true,"href":"https:\/\/www.europesays.com\/de\/wp-json\/wp\/v2\/categories?post=1180992"},{"taxonomy":"post_tag","embeddable":true,"href":"https:\/\/www.europesays.com\/de\/wp-json\/wp\/v2\/tags?post=1180992"}],"curies":[{"name":"wp","href":"https:\/\/api.w.org\/{rel}","templated":true}]}}