{"id":118108,"date":"2025-05-17T16:00:14","date_gmt":"2025-05-17T16:00:14","guid":{"rendered":"https:\/\/www.europesays.com\/de\/118108\/"},"modified":"2025-05-17T16:00:14","modified_gmt":"2025-05-17T16:00:14","slug":"baden-wuerttemberg-trotz-niederlage-waldhof-mannheim-bleibt-drittklassig","status":"publish","type":"post","link":"https:\/\/www.europesays.com\/de\/118108\/","title":{"rendered":"Baden-W\u00fcrttemberg: Trotz Niederlage: Waldhof Mannheim bleibt drittklassig"},"content":{"rendered":"<p>                    Baden-W\u00fcrttemberg<br \/>\n                Trotz Niederlage: Waldhof Mannheim bleibt drittklassig<\/p>\n<p>\t\t\t\t              17.05.2025, 15:40 Uhr<\/p>\n<p><strong>Mannheim verliert in Bielefeld und darf trotzdem jubeln: Die Kurpf\u00e4lzer haben den Abstieg in die Regionalliga verhindert.<\/strong><\/p>\n<p>Bielefeld (dpa\/lsw) &#8211; Der SV Waldhof Mannheim hat trotz einer 0:1 (0:0)-Niederlage bei Zweitliga-Aufsteiger Arminia Bielefeld den Klassenerhalt in der 3. Fu\u00dfball-Liga geschafft. Die Kurpf\u00e4lzer profitierten dabei auch von der Niederlage von Borussia Dortmund II beim 1. FC Saarbr\u00fccken, so dass die &#8222;Buwe&#8220; als Tabellen-16. drei Punkte mehr als die Zweitvertretung des BVB aufweisen. Das Tor des Tages erzielte vor 25.261 Zuschauern Noah Sarenren Bazee (57.).<\/p>\n<p>Bielefeld pr\u00e4sentierte sich zwar spielbestimmend. Die G\u00e4ste begegneten dem Spitzenreiter und Drittliga-Meister aber auf Augenh\u00f6he. Die Arminia hatte in der Anfangsphase sogar Gl\u00fcck, nicht schon zur\u00fcckzuliegen, da Felix Lohkemper nach gerade einmal 17 Sekunden per Kopf nur den Pfosten traf. Nach einem Rempler von Bielefelds Torh\u00fcter Jonas Kersken gegen Maximilian Thalhammer h\u00e4tte der Waldhof in der ersten H\u00e4lfte auch einen Elfmeter bekommen m\u00fcssen. So reichte Bielefeld der eine Treffer zur Zweitliga-Meisterschaft, w\u00e4hrend sich die Kurpf\u00e4lzer zum Klassenerhalt zitterten.<\/p>\n","protected":false},"excerpt":{"rendered":"Baden-W\u00fcrttemberg Trotz Niederlage: Waldhof Mannheim bleibt drittklassig 17.05.2025, 15:40 Uhr Mannheim verliert in Bielefeld und darf trotzdem jubeln:&hellip;\n","protected":false},"author":2,"featured_media":118109,"comment_status":"","ping_status":"","sticky":false,"template":"","format":"standard","meta":{"footnotes":""},"categories":[1845],"tags":[1634,3364,29,548,663,3934,30,13,2096,14,15,17781,12,13363,23297],"class_list":{"0":"post-118108","1":"post","2":"type-post","3":"status-publish","4":"format-standard","5":"has-post-thumbnail","7":"category-mannheim","8":"tag-baden-wuerttemberg","9":"tag-de","10":"tag-deutschland","11":"tag-eu","12":"tag-europa","13":"tag-europe","14":"tag-germany","15":"tag-headlines","16":"tag-mannheim","17":"tag-nachrichten","18":"tag-news","19":"tag-niederlage","20":"tag-schlagzeilen","21":"tag-trotz","22":"tag-waldhof"},"share_on_mastodon":{"url":"https:\/\/pubeurope.com\/@de\/114524011303344888","error":""},"_links":{"self":[{"href":"https:\/\/www.europesays.com\/de\/wp-json\/wp\/v2\/posts\/118108","targetHints":{"allow":["GET"]}}],"collection":[{"href":"https:\/\/www.europesays.com\/de\/wp-json\/wp\/v2\/posts"}],"about":[{"href":"https:\/\/www.europesays.com\/de\/wp-json\/wp\/v2\/types\/post"}],"author":[{"embeddable":true,"href":"https:\/\/www.europesays.com\/de\/wp-json\/wp\/v2\/users\/2"}],"replies":[{"embeddable":true,"href":"https:\/\/www.europesays.com\/de\/wp-json\/wp\/v2\/comments?post=118108"}],"version-history":[{"count":0,"href":"https:\/\/www.europesays.com\/de\/wp-json\/wp\/v2\/posts\/118108\/revisions"}],"wp:featuredmedia":[{"embeddable":true,"href":"https:\/\/www.europesays.com\/de\/wp-json\/wp\/v2\/media\/118109"}],"wp:attachment":[{"href":"https:\/\/www.europesays.com\/de\/wp-json\/wp\/v2\/media?parent=118108"}],"wp:term":[{"taxonomy":"category","embeddable":true,"href":"https:\/\/www.europesays.com\/de\/wp-json\/wp\/v2\/categories?post=118108"},{"taxonomy":"post_tag","embeddable":true,"href":"https:\/\/www.europesays.com\/de\/wp-json\/wp\/v2\/tags?post=118108"}],"curies":[{"name":"wp","href":"https:\/\/api.w.org\/{rel}","templated":true}]}}