{"id":1181164,"date":"2026-07-20T23:12:16","date_gmt":"2026-07-20T23:12:16","guid":{"rendered":"https:\/\/www.europesays.com\/de\/1181164\/"},"modified":"2026-07-20T23:12:16","modified_gmt":"2026-07-20T23:12:16","slug":"berlin-nach-eklat-bei-stauffenberg-gedenken-stiftung-versteht-empoerung-um-afd-kraenze","status":"publish","type":"post","link":"https:\/\/www.europesays.com\/de\/1181164\/","title":{"rendered":"Berlin: Nach Eklat bei Stauffenberg-Gedenken \u2013 Stiftung \u201eversteht Emp\u00f6rung\u201c um AfD-Kr\u00e4nze"},"content":{"rendered":"<p>Der Gro\u00dfneffe von NS-Widerstandsk\u00e4mpfers Dietrich Bonhoeffer sorgt beim Gedenken an das gescheiterte Hitler-Attentat f\u00fcr einen Eklat, indem er einen Kranz der AfD entfernen will. Nun \u00e4u\u00dfert sich die Stiftung 20. Juli 1944 zu dem Vorfall.<\/p>\n<p class=\"is-first-paragraph\" data-external=\"Article.FirstParagraph\">Nach einem Vorfall um einen AfD-Kranz beim Gedenken an den Jahrestag des Hitler-Attentats hat die Stiftung 20. Juli 1944 eine politische Vereinnahmung des Gedenkens zur\u00fcckgewiesen. Die Gedenkfeier diene \u201eausschlie\u00dflich dem w\u00fcrdigen Erinnern an die Opfer und den Widerstand\u201c, teilte die Stiftung am Montagabend mit. Sie sei \u201ekein Ort f\u00fcr parteipolitische Inszenierungen oder politische Auseinandersetzungen\u201c.<\/p>\n<p>Gleichzeitig hie\u00df es in der Stellungnahme, die j\u00e4hrlichen AfD-Kranzniederlegungen im Bendlerblock \u201everletzen viele Angeh\u00f6rige der Frauen und M\u00e4nner des Widerstands zutiefst\u201c. \u201eDie Stiftung 20. Juli 1944 versteht diese Emp\u00f6rung\u201c, hie\u00df es. Vieles von dem, wof\u00fcr die AfD stehe, \u201esteht im Widerspruch zu den \u00dcberzeugungen\u201c, f\u00fcr die die Widerst\u00e4ndlerinnen und Widerst\u00e4ndler gegen das NS-Regime eingetreten sind.<\/p>\n<p>Der Stiftungsvorsitzende Robert von Steinau-Steinr\u00fcck best\u00e4tigte, dass der Gro\u00dfneffe des evangelischen Theologen und NS-Widerstandsk\u00e4mpfers <a class=\"is-link c-block-items__link c-link--rich-text-renderer\" href=\"https:\/\/www.welt.de\/themen\/dietrich-bonhoeffer\/\" data-internal-tracking-enabled=\"true\" data-internal-tracking=\"{&quot;action&quot;:&quot;click&quot;,&quot;label&quot;:&quot;link&quot;,&quot;name&quot;:&quot;Inline Element&quot;,&quot;data&quot;:{&quot;source&quot;:&quot;&quot;,&quot;target&quot;:&quot;https:\/\/www.welt.de\/themen\/dietrich-bonhoeffer\/&quot;,&quot;trackingName&quot;:&quot;&quot;,&quot;trackingLabel&quot;:&quot;&quot;}}\" rel=\"nofollow noopener\" target=\"_blank\">Dietrich Bonhoeffer<\/a>, Tobias Korenke, in ein Handgemenge um den Kranz verwickelt war. Dabei wurde versucht, den Kranz zu entfernen. AfD-Politiker seien daran jedoch nicht beteiligt gewesen, sondern Sicherheitsbeamte, sagte von Steinau-Steinr\u00fcck. Bei dem Handgemenge wurde der Kranz besch\u00e4digt.<\/p>\n<p>Stauffenberg-Enkel: \u201eGrauenhaft und widerlich\u201c<\/p>\n<p>Auch der Enkel des Hitler-Attent\u00e4ters Claus Schenk Graf von Stauffenberg (1907-1944), Karl Schenk Graf Stauffenberg, \u00e4u\u00dferte sich zu dem Vorfall. \u201eZun\u00e4chst einmal darf man der AfD, glaube ich, nicht verwehren, einen Kranz niederzulegen\u201c, sagte er bei WELT TV. \u201eDaf\u00fcr sind wir Demokraten\u201c, andersdenkende Menschen m\u00fcssten zu Wort kommen d\u00fcrfen. Gleichzeitig sei es \u201eganz grauenhaft und ganz widerlich\u201c, wie die AfD mit seinem Gro\u00dfvater umgehe, weil sie das Stauffenberg-Erbe \u201ef\u00fcr die eigenen Zwecke missbraucht\u201c.<\/p>\n<p>Der Streit ereignete sich vor der eigentlichen Feierstunde am Montagvormittag. Von Steinau-Steinr\u00fcck rief dabei dazu auf, nach dem Vorbild des Widerstands auch heute \u201eGr\u00e4ben zu \u00fcberwinden, die uns vermeintlich trennen\u201c. Die Gegnerschaft zu Hitler habe Menschen geeint, \u201edie sich in normalen politischen Zeiten vermutlich nicht einmal auf der Stra\u00dfe gegr\u00fc\u00dft h\u00e4tten\u201c.<\/p>\n<p>Prien und Evers w\u00fcrdigen Widerstand<\/p>\n<p>Die Bundesbildungsministerin Karin Prien (CDU) und der Berliner Finanz- und Kultursenator Stefan Evers (CDU) wiesen ebenfalls auf die Breite des Widerstands abseits des Milit\u00e4rischen hin, etwa den kirchlichen, gewerkschaftlichen und kommunistischen Widerstand. \u201eDer 20. Juli erinnert uns daran, dass die Verantwortung f\u00fcr das eigene Land und die Verantwortung f\u00fcr seine Werte untrennbar miteinander verbunden sind\u201c, sagte Evers.<\/p>\n<p>Prien, deren Gro\u00dfvater j\u00fcdisch war, betonte ihre eigene Verbindung zur NS-Zeit: \u201eIch stehe hier als B\u00fcrgerin und als Nachfahrin von Opfern und \u00dcberlebenden der Schoah.\u201c Die Grundhaltung ihres Gro\u00dfvaters sei gewesen: \u201eEs gibt keine Kollektivschuld. Jeder Mensch tr\u00e4gt Verantwortung f\u00fcr sein eigenes Handeln.\u201c<\/p>\n<p>Am 20. Juli 1944 versuchte eine Gruppe um <a class=\"is-link c-block-items__link c-link--rich-text-renderer\" href=\"https:\/\/www.welt.de\/themen\/claus-schenk-von-stauffenberg\/\" data-internal-tracking-enabled=\"true\" data-internal-tracking=\"{&quot;action&quot;:&quot;click&quot;,&quot;label&quot;:&quot;link&quot;,&quot;name&quot;:&quot;Inline Element&quot;,&quot;data&quot;:{&quot;source&quot;:&quot;&quot;,&quot;target&quot;:&quot;https:\/\/www.welt.de\/themen\/claus-schenk-von-stauffenberg\/&quot;,&quot;trackingName&quot;:&quot;&quot;,&quot;trackingLabel&quot;:&quot;&quot;}}\" rel=\"nofollow noopener\" target=\"_blank\">Claus Schenk Graf von Stauffenberg<\/a>, Adolf Hitler zu t\u00f6ten. Hitler \u00fcberlebte das Attentat in der \u201eWolfsschanze\u201c, der Staatsstreich misslang.<\/p>\n<p>epd\/luwi<\/p>\n","protected":false},"excerpt":{"rendered":"Der Gro\u00dfneffe von NS-Widerstandsk\u00e4mpfers Dietrich Bonhoeffer sorgt beim Gedenken an das gescheiterte Hitler-Attentat f\u00fcr einen Eklat, indem er&hellip;\n","protected":false},"author":2,"featured_media":1181165,"comment_status":"","ping_status":"","sticky":false,"template":"","format":"standard","meta":{"footnotes":"","_share_on_mastodon":"0"},"categories":[1825],"tags":[77626,186,296,171119,246960,29,70381,30,20654,110,246959,45],"class_list":["post-1181164","post","type-post","status-publish","format-standard","has-post-thumbnail","category-berlin","tag-adolf","tag-afd","tag-berlin","tag-bonhoeffer","tag-claus-graf","tag-deutschland","tag-dietrich","tag-germany","tag-hitler","tag-newsteam","tag-schenk-von-stauffenberg","tag-texttospeech"],"share_on_mastodon":{"url":"https:\/\/pubeurope.com\/@de\/116954841045408372","error":""},"_links":{"self":[{"href":"https:\/\/www.europesays.com\/de\/wp-json\/wp\/v2\/posts\/1181164","targetHints":{"allow":["GET"]}}],"collection":[{"href":"https:\/\/www.europesays.com\/de\/wp-json\/wp\/v2\/posts"}],"about":[{"href":"https:\/\/www.europesays.com\/de\/wp-json\/wp\/v2\/types\/post"}],"author":[{"embeddable":true,"href":"https:\/\/www.europesays.com\/de\/wp-json\/wp\/v2\/users\/2"}],"replies":[{"embeddable":true,"href":"https:\/\/www.europesays.com\/de\/wp-json\/wp\/v2\/comments?post=1181164"}],"version-history":[{"count":0,"href":"https:\/\/www.europesays.com\/de\/wp-json\/wp\/v2\/posts\/1181164\/revisions"}],"wp:featuredmedia":[{"embeddable":true,"href":"https:\/\/www.europesays.com\/de\/wp-json\/wp\/v2\/media\/1181165"}],"wp:attachment":[{"href":"https:\/\/www.europesays.com\/de\/wp-json\/wp\/v2\/media?parent=1181164"}],"wp:term":[{"taxonomy":"category","embeddable":true,"href":"https:\/\/www.europesays.com\/de\/wp-json\/wp\/v2\/categories?post=1181164"},{"taxonomy":"post_tag","embeddable":true,"href":"https:\/\/www.europesays.com\/de\/wp-json\/wp\/v2\/tags?post=1181164"}],"curies":[{"name":"wp","href":"https:\/\/api.w.org\/{rel}","templated":true}]}}