{"id":1181172,"date":"2026-07-20T23:16:17","date_gmt":"2026-07-20T23:16:17","guid":{"rendered":"https:\/\/www.europesays.com\/de\/1181172\/"},"modified":"2026-07-20T23:16:17","modified_gmt":"2026-07-20T23:16:17","slug":"premiere-in-schweina-kinder-werden-zu-bildhauern-bad-salzungen","status":"publish","type":"post","link":"https:\/\/www.europesays.com\/de\/1181172\/","title":{"rendered":"Premiere in Schweina: Kinder werden zu Bildhauern &#8211; Bad Salzungen"},"content":{"rendered":"<p>Es war f\u00fcr 13 <a href=\"https:\/\/www.insuedthueringen.de\/thema\/Kinder\" title=\"Kinder\" class=\"art_thema\" rel=\"nofollow noopener\" target=\"_blank\">Kinder<\/a> ein toller, au\u00dfergew\u00f6hnlicher Start in die <a href=\"https:\/\/www.insuedthueringen.de\/thema\/Sommerferien\" title=\"Sommerferien\" class=\"art_thema\" rel=\"nofollow noopener\" target=\"_blank\">Sommerferien<\/a>. Erstmals stand in <a href=\"https:\/\/www.insuedthueringen.de\/thema\/Schweina\" title=\"Schweina\" class=\"art_thema\" rel=\"nofollow noopener\" target=\"_blank\">Schweina<\/a> ein dreit\u00e4giges Kinder-<a href=\"https:\/\/www.insuedthueringen.de\/thema\/Kunst\" title=\"Kunst\" class=\"art_thema\" rel=\"nofollow noopener\" target=\"_blank\">Kunst<\/a>-Symposium auf dem Programm. \u201eMarktplatzgeschichten \u2013 Junge BildhauerInnen auf Spurensuche\u201c, hatten es die Ideengeberinnen vom Kultur.Lokal \u201eTausend kleine Dinge\u201c im Bad Liebensteiner Ortsteil betitelt. Die Rede ist von den drei einheimischen K\u00fcnstlerinnen Kathleen Hegenbarth, Ines Kley und Heide Dittmann-Ortner. Ihr Einfall z\u00fcndete. <\/p>\n","protected":false},"excerpt":{"rendered":"Es war f\u00fcr 13 Kinder ein toller, au\u00dfergew\u00f6hnlicher Start in die Sommerferien. Erstmals stand in Schweina ein dreit\u00e4giges&hellip;\n","protected":false},"author":2,"featured_media":1181173,"comment_status":"","ping_status":"","sticky":false,"template":"","format":"standard","meta":{"footnotes":"","_share_on_mastodon":"0"},"categories":[1775],"tags":[1793,20885,3534,29,214,4532,30,1114,2075,1794,148421,11290,246964,215],"class_list":["post-1181172","post","type-post","status-publish","format-standard","has-post-thumbnail","category-kunst-und-design","tag-art-and-design","tag-bad-salzungen","tag-bildhauer","tag-deutschland","tag-entertainment","tag-ferien","tag-germany","tag-kinder","tag-kunst","tag-kunst-und-design","tag-schweina","tag-sommerferien","tag-thema-familie","tag-unterhaltung"],"share_on_mastodon":{"url":"https:\/\/pubeurope.com\/@de\/116954856348994004","error":""},"_links":{"self":[{"href":"https:\/\/www.europesays.com\/de\/wp-json\/wp\/v2\/posts\/1181172","targetHints":{"allow":["GET"]}}],"collection":[{"href":"https:\/\/www.europesays.com\/de\/wp-json\/wp\/v2\/posts"}],"about":[{"href":"https:\/\/www.europesays.com\/de\/wp-json\/wp\/v2\/types\/post"}],"author":[{"embeddable":true,"href":"https:\/\/www.europesays.com\/de\/wp-json\/wp\/v2\/users\/2"}],"replies":[{"embeddable":true,"href":"https:\/\/www.europesays.com\/de\/wp-json\/wp\/v2\/comments?post=1181172"}],"version-history":[{"count":0,"href":"https:\/\/www.europesays.com\/de\/wp-json\/wp\/v2\/posts\/1181172\/revisions"}],"wp:featuredmedia":[{"embeddable":true,"href":"https:\/\/www.europesays.com\/de\/wp-json\/wp\/v2\/media\/1181173"}],"wp:attachment":[{"href":"https:\/\/www.europesays.com\/de\/wp-json\/wp\/v2\/media?parent=1181172"}],"wp:term":[{"taxonomy":"category","embeddable":true,"href":"https:\/\/www.europesays.com\/de\/wp-json\/wp\/v2\/categories?post=1181172"},{"taxonomy":"post_tag","embeddable":true,"href":"https:\/\/www.europesays.com\/de\/wp-json\/wp\/v2\/tags?post=1181172"}],"curies":[{"name":"wp","href":"https:\/\/api.w.org\/{rel}","templated":true}]}}