{"id":118118,"date":"2025-05-17T16:05:11","date_gmt":"2025-05-17T16:05:11","guid":{"rendered":"https:\/\/www.europesays.com\/de\/118118\/"},"modified":"2025-05-17T16:05:11","modified_gmt":"2025-05-17T16:05:11","slug":"saisonstart-2025-diese-freibaeder-in-bielefeld-haben-jetzt-geoeffnet","status":"publish","type":"post","link":"https:\/\/www.europesays.com\/de\/118118\/","title":{"rendered":"Saisonstart 2025: Diese Freib\u00e4der in Bielefeld haben jetzt ge\u00f6ffnet"},"content":{"rendered":"<p id=\"absatz1\" class=\"em_text\">Bielefeld. Auf gehts: Rekordverd\u00e4chtiges Fr\u00fchjahr, ein Hitzesommer droht \u2013 da \u00f6ffnen auch die Freib\u00e4der fr\u00fcher als gewohnt. Die F\u00f6rdervereine und die B\u00e4dergesellschaft erg\u00e4nzen ab Samstag fr\u00fch das Angebot des bestens gew\u00e4rmten Wiesenbades (Samstag offen von 9 bis 20 Uhr). Dann sind es sieben ge\u00f6ffnete Freib\u00e4der, vieler aber weitaus k\u00fchler als das Wiesenbad, Optimisten sagen dazu \u201eerfrischender\u201c.<\/p>\n<p id=\"absatz2\" class=\"em_text\">Fakt ist: Es geht los. In Schr\u00f6ttinghausen, Gadderbaum und Dornberg am Samstag von 11 bis 20 Uhr, in Hillegossen, Senne und im Naturbad Brackwede von 10 bis 19 Uhr.<\/p>\n<p>F\u00e4llt dieses Jahr die 500.000-Besucher-Grenze?<\/p>\n<p id=\"absatz4\" class=\"em_text\">Hier wird nun die Jagd auf die Besucherzahl des Vorjahres er\u00f6ffnet, da waren es insgesamt 350.000. Wenn die Wetterprognosen f\u00fcr diesen Sommer bleiben wie sie sind, k\u00f6nnte die Halbe-Million-Grenze erreicht und \u00fcberschritten werden.<\/p>\n<p>\n        \u00d7\n    <\/p>\n<p>\n            Sie erhalten in wenigen Minuten eine E-Mail zur Best\u00e4tigung Ihrer Anmeldung.\n        <\/p>\n<p>Erst danach ist diese abgeschlossen.<\/p>\n<p>Bitte pr\u00fcfen Sie auch den Spam-Ordner.<\/p>\n<p>\n        \u00d7\n    <\/p>\n<p>\n            Sie haben bisher Ihre E-Mail-Adresse noch nicht best\u00e4tigt.\n        <\/p>\n<p>Erst danach ist diese abgeschlossen.<\/p>\n<p>Bitte pr\u00fcfen Sie auch den Spam-Ordner.<\/p>\n<p>\n        \u00d7\n    <\/p>\n<p>\n            Es ist einen Fehler aufgetreten\n        <\/p>\n<p>Bei Fragen hilft unser Newsletter-Support<\/p>\n<p> Newsletter<\/p>\n<p> Aus Bielefeld<\/p>\n<p>W\u00f6chentliche News direkt aus der Redaktion Bielefeld.<\/p>\n<p>                Jetzt anmelden<\/p>\n<p id=\"absatz5\" class=\"em_text\">Der Eintritt in die sieben Freib\u00e4der ist in ganz Bielefeld gleich: Tageskarten kosten 5,50 Euro, Kinder und Jugendliche unter 18 Jahren zahlen 3 Euro. Familienkarten kosten 14 Euro.<\/p>\n<p id=\"absatz6\" class=\"em_text\">Mehr unter: <a href=\"http:\/\/www.bielefelderbaeder.de\" rel=\"noopener nofollow\" target=\"_blank\">www.bielefelderbaeder.de<\/a> <\/p>\n","protected":false},"excerpt":{"rendered":"Bielefeld. Auf gehts: Rekordverd\u00e4chtiges Fr\u00fchjahr, ein Hitzesommer droht \u2013 da \u00f6ffnen auch die Freib\u00e4der fr\u00fcher als gewohnt. Die&hellip;\n","protected":false},"author":2,"featured_media":118119,"comment_status":"","ping_status":"","sticky":false,"template":"","format":"standard","meta":{"footnotes":""},"categories":[1841],"tags":[1605,3364,29,10860,30,45286,9311,9307,16359,729,1608,734,736,9312,16362,1209,3377,28198],"class_list":{"0":"post-118118","1":"post","2":"type-post","3":"status-publish","4":"format-standard","5":"has-post-thumbnail","7":"category-bielefeld","8":"tag-bielefeld","9":"tag-de","10":"tag-deutschland","11":"tag-freibad","12":"tag-germany","13":"tag-hitzesommer","14":"tag-label_familie-freizeit","15":"tag-label_foto","16":"tag-label_inspiriere-mich","17":"tag-label_s-50","18":"tag-label_top-news","19":"tag-meta_artikelklasse_nachricht","20":"tag-meta_copyrights_nw","21":"tag-meta_themen_familie_bildung_freizeit","22":"tag-meta_userneeds_inspirieremich","23":"tag-nordrhein-westfalen","24":"tag-saisonstart","25":"tag-wiesenbad"},"share_on_mastodon":{"url":"https:\/\/pubeurope.com\/@de\/114524030739059090","error":""},"_links":{"self":[{"href":"https:\/\/www.europesays.com\/de\/wp-json\/wp\/v2\/posts\/118118","targetHints":{"allow":["GET"]}}],"collection":[{"href":"https:\/\/www.europesays.com\/de\/wp-json\/wp\/v2\/posts"}],"about":[{"href":"https:\/\/www.europesays.com\/de\/wp-json\/wp\/v2\/types\/post"}],"author":[{"embeddable":true,"href":"https:\/\/www.europesays.com\/de\/wp-json\/wp\/v2\/users\/2"}],"replies":[{"embeddable":true,"href":"https:\/\/www.europesays.com\/de\/wp-json\/wp\/v2\/comments?post=118118"}],"version-history":[{"count":0,"href":"https:\/\/www.europesays.com\/de\/wp-json\/wp\/v2\/posts\/118118\/revisions"}],"wp:featuredmedia":[{"embeddable":true,"href":"https:\/\/www.europesays.com\/de\/wp-json\/wp\/v2\/media\/118119"}],"wp:attachment":[{"href":"https:\/\/www.europesays.com\/de\/wp-json\/wp\/v2\/media?parent=118118"}],"wp:term":[{"taxonomy":"category","embeddable":true,"href":"https:\/\/www.europesays.com\/de\/wp-json\/wp\/v2\/categories?post=118118"},{"taxonomy":"post_tag","embeddable":true,"href":"https:\/\/www.europesays.com\/de\/wp-json\/wp\/v2\/tags?post=118118"}],"curies":[{"name":"wp","href":"https:\/\/api.w.org\/{rel}","templated":true}]}}