{"id":1181287,"date":"2026-07-21T00:37:20","date_gmt":"2026-07-21T00:37:20","guid":{"rendered":"https:\/\/www.europesays.com\/de\/1181287\/"},"modified":"2026-07-21T00:37:20","modified_gmt":"2026-07-21T00:37:20","slug":"kein-halt-am-stuttgart-hbf-bahn-hat-direktzuege-drastisch-reduziert","status":"publish","type":"post","link":"https:\/\/www.europesays.com\/de\/1181287\/","title":{"rendered":"Kein Halt am Stuttgart Hbf: Bahn hat Direktz\u00fcge drastisch reduziert"},"content":{"rendered":"<p>Bahnreise Stuttgart <\/p>\n<p>Wochenlange Einschr\u00e4nkungen rund um den Stuttgarter Bahnknoten<\/p>\n<p>Aktualisiert am 21.07.2026 &#8211; 01:12 UhrLesedauer: 1 Min.<\/p>\n<p><a href=\"#focus-0\" class=\"transition-colors block text-current relative\" data-sctrack=\"FocusGalleryImage.Reference\"><img fetchpriority=\"high\" data-testid=\"Opener.Image\"   loading=\"eager\" src=\"https:\/\/www.europesays.com\/de\/wp-content\/uploads\/2026\/07\/ice-am-hauptbahnhof-stuttgart-der-konzern-hat-sich-ehrgeizige-finanzziele-gesetzt.jpg\" alt=\"ICE am Hauptbahnhof Stuttgart: Der Konzern hat sich ehrgeizige Finanzziele gesetzt.\" title=\"ICE am Hauptbahnhof Stuttgart: Der Konzern hat sich ehrgeizige Finanzziele gesetzt.\" width=\"8052\" height=\"4529\" class=\"bg-[url:var(--lqipURL)] bg-cover bg-center flex h-full w-full max-w-full\" style=\"--lqipURL:url('https:\/\/images.t-online.de\/2026\/06\/933bdF240vHq\/0x842:8052x4529\/fit-in\/150x0\/filters:blur(25)\/ice-am-hauptbahnhof-stuttgart-der-konzern-hat-sich-ehrgeizige-finanzziele-gesetzt.jpg')\" decoding=\"async\"\/><img loading=\"lazy\" src=\"https:\/\/stuttgart.t-online.de\/s\/paper\/_next\/static\/media\/zoom-in.f7dae02f.svg\" alt=\"Vergr\u00f6\u00dfern des Bildes\" title=\"Vergr\u00f6\u00dfern des Bildes\" class=\"block h-[calc(var(--height)_\/_16_*_1rem)] w-[calc(var(--width)_\/_16_*_1rem)] max-w-none absolute right-8 bottom-8 rounded-4 bg-snow p-8\" style=\"--width:32;--height:32\" decoding=\"async\"\/><\/a><\/p>\n<p>ICE am Hauptbahnhof Stuttgart: Erneut \u00e4ndert sich der Fahrplan. (Quelle: Arnulf Hettrich\/imago-images-bilder)<\/p>\n<p><img loading=\"lazy\" src=\"https:\/\/stuttgart.t-online.de\/s\/paper\/_next\/static\/media\/audio-volume.6689034c.svg\" alt=\"\" title=\"\" class=\"block h-[calc(var(--height)_\/_16_*_1rem)] w-[calc(var(--width)_\/_16_*_1rem)] max-w-none group-hover:brightness-0 group-hover:invert\" style=\"--width:16;--height:16\" decoding=\"async\"\/>Vorlesen<\/p>\n<p>Aktuelle Zeit:0:00Gesamtdauer:0:00<\/p>\n<p>1x<\/p>\n<p class=\"text-center\">Jetzt neu bei t-online:<\/p>\n<p class=\"text-center\">Schriftgr\u00f6\u00dfe anpassen!<\/p>\n<p><img loading=\"lazy\" src=\"https:\/\/stuttgart.t-online.de\/s\/paper\/_next\/static\/media\/font-sizes.32942e33.svg\" alt=\"\" title=\"\" class=\"block h-[calc(var(--height)_\/_16_*_1rem)] w-[calc(var(--width)_\/_16_*_1rem)] max-w-none group-hover:hidden group-aria-expanded:hidden\" style=\"--width:16;--height:16\" decoding=\"async\"\/><img loading=\"lazy\" src=\"https:\/\/stuttgart.t-online.de\/s\/paper\/_next\/static\/media\/font-sizes-dark-mode.e382645c.svg\" alt=\"\" title=\"\" class=\"block h-[calc(var(--height)_\/_16_*_1rem)] w-[calc(var(--width)_\/_16_*_1rem)] max-w-none hidden group-hover:block group-aria-expanded:block\" style=\"--width:16;--height:16\" decoding=\"async\"\/><img loading=\"lazy\" src=\"https:\/\/stuttgart.t-online.de\/s\/paper\/_next\/static\/media\/sharing-menu-icon.1eb71368.svg\" alt=\"\" title=\"\" class=\"block h-[calc(var(--height)_\/_16_*_1rem)] w-[calc(var(--width)_\/_16_*_1rem)] max-w-none group-hover:brightness-0 group-hover:invert\" style=\"--width:16;--height:16\" decoding=\"async\"\/>Artikel teilen<\/p>\n<p class=\"font-bold text-18 leading-17 user-text-lg:text-22 user-text-xl:text-24\">Acht Wochen lang sind Verbindungen nach und von Stuttgart eingeschr\u00e4nkt. Wer in dieser Zeit mit dem Zug reist, muss Umleitungen und Umsteigeverbindungen einplanen.<\/p>\n<p class=\"text-18 leading-17 user-text-lg:text-22 user-text-xl:text-24\">Von Ende Juli bis Mitte September 2026 sind Zugverbindungen am Stuttgarter Hauptbahnhof eingeschr\u00e4nkt. Die Deutsche Bahn f\u00fchrt in dieser Zeit Instandhaltungs- und Ausbauarbeiten durch, wie die Bahn mitteilt. Reisende m\u00fcssen je nach Strecke auf Umleitungen, Ersatzhalte oder Umsteigeverbindungen ausweichen.<\/p>\n<p class=\"text-18 leading-17 user-text-lg:text-22 user-text-xl:text-24\">Die Bauarbeiten dauern vom 20. Juli 2026 (1 Uhr) bis zum 12. September 2026 (3.30 Uhr). Als Ersatzhalte f\u00fcr den Stuttgarter Hauptbahnhof sind Esslingen\/Neckar, Vaihingen (Enz) und Stuttgart-Vaihingen vorgesehen. <a href=\"https:\/\/stuttgart.t-online.de\/region\/stuttgart\/id_101343834\/s-bahn-stammstrecke-in-stuttgart-ab-jetzt-gesperrt-so-lange-wie-nie.html\" class=\"transition-colors cursor-pointer no-underline md:hover:text-magenta md:focus:text-magenta border-b border-solid border-current text-salemsfur md:hover:border-magenta\" data-tracking=\"{&quot;action&quot;:&quot;click&quot;,&quot;category&quot;:&quot;intextLink&quot;,&quot;label&quot;:&quot;\/region\/stuttgart\/id_101343834\/s-bahn-stammstrecke-in-stuttgart-ab-jetzt-gesperrt-so-lange-wie-nie.html&quot;}\" data-sctrack=\"BodyAnchor\" rel=\"nofollow noopener\" target=\"_blank\">Zeitgleich ist auch die Stuttgarter Stammstrecke der S-Bahn gesperrt.<\/a><\/p>\n<p>So geht&#8217;s von Stuttgart aus weiter<\/p>\n<p class=\"text-18 leading-17 user-text-lg:text-22 user-text-xl:text-24\">Je nach Strecke gelten unterschiedliche Einschr\u00e4nkungen:<\/p>\n<ul class=\"text-18 leading-17 block pl-24 *:pb-16 *:before:inline-block *:before:size-8 *:before:bg-magenta *:before:mt-0 *:before:mr-12 *:before:mb-2 *:before:-ml-[20px]\">\n<li>Zwischen Karlsruhe und Stuttgart reduziert sich das Angebot auf einen Zweistundentakt. Wer zwischen Heidelberg und Stuttgart reist, muss in Vaihingen (Enz) umsteigen.<\/li>\n<li>Verbindungen zwischen Stuttgart und \u00d6sterreich sind ebenfalls nur mit Umstieg m\u00f6glich, und zwar \u00fcber Esslingen\/Neckar. Direktz\u00fcge zwischen Stuttgart und Z\u00fcrich halten w\u00e4hrend der Bauzeit in Stuttgart-Vaihingen.<\/li>\n<li>Zwischen Mannheim und Stuttgart sowie zwischen Stuttgart und M\u00fcnchen fahren weiterhin mindestens st\u00fcndlich Direktz\u00fcge.<\/li>\n<\/ul>\n<p class=\"text-18 leading-17 user-text-lg:text-22 user-text-xl:text-24\">Im Regionalverkehr fahren Z\u00fcge der Linie MEX 18 (T\u00fcbingen-Osterburken) von Esslingen am Neckar direkt nach Ludwigsburg &#8211; und damit an Stuttgart vorbei. Z\u00fcge der Linie MEX 17 (Stuttgart-Pforzheim) starten und enden bis auf wenige Ausnahmen in Bietigheim-Bissingen. Die Linien MEX 19 (Stuttgart-Gaildorf) und MEX 90 (Stuttgart-Schw\u00e4bisch Hall) beginnen und enden zum gro\u00dfen Teil in Winnenden.<\/p>\n","protected":false},"excerpt":{"rendered":"Bahnreise Stuttgart Wochenlange Einschr\u00e4nkungen rund um den Stuttgarter Bahnknoten Aktualisiert am 21.07.2026 &#8211; 01:12 UhrLesedauer: 1 Min. ICE&hellip;\n","protected":false},"author":2,"featured_media":1160504,"comment_status":"","ping_status":"","sticky":false,"template":"","format":"standard","meta":{"footnotes":"","_share_on_mastodon":"0"},"categories":[1830],"tags":[722,17161,1634,121575,150641,3364,2030,29,2785,63751,3439,30,3601,2229,14480,1441,8674,4073,243364,63752],"class_list":["post-1181287","post","type-post","status-publish","format-standard","has-post-thumbnail","category-stuttgart","tag-722","tag-17161","tag-baden-wuerttemberg","tag-bahnknoten","tag-bahnreise","tag-de","tag-deutsche-bahn","tag-deutschland","tag-einschraenkung","tag-enz","tag-esslingen","tag-germany","tag-hauptbahnhof","tag-ice","tag-neckar","tag-stuttgart","tag-stuttgart-vaihingen","tag-umleitung","tag-umsteigeverbindung","tag-vaihingen"],"share_on_mastodon":{"url":"https:\/\/pubeurope.com\/@de\/116955175730440367","error":""},"_links":{"self":[{"href":"https:\/\/www.europesays.com\/de\/wp-json\/wp\/v2\/posts\/1181287","targetHints":{"allow":["GET"]}}],"collection":[{"href":"https:\/\/www.europesays.com\/de\/wp-json\/wp\/v2\/posts"}],"about":[{"href":"https:\/\/www.europesays.com\/de\/wp-json\/wp\/v2\/types\/post"}],"author":[{"embeddable":true,"href":"https:\/\/www.europesays.com\/de\/wp-json\/wp\/v2\/users\/2"}],"replies":[{"embeddable":true,"href":"https:\/\/www.europesays.com\/de\/wp-json\/wp\/v2\/comments?post=1181287"}],"version-history":[{"count":0,"href":"https:\/\/www.europesays.com\/de\/wp-json\/wp\/v2\/posts\/1181287\/revisions"}],"wp:featuredmedia":[{"embeddable":true,"href":"https:\/\/www.europesays.com\/de\/wp-json\/wp\/v2\/media\/1160504"}],"wp:attachment":[{"href":"https:\/\/www.europesays.com\/de\/wp-json\/wp\/v2\/media?parent=1181287"}],"wp:term":[{"taxonomy":"category","embeddable":true,"href":"https:\/\/www.europesays.com\/de\/wp-json\/wp\/v2\/categories?post=1181287"},{"taxonomy":"post_tag","embeddable":true,"href":"https:\/\/www.europesays.com\/de\/wp-json\/wp\/v2\/tags?post=1181287"}],"curies":[{"name":"wp","href":"https:\/\/api.w.org\/{rel}","templated":true}]}}