{"id":1181334,"date":"2026-07-21T01:04:18","date_gmt":"2026-07-21T01:04:18","guid":{"rendered":"https:\/\/www.europesays.com\/de\/1181334\/"},"modified":"2026-07-21T01:04:18","modified_gmt":"2026-07-21T01:04:18","slug":"ann-widdecombe-brexit-befuerworterin-ermordet-anklage-erhoben","status":"publish","type":"post","link":"https:\/\/www.europesays.com\/de\/1181334\/","title":{"rendered":"Ann Widdecombe: Brexit-Bef\u00fcrworterin ermordet \u2013 Anklage erhoben"},"content":{"rendered":"<p>Ann Widdecombe <\/p>\n<p>Brexit-Bef\u00fcrworterin ermordet \u2013 Anklage gegen 28-J\u00e4hrigen erhoben<\/p>\n<p>21.07.2026 &#8211; 00:34 UhrLesedauer: 2 Min.<\/p>\n<p><a href=\"#focus-0\" class=\"transition-colors block text-current relative\" data-sctrack=\"FocusGalleryImage.Reference\"><img fetchpriority=\"high\" data-testid=\"Opener.Image\"   loading=\"eager\" src=\"https:\/\/www.europesays.com\/de\/wp-content\/uploads\/2026\/07\/ann-widdcombe-mit-toedlichen-verletzungen-in-ihrem-haus-aufgefunden.jpg\" alt=\"Ann Widdcombe: Mit t\u00f6dlichen Verletzungen in ihrem Haus aufgefunden.\" title=\"Ann Widdcombe: Mit t\u00f6dlichen Verletzungen in ihrem Haus aufgefunden.\" width=\"800\" height=\"450\" class=\"bg-[url:var(--lqipURL)] bg-cover bg-center flex h-full w-full max-w-full\" style=\"--lqipURL:url('https:\/\/images.t-online.de\/2026\/07\/XavtIWnZXjLW\/0x75:800x450\/fit-in\/150x0\/filters:blur(25)\/ann-widdcombe-mit-toedlichen-verletzungen-in-ihrem-haus-aufgefunden.jpg')\" decoding=\"async\"\/><img loading=\"lazy\" src=\"https:\/\/www.t-online.de\/s\/paper\/_next\/static\/media\/zoom-in.f7dae02f.svg\" alt=\"Vergr\u00f6\u00dfern des Bildes\" title=\"Vergr\u00f6\u00dfern des Bildes\" class=\"block h-[calc(var(--height)_\/_16_*_1rem)] w-[calc(var(--width)_\/_16_*_1rem)] max-w-none absolute right-8 bottom-8 rounded-4 bg-snow p-8\" style=\"--width:32;--height:32\" decoding=\"async\"\/><\/a><\/p>\n<p>Ann Widdecombe: Mit t\u00f6dlichen Verletzungen in ihrem Haus aufgefunden. (Quelle: Jonathan Brady\/PA Wire\/dpa)<\/p>\n<p><img loading=\"lazy\" src=\"https:\/\/www.t-online.de\/s\/paper\/_next\/static\/media\/audio-volume.6689034c.svg\" alt=\"\" title=\"\" class=\"block h-[calc(var(--height)_\/_16_*_1rem)] w-[calc(var(--width)_\/_16_*_1rem)] max-w-none group-hover:brightness-0 group-hover:invert\" style=\"--width:16;--height:16\" decoding=\"async\"\/>Vorlesen<\/p>\n<p>Aktuelle Zeit:0:00Gesamtdauer:0:00<\/p>\n<p>1x<\/p>\n<p class=\"text-center\">Jetzt neu bei t-online:<\/p>\n<p class=\"text-center\">Schriftgr\u00f6\u00dfe anpassen!<\/p>\n<p><img loading=\"lazy\" src=\"https:\/\/www.t-online.de\/s\/paper\/_next\/static\/media\/font-sizes.32942e33.svg\" alt=\"\" title=\"\" class=\"block h-[calc(var(--height)_\/_16_*_1rem)] w-[calc(var(--width)_\/_16_*_1rem)] max-w-none group-hover:hidden group-aria-expanded:hidden\" style=\"--width:16;--height:16\" decoding=\"async\"\/><img loading=\"lazy\" src=\"https:\/\/www.t-online.de\/s\/paper\/_next\/static\/media\/font-sizes-dark-mode.e382645c.svg\" alt=\"\" title=\"\" class=\"block h-[calc(var(--height)_\/_16_*_1rem)] w-[calc(var(--width)_\/_16_*_1rem)] max-w-none hidden group-hover:block group-aria-expanded:block\" style=\"--width:16;--height:16\" decoding=\"async\"\/><img loading=\"lazy\" src=\"https:\/\/www.t-online.de\/s\/paper\/_next\/static\/media\/sharing-menu-icon.1eb71368.svg\" alt=\"\" title=\"\" class=\"block h-[calc(var(--height)_\/_16_*_1rem)] w-[calc(var(--width)_\/_16_*_1rem)] max-w-none group-hover:brightness-0 group-hover:invert\" style=\"--width:16;--height:16\" decoding=\"async\"\/>Artikel teilen<\/p>\n<p class=\"font-bold text-18 leading-17 user-text-lg:text-22 user-text-xl:text-24\">Die Brexit-Politikerin Ann Widdecombe wird tot in ihrem Haus aufgefunden. Bald darauf wird ein Tatverd\u00e4chtiger ermittelt. Jetzt folgt die Anklage.<\/p>\n<p class=\"text-18 leading-17 user-text-lg:text-22 user-text-xl:text-24\">Im Fall um die britische Brexit-Ikone Ann Widdecombe ist der zuvor als Tatverd\u00e4chtiger geltende 28-j\u00e4hrige Brite wegen Mordes angeklagt worden. Der Mann aus der Grafschaft South Yorkshire werde an diesem Dienstag vor Gericht erscheinen, teilte der Crown Prosecution Service, die Anklagebeh\u00f6rde von England und Wales, mit.<\/p>\n<p class=\"text-18 leading-17 user-text-lg:text-22 user-text-xl:text-24\">&#8222;Die Ermittlungen der Polizei zu den Motiven des Angeklagten dauern an, darunter auch die Pr\u00fcfung eines m\u00f6glichen politischen oder terroristischen Hintergrunds&#8220;, sagte der Chief Crown Prosecutor Frank Ferguson. &#8222;Wir werden die Polizei auch im weiteren Verlauf der Ermittlungen weiterhin unterst\u00fctzen.&#8220; Der Angeklagte habe das Recht auf ein faires Verfahren.<\/p>\n<p class=\"text-18 leading-17 user-text-lg:text-22 user-text-xl:text-24\">Die mutma\u00dfliche Ermordung von Widdecombe hatte in <a href=\"https:\/\/www.t-online.de\/themen\/grossbritannien\/\" class=\"transition-colors cursor-pointer no-underline md:hover:text-magenta md:focus:text-magenta border-b border-solid border-current text-salemsfur md:hover:border-magenta\" data-tracking=\"{&quot;action&quot;:&quot;click&quot;,&quot;category&quot;:&quot;intextLink&quot;,&quot;label&quot;:&quot;\/themen\/grossbritannien\/&quot;}\" data-sctrack=\"BodyAnchor\" rel=\"nofollow noopener\" target=\"_blank\">Gro\u00dfbritannien<\/a> enormes Aufsehen erregt. Die 78 Jahre alte fr\u00fchere Abgeordnete und beinharte Brexit-Bef\u00fcrworterin Widdecombe war Anfang Juli in ihrem Haus im Dartmoor in der Grafschaft Devon tot aufgefunden worden. Ihre Leiche wies schwere Verletzungen auf. Daraufhin wurde eine Mordermittlung eingeleitet.<\/p>\n<p>Widdecombe vertrat ultrakonservative Ansichten<\/p>\n<p class=\"text-18 leading-17 user-text-lg:text-22 user-text-xl:text-24\">Widdecombe war jahrelang Abgeordnete f\u00fcr die Konservativen im britischen Unterhaus und sa\u00df schlie\u00dflich als \u00fcberzeugte Bef\u00fcrworterin des EU-Austritts f\u00fcr die Brexit-Partei von Brexit-Vork\u00e4mpfer Nigel Farage als Abgeordnete im Europ\u00e4ischen Parlament. Sp\u00e4ter war sie Sprecherin der Nachfolgepartei Reform UK.<\/p>\n<p class=\"text-18 leading-17 user-text-lg:text-22 user-text-xl:text-24\">Die zum Katholizismus \u00fcbergetretene Politikerin vertrat zudem ultrakonservative Ansichten. So forderte sie etwa die Wiedereinf\u00fchrung der Todesstrafe, sprach sich gegen die gleichgeschlechtliche Ehe und die Selbstbestimmung von Transpersonen \u00fcber deren Geschlecht aus.<\/p>\n<p class=\"text-18 leading-17 user-text-lg:text-22 user-text-xl:text-24\">Widdecombe sei eine au\u00dfergew\u00f6hnliche Frau gewesen, &#8222;die sich hinstellte und f\u00fcr das k\u00e4mpfte, woran sie glaubte&#8220;, sagte Farage in einer Videobotschaft auf X. Der umstrittene rechtspopulistische Politiker f\u00fchrt derzeit mit Reform UK die Umfragen an.<\/p>\n<p class=\"text-18 leading-17 user-text-lg:text-22 user-text-xl:text-24\">Auch im britischen Unterhaltungsfernsehen war Widdecombe keine Unbekannte: So trat sie etwa bei der Tanzshow &#8222;Strictly Come Dancing&#8220; und bei &#8222;Celebrity Big Brother&#8220; auf.<\/p>\n","protected":false},"excerpt":{"rendered":"Ann Widdecombe Brexit-Bef\u00fcrworterin ermordet \u2013 Anklage gegen 28-J\u00e4hrigen erhoben 21.07.2026 &#8211; 00:34 UhrLesedauer: 2 Min. Ann Widdecombe: Mit&hellip;\n","protected":false},"author":2,"featured_media":1181335,"comment_status":"","ping_status":"","sticky":false,"template":"","format":"standard","meta":{"footnotes":"","_share_on_mastodon":"0"},"categories":[3],"tags":[1217,1999,247008,13935,247010,3058,13,2183,14,15,30683,121,12,247009,10,8,9,11,103,104],"class_list":["post-1181334","post","type-post","status-publish","format-standard","has-post-thumbnail","category-welt","tag-1217","tag-anklage","tag-ann-widdecombe","tag-brexit","tag-crown-prosecution-service","tag-england","tag-headlines","tag-mord","tag-nachrichten","tag-news","tag-nigel-farage","tag-polizei","tag-schlagzeilen","tag-south-yorkshire","tag-top-news","tag-top-meldungen","tag-topmeldungen","tag-topnews","tag-welt","tag-world"],"share_on_mastodon":{"url":"https:\/\/pubeurope.com\/@de\/116955283330368009","error":""},"_links":{"self":[{"href":"https:\/\/www.europesays.com\/de\/wp-json\/wp\/v2\/posts\/1181334","targetHints":{"allow":["GET"]}}],"collection":[{"href":"https:\/\/www.europesays.com\/de\/wp-json\/wp\/v2\/posts"}],"about":[{"href":"https:\/\/www.europesays.com\/de\/wp-json\/wp\/v2\/types\/post"}],"author":[{"embeddable":true,"href":"https:\/\/www.europesays.com\/de\/wp-json\/wp\/v2\/users\/2"}],"replies":[{"embeddable":true,"href":"https:\/\/www.europesays.com\/de\/wp-json\/wp\/v2\/comments?post=1181334"}],"version-history":[{"count":0,"href":"https:\/\/www.europesays.com\/de\/wp-json\/wp\/v2\/posts\/1181334\/revisions"}],"wp:featuredmedia":[{"embeddable":true,"href":"https:\/\/www.europesays.com\/de\/wp-json\/wp\/v2\/media\/1181335"}],"wp:attachment":[{"href":"https:\/\/www.europesays.com\/de\/wp-json\/wp\/v2\/media?parent=1181334"}],"wp:term":[{"taxonomy":"category","embeddable":true,"href":"https:\/\/www.europesays.com\/de\/wp-json\/wp\/v2\/categories?post=1181334"},{"taxonomy":"post_tag","embeddable":true,"href":"https:\/\/www.europesays.com\/de\/wp-json\/wp\/v2\/tags?post=1181334"}],"curies":[{"name":"wp","href":"https:\/\/api.w.org\/{rel}","templated":true}]}}