{"id":1181402,"date":"2026-07-21T01:57:26","date_gmt":"2026-07-21T01:57:26","guid":{"rendered":"https:\/\/www.europesays.com\/de\/1181402\/"},"modified":"2026-07-21T01:57:26","modified_gmt":"2026-07-21T01:57:26","slug":"roland-kaiser-als-wirtschaftsfaktor-dawo","status":"publish","type":"post","link":"https:\/\/www.europesays.com\/de\/1181402\/","title":{"rendered":"Roland Kaiser als Wirtschaftsfaktor &#8211; DAWO!"},"content":{"rendered":"<p><img decoding=\"async\" src=\"https:\/\/www.europesays.com\/de\/wp-content\/uploads\/2026\/07\/Roland_Kaiser_Foto_TomSchulze-678x381.jpg\" alt=\"\" title=\"Roland Kaiser am 17.09.2021 in Riesa\" class=\"lazyload\" style=\"--smush-placeholder-width: 678px; --smush-placeholder-aspect-ratio: 678\/381;\"\/><br \/>\nRoland Kaiser Foto: T. Schulze<\/p>\n<p><strong>Er steht im Rampenlicht der \u00d6ffentlichkeit \u2013 und das schon seit Jahrzehnten: <a href=\"https:\/\/roland-kaiser.de\/\" rel=\"nofollow noopener\" target=\"_blank\">Roland Kaiser<\/a>. Dass er mit Dresden eine Aff\u00e4re hat, die zur Liebe wurde \u2013 l\u00e4ngst kein Geheimnis mehr und bei der Kaisermania Jahr f\u00fcr Jahr zu erleben<\/strong>. <\/p>\n<p>Doch der S\u00e4nger ist f\u00fcr Dresden mittlerweile ein wirklich starker Wirtschaftsfaktor geworden. Denn wenn er seine vier Konzerte am Elbufer spielt, dann sind insgesamt 50.000 Konzertbesucher dabei und von denen kommen 57 Prozent als Tages- oder \u00dcbernachtungsg\u00e4ste von au\u00dferhalb. Die wiederum verbringen im Schnitt zwei N\u00e4chte in den umliegenden Hotels und Appartements. Einer Studie der Dresden Marketing GmbH zufolge sp\u00fclen die Kaisermania-Besucher richtig viel Geld in die Stadt, im Jahr 2023 waren es 21,5 Millionen Euro. Ein Konzertbesuch bedeutet eben nicht nur einen Schlagerabend am Elbufer, sondern neben \u00dcbernachtungen auch Restaurantbesuche, Eink\u00e4ufe, Fahrten mit dem \u00f6ffentlichen Nahverkehr, Parkgeb\u00fchren, Stadtrundfahrten und weitere touristische Angebote. Oder anders gesagt: Roland Kaiser ist ein Wirtschaftsfaktor f\u00fcr Dresden. Daf\u00fcr erhielt der beliebte S\u00e4nger \u00fcbrigens schon 2017 die Ehrenmedaille der Landeshauptstadt Dresden und einen Eintrag ins Goldene Buch der Stadt.<\/p>\n<p><strong>Kaisermania 2026 in Dresden, 31.7.\/1.8. und 7.\/8.8.<\/strong><\/p>\n<p>&#13;<br \/>\n\t\t\t\t Post Views: 180&#13;\n\t\t\t<\/p>\n","protected":false},"excerpt":{"rendered":"Roland Kaiser Foto: T. Schulze Er steht im Rampenlicht der \u00d6ffentlichkeit \u2013 und das schon seit Jahrzehnten: Roland&hellip;\n","protected":false},"author":2,"featured_media":1181403,"comment_status":"","ping_status":"","sticky":false,"template":"","format":"standard","meta":{"footnotes":"","_share_on_mastodon":"0"},"categories":[1835],"tags":[3364,29,2386,30,86637,10767,859],"class_list":["post-1181402","post","type-post","status-publish","format-standard","has-post-thumbnail","category-dresden","tag-de","tag-deutschland","tag-dresden","tag-germany","tag-kaisermania","tag-roland-kaiser","tag-sachsen"],"share_on_mastodon":{"url":"https:\/\/pubeurope.com\/@de\/116955491193796671","error":""},"_links":{"self":[{"href":"https:\/\/www.europesays.com\/de\/wp-json\/wp\/v2\/posts\/1181402","targetHints":{"allow":["GET"]}}],"collection":[{"href":"https:\/\/www.europesays.com\/de\/wp-json\/wp\/v2\/posts"}],"about":[{"href":"https:\/\/www.europesays.com\/de\/wp-json\/wp\/v2\/types\/post"}],"author":[{"embeddable":true,"href":"https:\/\/www.europesays.com\/de\/wp-json\/wp\/v2\/users\/2"}],"replies":[{"embeddable":true,"href":"https:\/\/www.europesays.com\/de\/wp-json\/wp\/v2\/comments?post=1181402"}],"version-history":[{"count":0,"href":"https:\/\/www.europesays.com\/de\/wp-json\/wp\/v2\/posts\/1181402\/revisions"}],"wp:featuredmedia":[{"embeddable":true,"href":"https:\/\/www.europesays.com\/de\/wp-json\/wp\/v2\/media\/1181403"}],"wp:attachment":[{"href":"https:\/\/www.europesays.com\/de\/wp-json\/wp\/v2\/media?parent=1181402"}],"wp:term":[{"taxonomy":"category","embeddable":true,"href":"https:\/\/www.europesays.com\/de\/wp-json\/wp\/v2\/categories?post=1181402"},{"taxonomy":"post_tag","embeddable":true,"href":"https:\/\/www.europesays.com\/de\/wp-json\/wp\/v2\/tags?post=1181402"}],"curies":[{"name":"wp","href":"https:\/\/api.w.org\/{rel}","templated":true}]}}