{"id":118150,"date":"2025-05-17T16:23:22","date_gmt":"2025-05-17T16:23:22","guid":{"rendered":"https:\/\/www.europesays.com\/de\/118150\/"},"modified":"2025-05-17T16:23:22","modified_gmt":"2025-05-17T16:23:22","slug":"turm-von-sterkrader-schuelerinnen-ueberzeugt-fachjury","status":"publish","type":"post","link":"https:\/\/www.europesays.com\/de\/118150\/","title":{"rendered":"Turm von Sterkrader Sch\u00fclerinnen \u00fcberzeugt Fachjury"},"content":{"rendered":"<p class=\"small date article__date\">Ver\u00f6ffentlicht:\u00a0Samstag, 17.05.2025 06:02<\/p>\n<p>Vier Sch\u00fclerinnen vom Freiherr-vom-Stein-Gymnasium in Sterkrade stehen im Bundesfinale des Junior.ING, einem der gr\u00f6\u00dften Sch\u00fclerwettbewerbe in Deutschland. Sie haben einen Turm konstruiert, ein Modell gebaut und damit eine Fachjury \u00fcberzeugt. Das hat uns die Ingenieurkammer-BAU NRW gesagt. Insgesamt waren 86 Teams mit ihren Modellen beim Junior.ING angetreten. <\/p>\n<p><img decoding=\"async\" alt=\"\" src=\"https:\/\/www.europesays.com\/de\/wp-content\/uploads\/2025\/05\/junior-ing.png&#038;crop=0x0x997x623&#038;resize=997x623&#038;dt=202505160855450.png\" data-size=\"997x623\"\/>\u00a9 Ingeniurskammer-Bau NRW<\/p>\n","protected":false},"excerpt":{"rendered":"Ver\u00f6ffentlicht:\u00a0Samstag, 17.05.2025 06:02 Vier Sch\u00fclerinnen vom Freiherr-vom-Stein-Gymnasium in Sterkrade stehen im Bundesfinale des Junior.ING, einem der gr\u00f6\u00dften Sch\u00fclerwettbewerbe&hellip;\n","protected":false},"author":2,"featured_media":118151,"comment_status":"","ping_status":"","sticky":false,"template":"","format":"standard","meta":{"footnotes":""},"categories":[1838],"tags":[45297,45295,45299,45298,45296,17971,3364,29,3715,30,1209,24895],"class_list":{"0":"post-118150","1":"post","2":"type-post","3":"status-publish","4":"format-standard","5":"has-post-thumbnail","7":"category-duisburg","8":"tag-bundesfinale","9":"tag-freiherr-vom-stein-gymnasium","10":"tag-ingenieurkammer-bau-nrw","11":"tag-junior-ing","12":"tag-schlerwettbewerb","13":"tag-sterkrade","14":"tag-de","15":"tag-deutschland","16":"tag-duisburg","17":"tag-germany","18":"tag-nordrhein-westfalen","19":"tag-turm"},"share_on_mastodon":{"url":"https:\/\/pubeurope.com\/@de\/114524101561638875","error":""},"_links":{"self":[{"href":"https:\/\/www.europesays.com\/de\/wp-json\/wp\/v2\/posts\/118150","targetHints":{"allow":["GET"]}}],"collection":[{"href":"https:\/\/www.europesays.com\/de\/wp-json\/wp\/v2\/posts"}],"about":[{"href":"https:\/\/www.europesays.com\/de\/wp-json\/wp\/v2\/types\/post"}],"author":[{"embeddable":true,"href":"https:\/\/www.europesays.com\/de\/wp-json\/wp\/v2\/users\/2"}],"replies":[{"embeddable":true,"href":"https:\/\/www.europesays.com\/de\/wp-json\/wp\/v2\/comments?post=118150"}],"version-history":[{"count":0,"href":"https:\/\/www.europesays.com\/de\/wp-json\/wp\/v2\/posts\/118150\/revisions"}],"wp:featuredmedia":[{"embeddable":true,"href":"https:\/\/www.europesays.com\/de\/wp-json\/wp\/v2\/media\/118151"}],"wp:attachment":[{"href":"https:\/\/www.europesays.com\/de\/wp-json\/wp\/v2\/media?parent=118150"}],"wp:term":[{"taxonomy":"category","embeddable":true,"href":"https:\/\/www.europesays.com\/de\/wp-json\/wp\/v2\/categories?post=118150"},{"taxonomy":"post_tag","embeddable":true,"href":"https:\/\/www.europesays.com\/de\/wp-json\/wp\/v2\/tags?post=118150"}],"curies":[{"name":"wp","href":"https:\/\/api.w.org\/{rel}","templated":true}]}}