{"id":1181514,"date":"2026-07-21T03:11:22","date_gmt":"2026-07-21T03:11:22","guid":{"rendered":"https:\/\/www.europesays.com\/de\/1181514\/"},"modified":"2026-07-21T03:11:22","modified_gmt":"2026-07-21T03:11:22","slug":"ukraine-krieg-putin-vereinbart-weitreichende-zusammenarbeit-mit-nordkorea","status":"publish","type":"post","link":"https:\/\/www.europesays.com\/de\/1181514\/","title":{"rendered":"Ukraine-Krieg: Putin vereinbart weitreichende Zusammenarbeit mit Nordkorea"},"content":{"rendered":"<p>Newsblog zum Krieg in der Ukraine <\/p>\n<p>Putin schlie\u00dft weitreichende Kooperation<\/p>\n<p>Aktualisiert am 21.07.2026 &#8211; 05:00 UhrLesedauer: 4 Min.<\/p>\n<p><a href=\"#focus-0\" class=\"transition-colors block text-current relative\" data-sctrack=\"FocusGalleryImage.Reference\"><img fetchpriority=\"high\" data-testid=\"Opener.Image\"   loading=\"eager\" src=\"https:\/\/www.europesays.com\/de\/wp-content\/uploads\/2026\/07\/putin-ist-auf-die-hilfe-von-staaten-wie-nordkorea-oder-china-dringend-angewiesen.jpg\" alt=\"Putin ist auf die Hilfe von Staaten wie Nordkorea oder China dringend angewiesen.\" title=\"Putin ist auf die Hilfe von Staaten wie Nordkorea oder China dringend angewiesen.\" width=\"2048\" height=\"1152\" class=\"bg-[url:var(--lqipURL)] bg-cover bg-center flex h-full w-full max-w-full\" style=\"--lqipURL:url('https:\/\/images.t-online.de\/2026\/07\/MddkD02OOaOD\/0x107:2048x1152\/fit-in\/150x0\/filters:blur(25)\/putin-ist-auf-die-hilfe-von-staaten-wie-nordkorea-oder-china-dringend-angewiesen.jpg')\" decoding=\"async\"\/><img loading=\"lazy\" src=\"https:\/\/www.t-online.de\/s\/paper\/_next\/static\/media\/zoom-in.f7dae02f.svg\" alt=\"Vergr\u00f6\u00dfern des Bildes\" title=\"Vergr\u00f6\u00dfern des Bildes\" class=\"block h-[calc(var(--height)_\/_16_*_1rem)] w-[calc(var(--width)_\/_16_*_1rem)] max-w-none absolute right-8 bottom-8 rounded-4 bg-snow p-8\" style=\"--width:32;--height:32\" decoding=\"async\"\/><\/a><\/p>\n<p>Putin ist auf die Hilfe von Staaten wie Nordkorea oder China dringend angewiesen. (Quelle: Sputnik\/Alexander Kazakov\/Pool via REUTERS)<\/p>\n<p class=\"text-center\">Jetzt neu bei t-online:<\/p>\n<p class=\"text-center\">Schriftgr\u00f6\u00dfe anpassen!<\/p>\n<p><img loading=\"lazy\" src=\"https:\/\/www.t-online.de\/s\/paper\/_next\/static\/media\/font-sizes.32942e33.svg\" alt=\"\" title=\"\" class=\"block h-[calc(var(--height)_\/_16_*_1rem)] w-[calc(var(--width)_\/_16_*_1rem)] max-w-none group-hover:hidden group-aria-expanded:hidden\" style=\"--width:16;--height:16\" decoding=\"async\"\/><img loading=\"lazy\" src=\"https:\/\/www.t-online.de\/s\/paper\/_next\/static\/media\/font-sizes-dark-mode.e382645c.svg\" alt=\"\" title=\"\" class=\"block h-[calc(var(--height)_\/_16_*_1rem)] w-[calc(var(--width)_\/_16_*_1rem)] max-w-none hidden group-hover:block group-aria-expanded:block\" style=\"--width:16;--height:16\" decoding=\"async\"\/><img loading=\"lazy\" src=\"https:\/\/www.t-online.de\/s\/paper\/_next\/static\/media\/sharing-menu-icon.1eb71368.svg\" alt=\"\" title=\"\" class=\"block h-[calc(var(--height)_\/_16_*_1rem)] w-[calc(var(--width)_\/_16_*_1rem)] max-w-none group-hover:brightness-0 group-hover:invert\" style=\"--width:16;--height:16\" decoding=\"async\"\/>Artikel teilen<\/p>\n<p class=\"font-bold text-18 leading-17 user-text-lg:text-22 user-text-xl:text-24\">In der Ukraine meldet sich der Armeechef im F\u00fchrungsstreit zu Wort. Putin empf\u00e4ngt einen wichtigen Partner im Kreml. Alle Entwicklungen im Newsblog.<\/p>\n<p>Nordkorea und Russland bauen ihre Zusammenarbeit weiter aus<\/p>\n<p class=\"text-18 leading-17 user-text-lg:text-22 user-text-xl:text-24\">Nordkoreas Au\u00dfenministerin Choe Son Hui hat in <a href=\"https:\/\/www.t-online.de\/themen\/moskau\/\" class=\"transition-colors cursor-pointer no-underline md:hover:text-magenta md:focus:text-magenta border-b border-solid border-current text-salemsfur md:hover:border-magenta\" data-tracking=\"{&quot;action&quot;:&quot;click&quot;,&quot;category&quot;:&quot;intextLink&quot;,&quot;label&quot;:&quot;\/themen\/moskau\/&quot;}\" data-sctrack=\"BodyAnchor\" rel=\"nofollow noopener\" target=\"_blank\">Moskau<\/a> sowohl ihren russischen Amtskollegen Sergei Lawrow als auch Pr\u00e4sident <a href=\"https:\/\/www.t-online.de\/themen\/wladimir-putin\/\" class=\"transition-colors cursor-pointer no-underline md:hover:text-magenta md:focus:text-magenta border-b border-solid border-current text-salemsfur md:hover:border-magenta\" data-tracking=\"{&quot;action&quot;:&quot;click&quot;,&quot;category&quot;:&quot;intextLink&quot;,&quot;label&quot;:&quot;\/themen\/wladimir-putin\/&quot;}\" data-sctrack=\"BodyAnchor\" rel=\"nofollow noopener\" target=\"_blank\">Wladimir Putin<\/a> zu Gespr\u00e4chen getroffen. Beim sogenannten &#8222;dritten strategischen Dialog&#8220; haben beide Seiten beschlossen, ihre bilaterale Zusammenarbeit weiter auszubauen und zu beschleunigen, berichtete Nordkoreas staatliche Nachrichtenagentur KCNA. Das Treffen der Au\u00dfenminister fand demnach bereits am Montag statt.<\/p>\n<p><a href=\"#focus-1\" class=\"transition-colors block text-current relative\" data-sctrack=\"FocusGalleryImage.Reference\"><img   loading=\"lazy\" src=\"https:\/\/www.europesays.com\/de\/wp-content\/uploads\/2026\/07\/putin-empfaengt-die-nordkoreanische-aussenministerin-choe-son-hui-bei-ihrem-treffen-im-kreml.jpg\" alt=\"Putin empf\u00e4ngt die nordkoreanische Au\u00dfenministerin Choe Son-hui bei ihrem Treffen im Kreml.\" title=\"Putin empf\u00e4ngt die nordkoreanische Au\u00dfenministerin Choe Son-hui bei ihrem Treffen im Kreml.\" width=\"800\" height=\"450\" class=\"h-full w-full max-w-full rounded-8\" decoding=\"async\"\/><img loading=\"lazy\" src=\"https:\/\/www.t-online.de\/s\/paper\/_next\/static\/media\/zoom-in.f7dae02f.svg\" alt=\"Vergr\u00f6\u00dfern des Bildes\" title=\"Vergr\u00f6\u00dfern des Bildes\" class=\"block h-[calc(var(--height)_\/_16_*_1rem)] w-[calc(var(--width)_\/_16_*_1rem)] max-w-none absolute right-8 bottom-8 rounded-4 bg-snow p-8\" style=\"--width:32;--height:32\" decoding=\"async\"\/>Putin empf\u00e4ngt die nordkoreanische Au\u00dfenministerin Choe Son-hui bei ihrem Treffen im Kreml. (Quelle: Alexander Shcherbak\/Pool Sputnik Kremlin\/AP\/dpa)<\/a><\/p>\n<p class=\"text-18 leading-17 user-text-lg:text-22 user-text-xl:text-24\">In einer gemeinsamen Erkl\u00e4rung sicherten sich beide Regierungen zudem weitreichenden sicherheitspolitischen Beistand zu. <a href=\"https:\/\/www.t-online.de\/themen\/russland\/\" class=\"transition-colors cursor-pointer no-underline md:hover:text-magenta md:focus:text-magenta border-b border-solid border-current text-salemsfur md:hover:border-magenta\" data-tracking=\"{&quot;action&quot;:&quot;click&quot;,&quot;category&quot;:&quot;intextLink&quot;,&quot;label&quot;:&quot;\/themen\/russland\/&quot;}\" data-sctrack=\"BodyAnchor\" rel=\"nofollow noopener\" target=\"_blank\">Russland<\/a> sprach <a href=\"https:\/\/www.t-online.de\/themen\/nordkorea\/\" class=\"transition-colors cursor-pointer no-underline md:hover:text-magenta md:focus:text-magenta border-b border-solid border-current text-salemsfur md:hover:border-magenta\" data-tracking=\"{&quot;action&quot;:&quot;click&quot;,&quot;category&quot;:&quot;intextLink&quot;,&quot;label&quot;:&quot;\/themen\/nordkorea\/&quot;}\" data-sctrack=\"BodyAnchor\" rel=\"nofollow noopener\" target=\"_blank\">Nordkorea<\/a> seine &#8222;volle Unterst\u00fctzung&#8220; bei dessen Bem\u00fchungen aus, die eigene Souver\u00e4nit\u00e4t gegen &#8222;feindliche&#8220; Bedrohungen zu verteidigen. Nordkorea wiederum erkl\u00e4rte seine &#8222;unver\u00e4nderte Unterst\u00fctzung f\u00fcr s\u00e4mtliche innen- und au\u00dfenpolitische Ma\u00dfnahmen&#8220; Russlands, die darauf abzielten, &#8222;die eigentliche Ursache des Ukraine-Konflikts zu beseitigen&#8220;.<\/p>\n<p class=\"text-18 leading-17 user-text-lg:text-22 user-text-xl:text-24\">Nordkorea ist seit Beginn des Ukraine-Kriegs eine f\u00fcr das Land beispiellose Milit\u00e4rkooperation mit Russland eingegangen. Neben fl\u00e4chendeckenden Lieferungen von Munition und Artilleriegeschossen hat Nordkorea laut Sch\u00e4tzungen des s\u00fcdkoreanischen Geheimdienstes bis zu 15.000 Soldaten zur Unterst\u00fctzung Russlands im Ukraine-Krieg entsandt.<\/p>\n<p>Ukraine: Armeechef Syrskyj meldet sich in F\u00fchrungsstreit zu Wort<\/p>\n<p class=\"text-18 leading-17 user-text-lg:text-22 user-text-xl:text-24\">In dem tagelangen Streit \u00fcber die ukrainische Milit\u00e4rf\u00fchrung hat sich erstmals der Oberkommandierende Olexander Syrskyj ge\u00e4u\u00dfert, der wom\u00f6glich vor der Entlassung steht. Es sei f\u00fcr ihn \u00fcberraschend gewesen zu erfahren, dass er einen Konflikt mit dem entlassenen Verteidigungsminister Mychajlo Fedorow gehabt haben solle, schrieb Syrskyj (60) in der offiziellen Milit\u00e4rzeitschrift &#8222;Militarnyj&#8220;.<\/p>\n<p><a href=\"#focus-2\" class=\"transition-colors block text-current relative\" data-sctrack=\"FocusGalleryImage.Reference\"><img   loading=\"lazy\" src=\"https:\/\/www.europesays.com\/de\/wp-content\/uploads\/2026\/07\/july-7-2024-odesa-odessa-oblast-ukraine-ukrainian-armed-forces-commander-oleksandr-syrskyi-right-and.jpeg\" alt=\"imago images 0707606624\" title=\"imago images 0707606624\" width=\"2525\" height=\"1421\" class=\"h-full w-full max-w-full rounded-8\" decoding=\"async\"\/><img loading=\"lazy\" src=\"https:\/\/www.t-online.de\/s\/paper\/_next\/static\/media\/zoom-in.f7dae02f.svg\" alt=\"Vergr\u00f6\u00dfern des Bildes\" title=\"Vergr\u00f6\u00dfern des Bildes\" class=\"block h-[calc(var(--height)_\/_16_*_1rem)] w-[calc(var(--width)_\/_16_*_1rem)] max-w-none absolute right-8 bottom-8 rounded-4 bg-snow p-8\" style=\"--width:32;--height:32\" decoding=\"async\"\/>Olexander Syrskyj: Er schaltet sich in die Debatte um den entlassenen Verteidigungsminister Mychajlo Fedorow ein. (Quelle: IMAGO\/Ukraine Presidency\/Ukrainian Pre\/imago)<\/a><\/p>\n<p class=\"text-18 leading-17 user-text-lg:text-22 user-text-xl:text-24\">Er habe das f\u00fcr unterschiedliche Auffassungen zwischen Ministerium und Milit\u00e4r in Sachfragen gehalten. &#8222;So sollte es zwischen zwei Institutionen w\u00e4hrend eines gro\u00dfen Krieges auch sein&#8220;, erkl\u00e4rte der General. Er sei manchmal hart. &#8222;Falls ich jemanden in irgendeiner Weise gekr\u00e4nkt habe: Mychajlo Albertowitsch, bitte entschuldigen Sie!&#8220;<\/p>\n<p class=\"text-18 leading-17 user-text-lg:text-22 user-text-xl:text-24\">In der <a href=\"https:\/\/www.t-online.de\/themen\/ukraine\/\" class=\"transition-colors cursor-pointer no-underline md:hover:text-magenta md:focus:text-magenta border-b border-solid border-current text-salemsfur md:hover:border-magenta\" data-tracking=\"{&quot;action&quot;:&quot;click&quot;,&quot;category&quot;:&quot;intextLink&quot;,&quot;label&quot;:&quot;\/themen\/ukraine\/&quot;}\" data-sctrack=\"BodyAnchor\" rel=\"nofollow noopener\" target=\"_blank\">Ukraine<\/a> gibt es seit Tagen Proteste, weil Pr\u00e4sident <a href=\"https:\/\/www.t-online.de\/themen\/wolodymyr-selenskyj\/\" class=\"transition-colors cursor-pointer no-underline md:hover:text-magenta md:focus:text-magenta border-b border-solid border-current text-salemsfur md:hover:border-magenta\" data-tracking=\"{&quot;action&quot;:&quot;click&quot;,&quot;category&quot;:&quot;intextLink&quot;,&quot;label&quot;:&quot;\/themen\/wolodymyr-selenskyj\/&quot;}\" data-sctrack=\"BodyAnchor\" rel=\"nofollow noopener\" target=\"_blank\">Wolodymyr Selenskyj<\/a> den jungen Verteidigungsminister Fedorow entlassen hat. Dieser gilt als Reformer, der vor allem die erfolgreiche Drohnenkriegsf\u00fchrung vorangetrieben hat. Zugleich fordern die Demonstranten den R\u00fccktritt Syrskyjs, dem vorgehalten wird, zu sehr an taktischem Denken aus Sowjetzeiten festzuhalten.<\/p>\n","protected":false},"excerpt":{"rendered":"Newsblog zum Krieg in der Ukraine Putin schlie\u00dft weitreichende Kooperation Aktualisiert am 21.07.2026 &#8211; 05:00 UhrLesedauer: 4 Min.&hellip;\n","protected":false},"author":2,"featured_media":1181515,"comment_status":"","ping_status":"","sticky":false,"template":"","format":"standard","meta":{"footnotes":"","_share_on_mastodon":"0"},"categories":[4013],"tags":[144654,1217,326,6079,331,332,11170,227,1478,178298,325,13,699,39792,1460,4045,5020,451,308,159510,14,15,3129,885,18223,8337,4043,4044,850,307,25102,6402,12,8522,52707,58,317,306,107],"class_list":["post-1181514","post","type-post","status-publish","format-standard","has-post-thumbnail","category-russland","tag-guinea-bissau","tag-1217","tag-326","tag-6079","tag-aktuelle-nachrichten","tag-aktuelle-news","tag-alexander-lukaschenko","tag-china","tag-drohne","tag-fuehrungsstreit","tag-geheimdienst","tag-headlines","tag-indien","tag-kcna","tag-kind","tag-konflikt","tag-kreml","tag-militaer","tag-moskau","tag-mychajlo-fedorow","tag-nachrichten","tag-news","tag-newsblog","tag-nordkorea","tag-odessa","tag-olexander-syrskyj","tag-russia","tag-russian-federation","tag-russische-foederation","tag-russland","tag-saporischschja","tag-schiff","tag-schlagzeilen","tag-schwarze-meer","tag-sergei-lawrow","tag-syrien","tag-ukraine","tag-wladimir-putin","tag-wolodymyr-selenskyj"],"share_on_mastodon":{"url":"","error":"Validation failed: Text character limit of 500 exceeded"},"_links":{"self":[{"href":"https:\/\/www.europesays.com\/de\/wp-json\/wp\/v2\/posts\/1181514","targetHints":{"allow":["GET"]}}],"collection":[{"href":"https:\/\/www.europesays.com\/de\/wp-json\/wp\/v2\/posts"}],"about":[{"href":"https:\/\/www.europesays.com\/de\/wp-json\/wp\/v2\/types\/post"}],"author":[{"embeddable":true,"href":"https:\/\/www.europesays.com\/de\/wp-json\/wp\/v2\/users\/2"}],"replies":[{"embeddable":true,"href":"https:\/\/www.europesays.com\/de\/wp-json\/wp\/v2\/comments?post=1181514"}],"version-history":[{"count":0,"href":"https:\/\/www.europesays.com\/de\/wp-json\/wp\/v2\/posts\/1181514\/revisions"}],"wp:featuredmedia":[{"embeddable":true,"href":"https:\/\/www.europesays.com\/de\/wp-json\/wp\/v2\/media\/1181515"}],"wp:attachment":[{"href":"https:\/\/www.europesays.com\/de\/wp-json\/wp\/v2\/media?parent=1181514"}],"wp:term":[{"taxonomy":"category","embeddable":true,"href":"https:\/\/www.europesays.com\/de\/wp-json\/wp\/v2\/categories?post=1181514"},{"taxonomy":"post_tag","embeddable":true,"href":"https:\/\/www.europesays.com\/de\/wp-json\/wp\/v2\/tags?post=1181514"}],"curies":[{"name":"wp","href":"https:\/\/api.w.org\/{rel}","templated":true}]}}