{"id":1181708,"date":"2026-07-21T05:12:14","date_gmt":"2026-07-21T05:12:14","guid":{"rendered":"https:\/\/www.europesays.com\/de\/1181708\/"},"modified":"2026-07-21T05:12:14","modified_gmt":"2026-07-21T05:12:14","slug":"innenstadt-von-duesseldorf-muell-und-faekalien-tuchtinsel-ist-derzeit-kein-schoener-anblick","status":"publish","type":"post","link":"https:\/\/www.europesays.com\/de\/1181708\/","title":{"rendered":"Innenstadt von D\u00fcsseldorf: M\u00fcll und F\u00e4kalien \u2013 Tuchtinsel ist derzeit kein sch\u00f6ner Anblick"},"content":{"rendered":"<p class=\"text_ohne_einzug richtext text-em-55 !leading-serif mx-6 desktop:mx-0\">(ctri) Schon in der Vergangenheit war die kleine, spitz zulaufende Fl\u00e4che hinter den Geb\u00e4uden der Tuchtinsel zur Berliner Allee in der Innenstadt kein besonders sch\u00f6ner Anblick. Jahrelang standen dort Baucontainer, die auch mal mit gro\u00dfen Werbeplakaten versehen waren. Nach deren Abbau hatte die Stadt Ende 2025 den Asphalt an der Stelle aufrei\u00dfen und die kleine Fl\u00e4che begr\u00fcnen lassen.<\/p>\n<p class=\"richtext text-em-55 !leading-serif mx-6 desktop:mx-0\">Ein wenig Gr\u00fcn und eine Entsiegelung sind in der sonst so dicht bebauten Innenstadt ja w\u00fcnschenswert. Doch hat sich aus der Fl\u00e4che inzwischen ein kleiner, wilder Ort entwickelt, der aus der sonst ordentlichen Umgebung heraussticht. Wer in den vergangenen Tagen jedenfalls dort vorbeilief, sah vor allem viel M\u00fcll und Unrat auf dem Gr\u00fcn. To-go-Becher, leere Flaschen, Plastikteile, Chips-T\u00fcten und so manche Hinterlassenschaft zeigte sich gut sichtbar auf der Wiese. \u00c4hnliches war auch in dem kleinen Gang entlang des Gel\u00e4nders am K\u00f6-Bogen-Tunnel zu sehen, der zus\u00e4tzlich auch in Teilen mit F\u00e4kalien beschmutzt war.<\/p>\n<p class=\"richtext text-em-55 !leading-serif mx-6 desktop:mx-0\">Ein Zustand, den das Unternehmen Midstad \u00e4rgert, welches die Pl\u00e4ne zur Bebauung der Tuchtinsel im Auftrag der Eigent\u00fcmerfamilie Cloppenburg vorantreibt. Erste Ideen machten dazu schon die Runde, im Dezember sollen dann Entw\u00fcrfe der Planungsteams vorgestellt werden. Bis dahin veranlasse der Eigent\u00fcmer regelm\u00e4\u00dfige Reinigungen des Bereichs im unmittelbaren Umfeld der Immobilie (ehemaliges Schuhhaus B\u00f6hmer), so eine Sprecherin von Midstad. Zuletzt sei dort etwa im Juni eine gr\u00f6\u00dfere Sonderreinigung durchgef\u00fchrt worden.<\/p>\n<p class=\"richtext text-em-55 !leading-serif mx-6 desktop:mx-0\">Doch w\u00fcrden sich in dem Bereich immer wieder Personen dauerhaft aufhalten, wodurch es erneut zu Verschmutzungen komme. \u201eTrotz regelm\u00e4\u00dfiger Reinigungsma\u00dfnahmen l\u00e4sst sich dies leider nicht permanent verhindern\u201c, so die Sprecherin. Midstad hat deshalb den Eingangsbereich zum Ladenlokal an der Schadowstra\u00dfe 41 j\u00fcngst mit einem Holzzaun versehen und abgesperrt. Der Bereich entlang der Geb\u00e4udeseite \u2013 wie auch die Gr\u00fcnfl\u00e4che \u2013 ist jedoch st\u00e4dtisches Eigentum, weshalb sich der Eigent\u00fcmer dort nicht zust\u00e4ndig sieht.<\/p>\n<p class=\"richtext text-em-55 !leading-serif mx-6 desktop:mx-0\">Auf eine entsprechende Anfrage hat die Stadt nun reagiert und die Fl\u00e4che sichten lassen. Dabei seien \u201egeringf\u00fcgige Reinigungsdefizite\u201c festgestellt worden, sagt eine Sprecherin. Die Awista Kommunal sei entsprechend der vertraglichen Vereinbarung aufgefordert worden, \u201edie auff\u00e4lligen Bereiche zeitnah zu reinigen, bei Bedarf auch nass.\u201c<\/p>\n<p class=\"richtext text-em-55 !leading-serif mx-6 desktop:mx-0\">Grunds\u00e4tzlich unterliege die Tuchtinsel und die angesprochenen Stra\u00dfen der h\u00e4ufigsten Reinigungskategorie. Das beinhalte zw\u00f6lfmal w\u00f6chentlich eine Reinigung durch die Awista, bei der bei jedem vierten Reinigungsdurchgang auch das Gr\u00fcn ges\u00e4ubert werde. \u201eDie festgestellte Situation wurde zum Anlass genommen, die Awista Kommunal GmbH als beauftragten Dienstleister auf die Einhaltung der vereinbarten Qualit\u00e4tsma\u00dfst\u00e4be zu verweisen.\u201c<\/p>\n","protected":false},"excerpt":{"rendered":"(ctri) Schon in der Vergangenheit war die kleine, spitz zulaufende Fl\u00e4che hinter den Geb\u00e4uden der Tuchtinsel zur Berliner&hellip;\n","protected":false},"author":2,"featured_media":1181709,"comment_status":"","ping_status":"","sticky":false,"template":"","format":"standard","meta":{"footnotes":"","_share_on_mastodon":"0"},"categories":[1831],"tags":[78845,127797,179915,3364,29,3405,51475,13652,30,20282,6648,2065,19579,4103,1209,26195,125306],"class_list":["post-1181708","post","type-post","status-publish","format-standard","has-post-thumbnail","category-duesseldorf","tag-awista","tag-anblick","tag-begruenen","tag-de","tag-deutschland","tag-duesseldorf","tag-faekalien","tag-flaeche","tag-germany","tag-gruen","tag-gruenflaeche","tag-innenstadt","tag-kommunal","tag-muell","tag-nordrhein-westfalen","tag-schoener","tag-tuchtinsel"],"share_on_mastodon":{"url":"https:\/\/pubeurope.com\/@de\/116956256440002859","error":""},"_links":{"self":[{"href":"https:\/\/www.europesays.com\/de\/wp-json\/wp\/v2\/posts\/1181708","targetHints":{"allow":["GET"]}}],"collection":[{"href":"https:\/\/www.europesays.com\/de\/wp-json\/wp\/v2\/posts"}],"about":[{"href":"https:\/\/www.europesays.com\/de\/wp-json\/wp\/v2\/types\/post"}],"author":[{"embeddable":true,"href":"https:\/\/www.europesays.com\/de\/wp-json\/wp\/v2\/users\/2"}],"replies":[{"embeddable":true,"href":"https:\/\/www.europesays.com\/de\/wp-json\/wp\/v2\/comments?post=1181708"}],"version-history":[{"count":0,"href":"https:\/\/www.europesays.com\/de\/wp-json\/wp\/v2\/posts\/1181708\/revisions"}],"wp:featuredmedia":[{"embeddable":true,"href":"https:\/\/www.europesays.com\/de\/wp-json\/wp\/v2\/media\/1181709"}],"wp:attachment":[{"href":"https:\/\/www.europesays.com\/de\/wp-json\/wp\/v2\/media?parent=1181708"}],"wp:term":[{"taxonomy":"category","embeddable":true,"href":"https:\/\/www.europesays.com\/de\/wp-json\/wp\/v2\/categories?post=1181708"},{"taxonomy":"post_tag","embeddable":true,"href":"https:\/\/www.europesays.com\/de\/wp-json\/wp\/v2\/tags?post=1181708"}],"curies":[{"name":"wp","href":"https:\/\/api.w.org\/{rel}","templated":true}]}}