{"id":1181733,"date":"2026-07-21T05:26:21","date_gmt":"2026-07-21T05:26:21","guid":{"rendered":"https:\/\/www.europesays.com\/de\/1181733\/"},"modified":"2026-07-21T05:26:21","modified_gmt":"2026-07-21T05:26:21","slug":"auf-naechster-wichtiger-bahnstrecke-im-osten-droht-eine-lange-vollsperrung","status":"publish","type":"post","link":"https:\/\/www.europesays.com\/de\/1181733\/","title":{"rendered":"Auf n\u00e4chster wichtiger Bahnstrecke im Osten droht eine lange Vollsperrung"},"content":{"rendered":"<p class=\"paragraph tw-mx-auto tw-mb-6\">Die \u00fcber zehnmonatige Vollsperrung der Bahnstrecke <a class=\"rtr-entity\" data-rtr-entity=\"Berlin\" data-rtr-id=\"d0f8ca37195d12bf55f612c03cb5ae6e0ea21dfa\" data-rtr-score=\"15.0\" data-rtr-etype=\"location\" data-rtr-index=\"30\" href=\"https:\/\/www.nordkurier.de\/thema\/berlin\" rel=\"nofollow noopener\" target=\"_blank\">Berlin<\/a>-Hamburg ist gerade \u00fcberstanden, da droht den <a class=\"rtr-entity\" data-rtr-entity=\"Pendler\" data-rtr-id=\"7e2694dfa3c263600b7a2bb353dbf756cfb14d1c\" data-rtr-score=\"35.82863501483679\" data-rtr-etype=\"keyword\" data-rtr-index=\"27\" href=\"https:\/\/www.nordkurier.de\/thema\/pendler\" rel=\"nofollow noopener\" target=\"_blank\">Pendlern<\/a> und Fahrg\u00e4sten der <a class=\"rtr-entity\" data-rtr-entity=\"Deutsche Bahn\" data-rtr-id=\"2c8485399ba5853abb187a70d476d39491b77207\" data-rtr-score=\"76.19662936188574\" data-rtr-etype=\"organisation\" data-rtr-index=\"10\" href=\"https:\/\/www.nordkurier.de\/thema\/deutsche-bahn\" rel=\"nofollow noopener\" target=\"_blank\">Deutschen Bahn<\/a> in Ostdeutschland bereits die n\u00e4chste gro\u00dfr\u00e4umige Bauma\u00dfnahme \u2013 und damit zus\u00e4tzliche Zeitbelastungen und Schienenersatzverkehr.<\/p>\n<p>Bauzeit von Januar bis September 2029<\/p>\n<p class=\"tw-text-neutral-10 tw-py-2 tw-border-t tw-mb-0 tw-text-title-md tw-font-medium tw-border-solid tw-border-b-neutral-10 tw-font-primary\">Empfohlene Artikel<\/p>\n<p class=\"paragraph tw-mx-auto tw-mb-6\">Im Zeitraum von Januar bis September 2029 sind auf der Bahnstrecke Berlin (Ostbahnhof\/Ostkreuz) \u2013 Frankfurt (Oder) nach Angaben der Deutschen Bahn AG mehrere Bauma\u00dfnahmen geplant. Das geht aus der Antwort der Bundesregierung\u00a0auf eine Kleine Anfrage der Linksfraktion im Deutschen <a class=\"rtr-entity\" data-rtr-entity=\"Bundestag\" data-rtr-id=\"1b34a36aa6174bbd923d9fc7da0a747e2243402b\" data-rtr-score=\"10.400593471810089\" data-rtr-etype=\"organisation\" data-rtr-index=\"25\" href=\"https:\/\/www.nordkurier.de\/thema\/bundestag\" rel=\"nofollow noopener\" target=\"_blank\">Bundestag<\/a>\u00a0hervor.<\/p>\n<p class=\"paragraph tw-mx-auto tw-mb-6\">Die Bauma\u00dfnahmen umfassen etwa 50 neue Weichen, 90 Kilometer Gleiserneuerung, acht neue Stellwerke, sechs Bahn\u00fcbergangs-Erneuerungen sowie 110 Kilometer neue Oberleitung &#8211; inklusive neuer Masten.<\/p>\n<p class=\"paragraph tw-mx-auto tw-mb-6\">Zudem sollen zwei Bahnsteige auf 210 Meter verl\u00e4ngert werden, eine neue Br\u00fccke an der A10 und eine neue Personen\u00fcberf\u00fchrung in Hangelsberg gebaut werden, die Strecke von Erkner bis Kunowice (Polen) mit dem Zugleitsystem ETCS ausger\u00fcstet werden sowie drei Gleise auf 740 Meter erweitert werden.<\/p>\n<p>Generalsanierung Berlin-Hamburg verz\u00f6gerte sich<\/p>\n<p class=\"paragraph tw-mx-auto tw-mb-6\">Noch nicht gekl\u00e4rt sei laut Bahn, ob es erneut zu einer Vollsperrung kommen werde. Nach Angaben der DB AG konzentrierten sich die aktuell geplanten Bauma\u00dfnahmen auf den Streckenabschnitt zwischen Hangelsberg und Frankfurt (Oder), schreibt die Regierung.<\/p>\n<p class=\"tw-text-neutral-10 tw-py-2 tw-border-t tw-mb-0 tw-text-title-md tw-font-medium tw-border-solid tw-border-b-neutral-10 tw-font-primary\">Empfohlene Artikel<\/p>\n<p class=\"paragraph tw-mx-auto tw-mb-6\">Einzelma\u00dfnahmen mit geringeren Auswirkungen seien zwischen Erkner und Hangelsberg geplant. \u201eDie genaue Baustellenreihung, die Wahl der Sperrart (Vollsperrung oder eingleisige Sperrung) und zeitliche Dauer der Sperrungen sei Gegenstand der laufenden Abstimmungen mit den Zugangsberechtigten\u201c, hei\u00dft es von Bahn und Regierung.<\/p>\n<p class=\"paragraph tw-mx-auto tw-mb-6\">Zur Erinnerung: Pendler und Fahrg\u00e4ste der Deutschen Bahn mussten aufgrund der Generalsanierung der Strecke Berlin-Hamburg vom August 2025 bis in den Juni 2026 lange Umleitungsstrecken beziehungsweise einen teils chaotischen Schienenersatzverkehr in Kauf nehmen.<\/p><\/p>\n","protected":false},"excerpt":{"rendered":"Die \u00fcber zehnmonatige Vollsperrung der Bahnstrecke Berlin-Hamburg ist gerade \u00fcberstanden, da droht den Pendlern und Fahrg\u00e4sten der Deutschen&hellip;\n","protected":false},"author":2,"featured_media":1181734,"comment_status":"","ping_status":"","sticky":false,"template":"","format":"standard","meta":{"footnotes":"","_share_on_mastodon":"0"},"categories":[1825],"tags":[2081,296,2030,29,23302,81257,30,38583,65386,4125,9286,3043],"class_list":["post-1181733","post","type-post","status-publish","format-standard","has-post-thumbnail","category-berlin","tag-bauarbeiten","tag-berlin","tag-deutsche-bahn","tag-deutschland","tag-frankfurt-oder","tag-generalsanierung-berlin-hamburg","tag-germany","tag-ostbahnhof","tag-ostkreuz","tag-pendler","tag-schienenersatzverkehr","tag-vollsperrung"],"share_on_mastodon":{"url":"https:\/\/pubeurope.com\/@de\/116956311585615224","error":""},"_links":{"self":[{"href":"https:\/\/www.europesays.com\/de\/wp-json\/wp\/v2\/posts\/1181733","targetHints":{"allow":["GET"]}}],"collection":[{"href":"https:\/\/www.europesays.com\/de\/wp-json\/wp\/v2\/posts"}],"about":[{"href":"https:\/\/www.europesays.com\/de\/wp-json\/wp\/v2\/types\/post"}],"author":[{"embeddable":true,"href":"https:\/\/www.europesays.com\/de\/wp-json\/wp\/v2\/users\/2"}],"replies":[{"embeddable":true,"href":"https:\/\/www.europesays.com\/de\/wp-json\/wp\/v2\/comments?post=1181733"}],"version-history":[{"count":0,"href":"https:\/\/www.europesays.com\/de\/wp-json\/wp\/v2\/posts\/1181733\/revisions"}],"wp:featuredmedia":[{"embeddable":true,"href":"https:\/\/www.europesays.com\/de\/wp-json\/wp\/v2\/media\/1181734"}],"wp:attachment":[{"href":"https:\/\/www.europesays.com\/de\/wp-json\/wp\/v2\/media?parent=1181733"}],"wp:term":[{"taxonomy":"category","embeddable":true,"href":"https:\/\/www.europesays.com\/de\/wp-json\/wp\/v2\/categories?post=1181733"},{"taxonomy":"post_tag","embeddable":true,"href":"https:\/\/www.europesays.com\/de\/wp-json\/wp\/v2\/tags?post=1181733"}],"curies":[{"name":"wp","href":"https:\/\/api.w.org\/{rel}","templated":true}]}}