{"id":1181756,"date":"2026-07-21T05:42:22","date_gmt":"2026-07-21T05:42:22","guid":{"rendered":"https:\/\/www.europesays.com\/de\/1181756\/"},"modified":"2026-07-21T05:42:22","modified_gmt":"2026-07-21T05:42:22","slug":"audi-a2-e-tron-mit-winglet-tuergriffen-und-zweigeteilter-heckscheibe","status":"publish","type":"post","link":"https:\/\/www.europesays.com\/de\/1181756\/","title":{"rendered":"Audi A2 e-tron mit Winglet-T\u00fcrgriffen und zweigeteilter Heckscheibe"},"content":{"rendered":"<p>Der Audi A2 e-tron bekommt offenbar Winglet-T\u00fcr\u00f6ffner und eine Heckscheibe, die durch einen Spoiler in eine oberen und eine untere H\u00e4lfte aufgeteilt wird. Das geht aus einem Erlk\u00f6nig-Video hervor, das zwei Prototypen in Kopenhagen zeigt.<\/p>\n<p>Auf das Video von Pro-Street.dk\u00a0wurden wir durch die Kollegen von Motor1 USA aufmerksam. Es zeigt <strong>Winglet-T\u00fcr\u00f6ffner<\/strong> an den vorderen und an den hinteren T\u00fcren. Diese geradezu winzigen Griffe besitzen meist an der R\u00fcckseite eine Taste, die man mit der Hand bet\u00e4tigt, um die T\u00fcr zu \u00f6ffnen. \u00c4hnliche Winglets besitzen auch der <a href=\"https:\/\/insideevs.de\/news\/785353\/volvo-ex60-t\u00fcrgriff-wing-grip\/\" data-inline-widget=\"internal-links\" data-type-id=\"0\" data-params=\"%7B%22article_edition_id%22%3A%22785353%22%2C%22section%22%3A%221%22%2C%22alias%22%3A%22volvo-ex60-t%C3%BCrgriff-wing-grip%22%7D\" rel=\"nofollow noopener\" target=\"_blank\">Volvo EX60<\/a> und der <a href=\"https:\/\/insideevs.de\/news\/790765\/bmw-ix5-60xdrive-daten-preise\/\" data-inline-widget=\"internal-links\" data-type-id=\"0\" data-params=\"%7B%22article_edition_id%22%3A%22790765%22%2C%22section%22%3A%221%22%2C%22alias%22%3A%22bmw-ix5-60xdrive-daten-preise%22%7D\" rel=\"nofollow noopener\" target=\"_blank\">BMW iX5<\/a>.\u00a0\u00a0<\/p>\n<p> <img decoding=\"async\" class=\"sizer\" draggable=\"false\" src=\"data:image\/png;base64,iVBORw0KGgoAAAANSUhEUgAAABAAAAAJCAYAAAA7KqwyAAAAGXRFWHRTb2Z0d2FyZQBBZG9iZSBJbWFnZVJlYWR5ccllPAAAABpJREFUeNpi\/P\/\/PwMlgImBQjBqwLAwACDAAOVfAw9\/ZDvcAAAAAElFTkSuQmCC\" alt=\"\"\/> <\/p>\n<p>Die zweite Besonderheit ist die Heckscheibe: Wie beim <a href=\"https:\/\/de.wikipedia.org\/wiki\/Audi_A2\" target=\"_blank\" rel=\"noopener noreferrer nofollow\">Audi A2 der Nuller-Jahre<\/a>\u00a0wird sie von einem <strong>Heckspoiler zweigeteilt<\/strong>, was die Sicht nach hinten nicht unbedingt verbessern d\u00fcrfte. Wie der erste A2 haben auch die Erlk\u00f6nige keinen Heckscheibenwischer. Au\u00dferdem ist dem Video zu entnehmen, dass es an der Front zwei Lichtleisten links und rechts als Tagfahrlicht geben wird, w\u00e4hrend die eigentlichen Scheinwerfer darunter liegen.\u00a0\u00a0<\/p>\n<p>Im Video erscheint der Wagen praktisch ohne Tarnung. Auf den Erlk\u00f6nigbildern von Automedia (siehe unten) ist er dagegen st\u00e4rker getarnt. Die Winglet-T\u00fcr\u00f6ffner sind ebenfalls zu sehen, und auch die <strong>lang gestreckte Dachlinie<\/strong> ist gut erkennbar. Diese kennen wir allerdings schon <a href=\"https:\/\/insideevs.de\/news\/796424\/audi-a2-prototyp-entwicklung-testkilometer\/\" data-inline-widget=\"internal-links\" data-type-id=\"0\" data-params=\"%7B%22article_edition_id%22%3A%22796424%22%2C%22section%22%3A%221%22%2C%22alias%22%3A%22audi-a2-prototyp-entwicklung-testkilometer%22%7D\" rel=\"nofollow noopener\" target=\"_blank\">von fr\u00fcheren Fotos<\/a>. Ganz ohne Tarnung zu sehen sein wird der Neuling im Herbst 2026, wie es auf der Audi-Website im FAQ-Bereich hei\u00dft. Demnach ist das Auto auch schon <strong>ab Herbst konfigurierbar<\/strong>.\u00a0<\/p>\n<p>                            <a href=\"http:\/\/insideevs.de\/photos\/929593\/audi-a2-e-tron-2026-erlkonig\/#8550593_audi-a2-e-tron-2026-erlkonig\" class=\"msnt-photo-thumb-gallery-main-photo-box\" itemprop=\"image\" itemscope=\"\" itemtype=\"https:\/\/schema.org\/ImageObject\" data-url=\"\/photos\/929593\/audi-a2-e-tron-2026-erlkonig\/#8550593_audi-a2-e-tron-2026-erlkonig\" data-thumb=\"\" data-caption=\"\" data-src=\"\" data-sub-html=\"Audi A2 e-tron (2026) Erlk\u00f6nig\" data-entity-id=\"8550593\" data-download-url=\"\" rel=\"nofollow noopener\" target=\"_blank\"><\/p>\n<p>                                    <img decoding=\"async\" src=\"https:\/\/www.europesays.com\/de\/wp-content\/uploads\/2025\/03\/16x9-tr.png\" loading=\"lazy\" alt=\"Audi A2 e-tron (2026) Erlk\u00f6nig\" width=\"16\" height=\"9\"\/><\/p>\n<p>                            <\/a><\/p>\n<p>                                    15                                <\/p>\n<p>\n                            Quelle: Automedia                        <\/p>\n<p>Auf der Hersteller-Website verr\u00e4t Audi auch schon die maximale Reichweite, den Basispreis, die Motorisierungen und die Ausstattungen.\u00a0Die Batteriegr\u00f6\u00dfen verr\u00e4t Audi noch nicht, doch das Modell soll in der Kompaktklasse antreten und <strong>bis zu 649 Kilometer Reichweite<\/strong> haben. Die Motoren bieten <strong>125, 140, 170 bzw. 240 kW<\/strong>. Demnach basiert das Modell nicht auf der verk\u00fcrzten Version des Elektrobaukastens, der den <a href=\"https:\/\/insideevs.de\/news\/792924\/vw-idpolo-2026-infos-details\/\" data-inline-widget=\"internal-links\" data-type-id=\"0\" data-params=\"%7B%22article_edition_id%22%3A%22792924%22%2C%22section%22%3A%221%22%2C%22alias%22%3A%22vw-idpolo-2026-infos-details%22%7D\" rel=\"nofollow noopener\" target=\"_blank\">VW ID. Polo<\/a> und Co. tr\u00e4gt. Vielmehr beruht der A2 e-tron auf der <strong>Plattform MEB+ des <a href=\"https:\/\/insideevs.de\/news\/793140\/vw-id3-neo-daten-preise\/\" data-inline-widget=\"internal-links\" data-type-id=\"0\" data-params=\"%7B%22article_edition_id%22%3A%22793140%22%2C%22section%22%3A%221%22%2C%22alias%22%3A%22vw-id3-neo-daten-preise%22%7D\" rel=\"nofollow noopener\" target=\"_blank\">VW ID.3 Neo<\/a><\/strong>. Die Modellpalette d\u00fcrfte etwa folgenderma\u00dfen aussehen:<\/p>\n<tr>\n<td>\u00a0<\/td>\n<td>Audi A2 e-tron<br \/>125 kW<\/td>\n<td>Audi A2 e-tron<br \/>140 kW<\/td>\n<td>Audi A2 e-tron<br \/>170 kW<\/td>\n<td>Audi A2 e-tron<br \/>240 kW<\/td>\n<\/tr>\n<tr>\n<td>Antrieb<\/td>\n<td>RWD 125 kW<br \/>(APP350)<\/td>\n<td>RWD 140 kW<br \/>(APP350)<\/td>\n<td>RWD 170 kW<br \/>(APP350)<\/td>\n<td>RWD 240 kW<br \/>(APP550)<\/td>\n<\/tr>\n<tr>\n<td>WLTP-Verbrauch<\/td>\n<td>13,0 kWh<\/td>\n<td>13,7 kWh<\/td>\n<td>14,9 kWh<\/td>\n<td>14,6 kWh<\/td>\n<\/tr>\n<tr>\n<td>Akku netto<\/td>\n<td>50 kWh<\/td>\n<td>58 kWh<\/td>\n<td>79 kWh<\/td>\n<td>79 kWh?<\/td>\n<\/tr>\n<tr>\n<td>WLTP-Reichweite<\/td>\n<td>ca. 420 km<\/td>\n<td>ca. 500 km<\/td>\n<td>649 km<\/td>\n<td>k.A.<\/td>\n<\/tr>\n<tr>\n<td>DC-Ladeleistung<\/td>\n<td>105 kW<\/td>\n<td>105 kW<\/td>\n<td>183 kW<\/td>\n<td>183 kW?<\/td>\n<\/tr>\n<p>Der ID.3 Neo nutzt den Motor mit der Bezeichnung APP350, der den beim alten ID.3 eingesetzten APP310 abl\u00f6st, wie VW in einer offiziellen Pressemeldung mitteilte. Nur beim Topmodell mit 240 kW wird die <a href=\"https:\/\/insideevs.de\/news\/661961\/volkswagen-id7-elektromotor-app550-210kw\/\" data-inline-widget=\"internal-links\" data-type-id=\"0\" data-params=\"%7B%22article_edition_id%22%3A%22661961%22%2C%22section%22%3A%221%22%2C%22alias%22%3A%22volkswagen-id7-elektromotor-app550-210kw%22%7D\" rel=\"nofollow noopener\" target=\"_blank\">Maschine APP550<\/a> eingesetzt, die im ID.7 deb\u00fctierte. Welche Batterie dort eingesetzt wird, ist noch nicht bekannt, aber vermutlich ist es der 79-kWh-Akku.<\/p>\n<p>Beim Audi A2 e-tron d\u00fcrften die gleichen Antriebe wie im ID.3 Neo eingesetzt werden. Audi gibt allerdings deutlich <strong>niedrigere Stromverbr\u00e4uche<\/strong>\u00a0an. Das d\u00fcrfte gr\u00f6\u00dftenteils an der aerodynamisch g\u00fcnstigen Form liegen. Beim ID.3 Neo liegt der niedrigste Verbrauch bei 14,1 kWh\/100 km. Audi gibt dagegen 13,0 kWh an, was das Modell zu einem der <a href=\"https:\/\/insideevs.de\/features\/558403\/elektroautos-kleinster-stromverbrauch-fahrzeugklassen-558403\/\" data-inline-widget=\"internal-links\" data-type-id=\"0\" data-params=\"%7B%22article_edition_id%22%3A%22558403%22%2C%22section%22%3A%223%22%2C%22alias%22%3A%22elektroautos-kleinster-stromverbrauch-fahrzeugklassen-558403%22%7D\" rel=\"nofollow noopener\" target=\"_blank\">sparsamsten Elektroautos \u00fcberhaupt<\/a> machen w\u00fcrde.<\/p>\n<p> <a class=\"lightzoom\" href=\"https:\/\/www.europesays.com\/de\/wp-content\/uploads\/2026\/07\/angaben-zum-a2-e-tron-von-der-audi-website.png\"> <img decoding=\"async\" class=\"custom-image\" draggable=\"false\" src=\"https:\/\/www.europesays.com\/de\/wp-content\/uploads\/2026\/07\/angaben-zum-a2-e-tron-von-der-audi-website.png\" alt=\"angaben-zum-a2-e-tron-von-der-audi-website\" width=\"1752\" height=\"759\" loading=\"lazy\"\/> <\/a> <\/p>\n<p>Bild von: Audi<\/p>\n<p>Die <strong>Maximalreichweite von 649 Kilometern<\/strong> d\u00fcrfte mit der 79-kWh-Batterie und dem 170-kW-Motor erreicht werden. Der entsprechende VW ID.3 Neo liegt bei maximal 627 km. Audi hat die Reichweite also um rund 22 km gesteigert\u00a0\u2013 das d\u00fcrfte allein mit verbesserter Aerodynamik machbar sein.\u00a0<\/p>\n<p>        <img decoding=\"async\" src=\"https:\/\/www.europesays.com\/de\/wp-content\/uploads\/2025\/03\/16x9-tr.png\" alt=\"Audi A2 e-tron (2026) in Erprobung\" width=\"16\" height=\"9\" loading=\"lazy\"\/><\/p>\n<p>Audi hat bereits offizielle Bilder vom getarnten A2 e-tron mit seiner aerodynamisch g\u00fcnstigen Dachlinie ver\u00f6ffentlicht<\/p>\n<p>Bild von: Audi<\/p>\n<p>Der von Audi genannte <strong>Basispreis von 38.200 Euro<\/strong> liegt deutlich \u00fcber dem niedrigsten Preis f\u00fcr den VW ID.3 Neo, den es laut Konfigurator ab 33.995 Euro gibt. Davon darf man noch die <a href=\"https:\/\/www.volkswagen.de\/de\/angebote-und-produkte\/e-auto-foerderung.html\/__layer\/layers\/angebote-und-produkte\/aktuelle_angebote\/kaufpraemie1\/master.layer?campaign=20044230_AOSEANewCars1HJ2026&amp;cpid=23479768011%7C193433217993&amp;country=DE&amp;adchan=SEAH&amp;adplt=PSEAC&amp;publisher=GOBI&amp;adpl=20160659&amp;adcr=E-Auto+F%C3%B6rderung&amp;format=NU&amp;language=DE&amp;adpay=pd&amp;adver=staatliche+f%C3%B6rderung+vw+id&amp;gclsrc=aw.ds&amp;gad_source=1&amp;gad_campaignid=23479768011&amp;gbraid=0AAAAADEbU6F6E0jvb7fgCCbvaJrSmofCy&amp;gclid=Cj0KCQjwjvfSBhDpARIsAEiOpSsUh_IYA_A1CbHkgHawBFpfLAPZcr3f6oWbX51wxtnnCgDHZDw1FSsaAuBtEALw_wcB\" target=\"_blank\" rel=\"noopener noreferrer nofollow\">&#8222;ID. Kaufpr\u00e4mie&#8220; von 3.000 Euro<\/a> abziehen, womit 30.995 Euro bleiben. Mit anderen Worten: Der Audi ist rund 7.000 Euro teurer.\u00a0<\/p>\n<p> <a class=\"lightzoom\" href=\"https:\/\/www.europesays.com\/de\/wp-content\/uploads\/2026\/07\/audi-a2-e-tron-preis.png\"> <img decoding=\"async\" class=\"custom-image\" draggable=\"false\" src=\"https:\/\/www.europesays.com\/de\/wp-content\/uploads\/2026\/07\/audi-a2-e-tron-preis.png\" alt=\"audi-a2-e-tron-preis\" width=\"858\" height=\"210\" loading=\"lazy\"\/> <\/a> <\/p>\n<p>Der Basispreis des A2 e-tron auf der Auti-Website<\/p>\n<p>Bild von: Audi<\/p>\n<p>Allerdings scheint er besser ausgestattet zu sein. Die Ausstattung der vier Varianten des A2 e-tron wird bereits auf der Website angegeben. Demnach erh\u00e4lt die Basisversion mit 125 kW bereits 18-Zoll-Alur\u00e4der, w\u00e4hrend der entsprechende ID.3 Neo Trend auf 18-Zoll-Stahlr\u00e4dern rollt. Zudem gibt es LED-Licht, Abstandstempomat (ACC) und R\u00fcckfahrkamera. Sitz- und Lenkradheizung sind erst bei der Version mit 140 kW serienm\u00e4\u00dfig.<\/p>\n<p><strong>Unter dem Strich<\/strong><\/p>\n<p>Neue Erlk\u00f6nigbilder und ein Erlk\u00f6nigvideo verraten inzwischen ziemlich genau, wie der Audi A2 e-tron aussehen wird. Die \u00e4u\u00dfere Form mit der langgezogenen Dachlinie und der zweigeteilten Heckscheibe \u00e4hnelt der des ersten Audi A2. Die Winglet-T\u00fcr\u00f6ffner sind ein neues Element, dem wir skeptisch gegen\u00fcberstehen. Denn wie l\u00e4sst sich so eine T\u00fcr von einem Passanten \u00f6ffnen, wenn sie nach einem Unfall verklemmt ist?<\/p>\n<p>Auch zur Technik verr\u00e4t Audi schon viel, und zwar direkt auf der Website. Daraus geht hervor, dass es sich um ein Schwestermodell des VW ID.3 Neo und des neuen Cupra Born handelt.\u00a0So nutzt Audi die Plattform k\u00fcnftig nicht nur f\u00fcr das Kompakt-SUV Q4 e-tron, sondern auch f\u00fcr einen Kompaktwagen. Die technischen Unterschiede zum ID.3 Neo d\u00fcrften eher gering sein, doch die sehr aerodynamische Form sorgt f\u00fcr einen rekordniedrigen Verbrauch und eine hohe Reichweite. Dazu kommen eine bessere Ausstattung \u2013 und ein h\u00f6herer Preis.<\/p>\n<p>Letzte \u00c4nderung am 21. Juli 2026: Erlk\u00f6nig-Video hinzugef\u00fcgt\u00a0<\/p>\n","protected":false},"excerpt":{"rendered":"Der Audi A2 e-tron bekommt offenbar Winglet-T\u00fcr\u00f6ffner und eine Heckscheibe, die durch einen Spoiler in eine oberen und&hellip;\n","protected":false},"author":2,"featured_media":1181757,"comment_status":"","ping_status":"","sticky":false,"template":"","format":"standard","meta":{"footnotes":"","_share_on_mastodon":"0"},"categories":[134],"tags":[764,175,170,169,29,247093,30,171,174,173,172],"class_list":["post-1181756","post","type-post","status-publish","format-standard","has-post-thumbnail","category-unternehmen-maerkte","tag-audi","tag-business","tag-companies","tag-companies-markets","tag-deutschland","tag-erlku00f6nige","tag-germany","tag-markets","tag-maerkte","tag-unternehmen","tag-unternehmen-maerkte"],"share_on_mastodon":{"url":"https:\/\/pubeurope.com\/@de\/116956374917219414","error":""},"_links":{"self":[{"href":"https:\/\/www.europesays.com\/de\/wp-json\/wp\/v2\/posts\/1181756","targetHints":{"allow":["GET"]}}],"collection":[{"href":"https:\/\/www.europesays.com\/de\/wp-json\/wp\/v2\/posts"}],"about":[{"href":"https:\/\/www.europesays.com\/de\/wp-json\/wp\/v2\/types\/post"}],"author":[{"embeddable":true,"href":"https:\/\/www.europesays.com\/de\/wp-json\/wp\/v2\/users\/2"}],"replies":[{"embeddable":true,"href":"https:\/\/www.europesays.com\/de\/wp-json\/wp\/v2\/comments?post=1181756"}],"version-history":[{"count":0,"href":"https:\/\/www.europesays.com\/de\/wp-json\/wp\/v2\/posts\/1181756\/revisions"}],"wp:featuredmedia":[{"embeddable":true,"href":"https:\/\/www.europesays.com\/de\/wp-json\/wp\/v2\/media\/1181757"}],"wp:attachment":[{"href":"https:\/\/www.europesays.com\/de\/wp-json\/wp\/v2\/media?parent=1181756"}],"wp:term":[{"taxonomy":"category","embeddable":true,"href":"https:\/\/www.europesays.com\/de\/wp-json\/wp\/v2\/categories?post=1181756"},{"taxonomy":"post_tag","embeddable":true,"href":"https:\/\/www.europesays.com\/de\/wp-json\/wp\/v2\/tags?post=1181756"}],"curies":[{"name":"wp","href":"https:\/\/api.w.org\/{rel}","templated":true}]}}