{"id":1181902,"date":"2026-07-21T07:08:19","date_gmt":"2026-07-21T07:08:19","guid":{"rendered":"https:\/\/www.europesays.com\/de\/1181902\/"},"modified":"2026-07-21T07:08:19","modified_gmt":"2026-07-21T07:08:19","slug":"elf-menschen-verletzt-krawalle-in-bologna-nach-toedlicher-festnahme","status":"publish","type":"post","link":"https:\/\/www.europesays.com\/de\/1181902\/","title":{"rendered":"Elf Menschen verletzt: Krawalle in Bologna nach t\u00f6dlicher Festnahme"},"content":{"rendered":"<p>Elf Menschen verletztKrawalle in Bologna nach t\u00f6dlicher Festnahme<\/p>\n<p>21.07.2026, 05:36 Uhr <\/p>\n<p>Artikel anh\u00f6ren(03:27 min)<\/p>\n<p><img decoding=\"async\" class=\"Image_img__fQCi0 Image_Img_16_9__4BLfH widget-picture-inline_maximizable__t_E7h\" loading=\"eager\" fetchpriority=\"high\" src=\"https:\/\/www.europesays.com\/de\/wp-content\/uploads\/2026\/07\/Protesters-clash-with-riot-police-during-a-protest-following-the-death-of-Abderrahim-Fakir-after-he-.webp\" alt=\"Protesters-clash-with-riot-police-during-a-protest-following-the-death-of-Abderrahim-Fakir-after-he-was-restrained-by-police-during-an-attempted-detention-in-Bologna-Italy-July-20-2026\"\/>Nach einer friedlichen Kundgebung lieferten sich viele Teilnehmer Stra\u00dfenschlachten mit der Polizei. (Foto: REUTERS)TeilenFolgen auf:<a href=\"https:\/\/www.whatsapp.com\/channel\/0029Va5cdVJD8SDp5YZgYF01\" title=\"Auf WhatsApp folgen\" target=\"_blank\" rel=\"nofollow noopener\"><img decoding=\"async\" src=\"https:\/\/www.n-tv.de\/socialIcons\/whatsapp.svg\" alt=\"whatsapp\" class=\"ArticleShare_icon__FsrC2\"\/><\/a><a href=\"https:\/\/www.google.com\/preferences\/source?q=n-tv.de\" title=\"ntv als bevorzugte Quelle auf Google hinzuf\u00fcgen\" target=\"_blank\" rel=\"nofollow noopener\"><img decoding=\"async\" src=\"https:\/\/www.n-tv.de\/socialIcons\/google.svg\" alt=\"whatsapp\" class=\"ArticleShare_icon__FsrC2\"\/><\/a><\/p>\n<p class=\"Typography_text-m__XI0da Typography_weight-bold__uT6mq storyline_lead_text_leadtext__q_wg8\">In Bologna dr\u00fccken zwei Polizisten einen Mann auf den Boden; als sie ihn nach mehreren Minuten loslassen, ist er tot. Die Emp\u00f6rung \u00fcber den Fall bringt Tausende Menschen auf die Stra\u00dfe, nicht alle bleiben friedlich. <\/p>\n<p class=\"Typography_text-default__P3otY Typography_weight-normal__pqUbH storyline_paragraph_p__qSR5N\">Der Tod eines Einwanderers aus Marokko bei einem Polizeieinsatz l\u00f6st Proteste in Italien aus. In der Universit\u00e4tsstadt Bologna, wo der 42-J\u00e4hrige am Sonntag starb, versammelten sich mehrere Tausend Menschen in der Innenstadt. Auf Plakaten waren Parolen wie &#8222;Wahrheit und Gerechtigkeit&#8220; zu lesen. Sprecher der Familie forderten Aufkl\u00e4rung.<\/p>\n<p class=\"Typography_text-default__P3otY Typography_weight-normal__pqUbH storyline_paragraph_p__qSR5N\">Der B\u00fcrgermeister von Bologna, Matteo Lepore, hatte zum \u00f6ffentlichen Innehalten und Gedenken aufgerufen. Im Anschluss an die friedliche Kundgebung marschierten Teilnehmer zum Pr\u00e4fekturgeb\u00e4ude, das von der Polizei abgeriegelt wurde. Augenzeugen berichten, es seien Flaschen und Feuerwerksk\u00f6rper in Richtung Polizei geflogen. Nach einem Bericht der italienischen Nachrichtenagentur Ansa wurden auch die Fenstergitter von gepanzerten Polizeifahrzeugen abgerissen. Die Polizei habe daraufhin Wasserwerfer und Tr\u00e4nengas eingesetzt.\u00a0<\/p>\n<p class=\"Typography_text-default__P3otY Typography_weight-normal__pqUbH storyline_paragraph_p__qSR5N\">Nach Angaben der Rettungsdienste wurden mindestens elf Menschen verletzt, sowohl Demonstranten als auch Polizisten. Der Anwalt der Familie des Get\u00f6teten verurteilte die Krawalle. Die Angeh\u00f6rigen h\u00e4tten um &#8222;Ruhe, H\u00f6flichkeit und Respekt gebeten&#8220;, erkl\u00e4rte er.\u00a0<\/p>\n<p>Videoaufnahmen werden ausgewertet<\/p>\n<p class=\"Typography_text-default__P3otY Typography_weight-normal__pqUbH storyline_paragraph_p__qSR5N\">Der Marokkaner, der seit 30 Jahren in Italien lebte, war am Sonntag auf einer Stra\u00dfe in Bologna ums Leben gekommen. Auf einem Video ist zu sehen, wie er von zwei Polizisten auf den Boden gedr\u00fcckt wird. Seine H\u00e4nde sind auf dem R\u00fccken mit Handschellen gefesselt. Mehrfach ruft er: &#8222;Hilfe! Genug, genug!&#8220; Die Beamten lassen jedoch erst nach mehreren Minuten von ihm ab, als er sich bereits nicht mehr bewegt. Ein Notarzt stellte dann seinen Tod fest.<\/p>\n<p class=\"Typography_text-default__P3otY Typography_weight-normal__pqUbH storyline_paragraph_p__qSR5N\">Der Fall sorgt in Italien f\u00fcr viele Schlagzeilen, weil ein Fall von exzessiver Polizeigewalt vermutet wird. Die rechte Regierung von Ministerpr\u00e4sidentin Giorgia Meloni sicherte &#8222;v\u00f6llige Transparenz&#8220; bei der Aufkl\u00e4rung zu. Aufschluss erhoffen sich die Ermittler von der Obduktion der Leiche. Zudem wurde die K\u00f6rperkamera (Bodycam) eines der beiden beteiligten Beamten der Staatsanwaltschaft \u00fcbergeben. Auch das Video, das von einem Nachbarn gedreht wurde, ist in deren Besitz.<\/p>\n<p class=\"Typography_text-default__P3otY Typography_weight-normal__pqUbH storyline_paragraph_p__qSR5N\">Gegen die zwei Polizisten laufen inzwischen Vorermittlungen wegen fahrl\u00e4ssiger T\u00f6tung, ebenso wie gegen insgesamt vier Sanit\u00e4ter, die die Szene dem Video zufolge zun\u00e4chst nur beobachtet hatten. F\u00fcr die Beamten greift eine Regelung aus Italiens neuem Sicherheitsgesetz: Anders als gew\u00f6hnliche Verd\u00e4chtige werden sie nicht direkt in ein Ermittlungsregister eingetragen, sondern in ein gesondertes Vorregister.\u00a0<\/p>\n<p class=\"Typography_text-default__P3otY Typography_weight-normal__pqUbH storyline_paragraph_p__qSR5N\">Dieses Vorregister wurde vor allem f\u00fcr F\u00e4lle geschaffen, in denen Polizisten oder andere Amtstr\u00e4ger bei der Aus\u00fcbung ihres Dienstes Gewalt anwenden und auf den ersten Blick ein Rechtfertigungsgrund daf\u00fcr vorzuliegen scheint. Erst wenn sich sp\u00e4ter zeigt, dass dieser Rechtfertigungsgrund doch nicht greift, wird ein regul\u00e4res Ermittlungsverfahren eingeleitet.<\/p>\n<p class=\"Typography_text-s__wu_cm Typography_weight-normal__pqUbH Typography_color-darkgrey__sZEnP article-detail-footer_source__KslPc\">Quelle: ntv.de, ino\/dpa<\/p>\n","protected":false},"excerpt":{"rendered":"Elf Menschen verletztKrawalle in Bologna nach t\u00f6dlicher Festnahme 21.07.2026, 05:36 Uhr Artikel anh\u00f6ren(03:27 min) Nach einer friedlichen Kundgebung&hellip;\n","protected":false},"author":2,"featured_media":1181903,"comment_status":"","ping_status":"","sticky":false,"template":"","format":"standard","meta":{"footnotes":"","_share_on_mastodon":"0"},"categories":[3],"tags":[13,984,355,4236,14,15,25441,159,12,10,8,9,11,103,104],"class_list":["post-1181902","post","type-post","status-publish","format-standard","has-post-thumbnail","category-welt","tag-headlines","tag-international","tag-italien","tag-krawalle","tag-nachrichten","tag-news","tag-polizeigewalt","tag-proteste","tag-schlagzeilen","tag-top-news","tag-top-meldungen","tag-topmeldungen","tag-topnews","tag-welt","tag-world"],"share_on_mastodon":{"url":"https:\/\/pubeurope.com\/@de\/116956715940715076","error":""},"_links":{"self":[{"href":"https:\/\/www.europesays.com\/de\/wp-json\/wp\/v2\/posts\/1181902","targetHints":{"allow":["GET"]}}],"collection":[{"href":"https:\/\/www.europesays.com\/de\/wp-json\/wp\/v2\/posts"}],"about":[{"href":"https:\/\/www.europesays.com\/de\/wp-json\/wp\/v2\/types\/post"}],"author":[{"embeddable":true,"href":"https:\/\/www.europesays.com\/de\/wp-json\/wp\/v2\/users\/2"}],"replies":[{"embeddable":true,"href":"https:\/\/www.europesays.com\/de\/wp-json\/wp\/v2\/comments?post=1181902"}],"version-history":[{"count":0,"href":"https:\/\/www.europesays.com\/de\/wp-json\/wp\/v2\/posts\/1181902\/revisions"}],"wp:featuredmedia":[{"embeddable":true,"href":"https:\/\/www.europesays.com\/de\/wp-json\/wp\/v2\/media\/1181903"}],"wp:attachment":[{"href":"https:\/\/www.europesays.com\/de\/wp-json\/wp\/v2\/media?parent=1181902"}],"wp:term":[{"taxonomy":"category","embeddable":true,"href":"https:\/\/www.europesays.com\/de\/wp-json\/wp\/v2\/categories?post=1181902"},{"taxonomy":"post_tag","embeddable":true,"href":"https:\/\/www.europesays.com\/de\/wp-json\/wp\/v2\/tags?post=1181902"}],"curies":[{"name":"wp","href":"https:\/\/api.w.org\/{rel}","templated":true}]}}