{"id":1181906,"date":"2026-07-21T07:10:23","date_gmt":"2026-07-21T07:10:23","guid":{"rendered":"https:\/\/www.europesays.com\/de\/1181906\/"},"modified":"2026-07-21T07:10:23","modified_gmt":"2026-07-21T07:10:23","slug":"kindersofortzuschlag-millionen-sind-von-kuerzung-betroffen","status":"publish","type":"post","link":"https:\/\/www.europesays.com\/de\/1181906\/","title":{"rendered":"Kindersofortzuschlag: Millionen sind von K\u00fcrzung betroffen"},"content":{"rendered":"<p>25 Euro pro Monat <\/p>\n<p>Regierung will Ampel-Projekt kippen \u2013 Millionen betroffen<\/p>\n<p>21.07.2026 &#8211; 07:20 UhrLesedauer: 2 Min.<\/p>\n<p><a href=\"#focus-0\" class=\"transition-colors block text-current relative\" data-sctrack=\"FocusGalleryImage.Reference\"><img fetchpriority=\"high\" data-testid=\"Opener.Image\"   loading=\"eager\" src=\"https:\/\/www.europesays.com\/de\/wp-content\/uploads\/2026\/07\/der-kanzler-stellt-sich-hinter-sparplaene-der-familienministerin-beim-staatlichen-unterhaltsvorschus.jpeg\" alt=\"Friedrich Merz und Karin Prien\" title=\"Friedrich Merz und Karin Prien\" width=\"2048\" height=\"1152\" class=\"bg-[url:var(--lqipURL)] bg-cover bg-center flex h-full w-full max-w-full\" style=\"--lqipURL:url('https:\/\/images.t-online.de\/2026\/07\/MALX53L-Za5h\/0x107:2048x1152\/fit-in\/150x0\/filters:blur(25)\/der-kanzler-stellt-sich-hinter-sparplaene-der-familienministerin-beim-staatlichen-unterhaltsvorschuss-kuendigt-aber-weitere-gespraeche-an-archivbild.jpg')\" decoding=\"async\"\/><img loading=\"lazy\" src=\"https:\/\/www.t-online.de\/s\/paper\/_next\/static\/media\/zoom-in.f7dae02f.svg\" alt=\"Vergr\u00f6\u00dfern des Bildes\" title=\"Vergr\u00f6\u00dfern des Bildes\" class=\"block h-[calc(var(--height)_\/_16_*_1rem)] w-[calc(var(--width)_\/_16_*_1rem)] max-w-none absolute right-8 bottom-8 rounded-4 bg-snow p-8\" style=\"--width:32;--height:32\" decoding=\"async\"\/><\/a><\/p>\n<p>Friedrich Merz und Karin Prien (Archivbild): Die Bundesregierung will an vielen Punkten sparen. (Quelle: Kay Nietfeld\/dpa\/dpa-bilder)<\/p>\n<p><img loading=\"lazy\" src=\"https:\/\/www.t-online.de\/s\/paper\/_next\/static\/media\/audio-volume.6689034c.svg\" alt=\"\" title=\"\" class=\"block h-[calc(var(--height)_\/_16_*_1rem)] w-[calc(var(--width)_\/_16_*_1rem)] max-w-none group-hover:brightness-0 group-hover:invert\" style=\"--width:16;--height:16\" decoding=\"async\"\/>Vorlesen<\/p>\n<p>Aktuelle Zeit:0:00Gesamtdauer:0:00<\/p>\n<p>1x<\/p>\n<p class=\"text-center\">Jetzt neu bei t-online:<\/p>\n<p class=\"text-center\">Schriftgr\u00f6\u00dfe anpassen!<\/p>\n<p><img loading=\"lazy\" src=\"https:\/\/www.t-online.de\/s\/paper\/_next\/static\/media\/font-sizes.32942e33.svg\" alt=\"\" title=\"\" class=\"block h-[calc(var(--height)_\/_16_*_1rem)] w-[calc(var(--width)_\/_16_*_1rem)] max-w-none group-hover:hidden group-aria-expanded:hidden\" style=\"--width:16;--height:16\" decoding=\"async\"\/><img loading=\"lazy\" src=\"https:\/\/www.t-online.de\/s\/paper\/_next\/static\/media\/font-sizes-dark-mode.e382645c.svg\" alt=\"\" title=\"\" class=\"block h-[calc(var(--height)_\/_16_*_1rem)] w-[calc(var(--width)_\/_16_*_1rem)] max-w-none hidden group-hover:block group-aria-expanded:block\" style=\"--width:16;--height:16\" decoding=\"async\"\/><img loading=\"lazy\" src=\"https:\/\/www.t-online.de\/s\/paper\/_next\/static\/media\/sharing-menu-icon.1eb71368.svg\" alt=\"\" title=\"\" class=\"block h-[calc(var(--height)_\/_16_*_1rem)] w-[calc(var(--width)_\/_16_*_1rem)] max-w-none group-hover:brightness-0 group-hover:invert\" style=\"--width:16;--height:16\" decoding=\"async\"\/>Artikel teilen<\/p>\n<p class=\"font-bold text-18 leading-17 user-text-lg:text-22 user-text-xl:text-24\">Es geht um 25 Euro pro Monat pro Kind \u2013 der Kindersofortzuschlag soll nach den Pl\u00e4nen der Bundesregierung abgeschafft werden. Die Opposition \u00fcbt deutliche Kritik.<\/p>\n<p class=\"text-18 leading-17 user-text-lg:text-22 user-text-xl:text-24\">Von der geplanten Streichung des Kindersofortzuschlags w\u00e4ren in Deutschland knapp 1,9 Millionen Familien betroffen. Wie aus einer Antwort der <a href=\"https:\/\/www.t-online.de\/themen\/bundesregierung\/\" class=\"transition-colors cursor-pointer no-underline md:hover:text-magenta md:focus:text-magenta border-b border-solid border-current text-salemsfur md:hover:border-magenta\" data-tracking=\"{&quot;action&quot;:&quot;click&quot;,&quot;category&quot;:&quot;intextLink&quot;,&quot;label&quot;:&quot;\/themen\/bundesregierung\/&quot;}\" data-sctrack=\"BodyAnchor\" rel=\"nofollow noopener\" target=\"_blank\">Bundesregierung<\/a> auf eine Anfrage des Linken-Bundestagsabgeordneten <a href=\"https:\/\/www.t-online.de\/themen\/dietmar-bartsch\/\" class=\"transition-colors cursor-pointer no-underline md:hover:text-magenta md:focus:text-magenta border-b border-solid border-current text-salemsfur md:hover:border-magenta\" data-tracking=\"{&quot;action&quot;:&quot;click&quot;,&quot;category&quot;:&quot;intextLink&quot;,&quot;label&quot;:&quot;\/themen\/dietmar-bartsch\/&quot;}\" data-sctrack=\"BodyAnchor\" rel=\"nofollow noopener\" target=\"_blank\">Dietmar Bartsch<\/a> hervorgeht, haben im M\u00e4rz dieses Jahres 1,88 Millionen Menschen die staatliche Leistung bezogen, die bisher an Familien mit sehr geringen Einkommen ausgezahlt wird. Allein in Nordrhein-Westfalen waren es rund 548.000 Menschen.<\/p>\n<p class=\"text-18 leading-17 user-text-lg:text-22 user-text-xl:text-24\">Der Kindersofortzuschlag in H\u00f6he von 25 Euro pro Monat wird an Kinder, Jugendliche und junge Erwachsene im Haushalt der Eltern gezahlt, die Anspruch auf bestimmte Sozialleistungen haben. Das H\u00f6chstalter betr\u00e4gt 25 Jahre. Die Ampel-Regierung aus <a href=\"https:\/\/www.t-online.de\/themen\/spd\/\" class=\"transition-colors cursor-pointer no-underline md:hover:text-magenta md:focus:text-magenta border-b border-solid border-current text-salemsfur md:hover:border-magenta\" data-tracking=\"{&quot;action&quot;:&quot;click&quot;,&quot;category&quot;:&quot;intextLink&quot;,&quot;label&quot;:&quot;\/themen\/spd\/&quot;}\" data-sctrack=\"BodyAnchor\" rel=\"nofollow noopener\" target=\"_blank\">SPD<\/a>, Gr\u00fcnen und <a href=\"https:\/\/www.t-online.de\/themen\/fdp\/\" class=\"transition-colors cursor-pointer no-underline md:hover:text-magenta md:focus:text-magenta border-b border-solid border-current text-salemsfur md:hover:border-magenta\" data-tracking=\"{&quot;action&quot;:&quot;click&quot;,&quot;category&quot;:&quot;intextLink&quot;,&quot;label&quot;:&quot;\/themen\/fdp\/&quot;}\" data-sctrack=\"BodyAnchor\" rel=\"nofollow noopener\" target=\"_blank\">FDP<\/a> hatte die Leistung im Jahr 2022 eingef\u00fchrt, um Kinderarmut zu bek\u00e4mpfen.<\/p>\n<p class=\"text-18 leading-17 user-text-lg:text-22 user-text-xl:text-24\">Nach den Pl\u00e4nen der Bundesregierung soll der Kindersofortzuschlag jetzt wieder abgeschafft werden. Die schwarz-rote Koalition begr\u00fcndet den Schritt mit Sparzw\u00e4ngen.<\/p>\n<ul class=\"text-18 leading-17 block pl-24 *:pb-16 *:before:inline-block *:before:size-8 *:before:bg-magenta *:before:mt-0 *:before:mr-12 *:before:mb-2 *:before:-ml-[20px]\">\n<li><strong class=\"font-bold\">Leihmutter-Aff\u00e4re:<\/strong> <a href=\"https:\/\/www.t-online.de\/nachrichten\/deutschland\/innenpolitik\/id_101350318\/spahn-verliert-fraktionsvorsitz-so-viel-geld-bleibt-ihm.html\" class=\"transition-colors cursor-pointer no-underline md:hover:text-magenta md:focus:text-magenta border-b border-solid border-current text-salemsfur md:hover:border-magenta\" data-tracking=\"{&quot;action&quot;:&quot;click&quot;,&quot;category&quot;:&quot;intextLink&quot;,&quot;label&quot;:&quot;\/nachrichten\/deutschland\/innenpolitik\/id_101350318\/spahn-verliert-fraktionsvorsitz-so-viel-geld-bleibt-ihm.html&quot;}\" data-sctrack=\"BodyAnchor\" rel=\"nofollow noopener\" target=\"_blank\">Was Spahn trotz R\u00fccktritts weiter monatlich bekommt<\/a><\/li>\n<li><strong class=\"font-bold\">Nach 45 Jahren in Vollzeit:<\/strong> <a href=\"https:\/\/www.t-online.de\/nachrichten\/deutschland\/gesellschaft\/id_101350856\/trotz-45-jahren-arbeit-linke-jedem-zweiten-im-osten-droht-armutsrente.html\" class=\"transition-colors cursor-pointer no-underline md:hover:text-magenta md:focus:text-magenta border-b border-solid border-current text-salemsfur md:hover:border-magenta\" data-tracking=\"{&quot;action&quot;:&quot;click&quot;,&quot;category&quot;:&quot;intextLink&quot;,&quot;label&quot;:&quot;\/nachrichten\/deutschland\/gesellschaft\/id_101350856\/trotz-45-jahren-arbeit-linke-jedem-zweiten-im-osten-droht-armutsrente.html&quot;}\" data-sctrack=\"BodyAnchor\" rel=\"nofollow noopener\" target=\"_blank\">Jedem Zweiten im Osten droht Armutsrente<\/a><\/li>\n<\/ul>\n<p class=\"text-18 leading-17 user-text-lg:text-22 user-text-xl:text-24\">In Niedersachsen bezogen den Angaben zufolge gut 180.000 Menschen Kindersofortzuschlag, in Baden-W\u00fcrttemberg waren es rund 174.000, in Bayern gut 155.000, in Hessen rund 151.000 und in <a href=\"https:\/\/berlin.t-online.de\/region\/berlin\/\" class=\"transition-colors cursor-pointer no-underline md:hover:text-magenta md:focus:text-magenta border-b border-solid border-current text-salemsfur md:hover:border-magenta\" data-tracking=\"{&quot;action&quot;:&quot;click&quot;,&quot;category&quot;:&quot;intextLink&quot;,&quot;label&quot;:&quot;https:\/\/berlin.t-online.de\/region\/berlin\/&quot;}\" data-sctrack=\"BodyAnchor\" rel=\"nofollow noopener\" target=\"_blank\">Berlin<\/a> rund 155.000.<\/p>\n<p class=\"text-18 leading-17 user-text-lg:text-22 user-text-xl:text-24\">Der Linken-Haushaltspolitiker Dietmar Bartsch kritisierte die K\u00fcrzungspl\u00e4ne scharf. Bei vielem seien sich Union und SPD uneins, sagte Bartsch der Nachrichtenagentur AFP. Ausgerechnet wenn es darum gehe, &#8222;Kindern, die mit ganz wenig finanziellen Mitteln aufwachsen, 25 Euro monatlich zu streichen&#8220;, herrsche Einigkeit. Das sei ein &#8222;Armutszeugnis f\u00fcr die Koalition&#8220;.<\/p>\n<p class=\"text-18 leading-17 user-text-lg:text-22 user-text-xl:text-24\">&#8222;Kaum Mehrbelastung f\u00fcr Million\u00e4re und Milliard\u00e4re, um Haushaltsl\u00fccken zu schlie\u00dfen, aber harte K\u00fcrzungen bei Kindern. Diese Form der Haushaltspolitik ist ein inakzeptabler Affront gegen\u00fcber denen, die die Zukunft unseres Landes sind&#8220;, sagte Bartsch. &#8222;Richtig w\u00e4re, eine <a href=\"https:\/\/www.t-online.de\/themen\/kindergrundsicherung\/\" class=\"transition-colors cursor-pointer no-underline md:hover:text-magenta md:focus:text-magenta border-b border-solid border-current text-salemsfur md:hover:border-magenta\" data-tracking=\"{&quot;action&quot;:&quot;click&quot;,&quot;category&quot;:&quot;intextLink&quot;,&quot;label&quot;:&quot;\/themen\/kindergrundsicherung\/&quot;}\" data-sctrack=\"BodyAnchor\" rel=\"nofollow noopener\" target=\"_blank\">Kindergrundsicherung<\/a> auf den Weg zu bringen, damit kein Kind in diesem Land in Armut aufw\u00e4chst.&#8220;<\/p>\n","protected":false},"excerpt":{"rendered":"25 Euro pro Monat Regierung will Ampel-Projekt kippen \u2013 Millionen betroffen 21.07.2026 &#8211; 07:20 UhrLesedauer: 2 Min. Friedrich&hellip;\n","protected":false},"author":2,"featured_media":1181907,"comment_status":"","ping_status":"","sticky":false,"template":"","format":"standard","meta":{"footnotes":"","_share_on_mastodon":"0"},"categories":[5],"tags":[326,1173,28396,5772,775,13,30492,1460,247133,14,15,2512,12,184,10,8,9,11],"class_list":["post-1181906","post","type-post","status-publish","format-standard","has-post-thumbnail","category-nachrichten","tag-326","tag-bundesregierung","tag-dietmar-bartsch","tag-einkommen","tag-friedrich-merz","tag-headlines","tag-karin-prien","tag-kind","tag-kindersofortzuschlag","tag-nachrichten","tag-news","tag-opposition","tag-schlagzeilen","tag-spd","tag-top-news","tag-top-meldungen","tag-topmeldungen","tag-topnews"],"share_on_mastodon":{"url":"https:\/\/pubeurope.com\/@de\/116956722061628297","error":""},"_links":{"self":[{"href":"https:\/\/www.europesays.com\/de\/wp-json\/wp\/v2\/posts\/1181906","targetHints":{"allow":["GET"]}}],"collection":[{"href":"https:\/\/www.europesays.com\/de\/wp-json\/wp\/v2\/posts"}],"about":[{"href":"https:\/\/www.europesays.com\/de\/wp-json\/wp\/v2\/types\/post"}],"author":[{"embeddable":true,"href":"https:\/\/www.europesays.com\/de\/wp-json\/wp\/v2\/users\/2"}],"replies":[{"embeddable":true,"href":"https:\/\/www.europesays.com\/de\/wp-json\/wp\/v2\/comments?post=1181906"}],"version-history":[{"count":0,"href":"https:\/\/www.europesays.com\/de\/wp-json\/wp\/v2\/posts\/1181906\/revisions"}],"wp:featuredmedia":[{"embeddable":true,"href":"https:\/\/www.europesays.com\/de\/wp-json\/wp\/v2\/media\/1181907"}],"wp:attachment":[{"href":"https:\/\/www.europesays.com\/de\/wp-json\/wp\/v2\/media?parent=1181906"}],"wp:term":[{"taxonomy":"category","embeddable":true,"href":"https:\/\/www.europesays.com\/de\/wp-json\/wp\/v2\/categories?post=1181906"},{"taxonomy":"post_tag","embeddable":true,"href":"https:\/\/www.europesays.com\/de\/wp-json\/wp\/v2\/tags?post=1181906"}],"curies":[{"name":"wp","href":"https:\/\/api.w.org\/{rel}","templated":true}]}}