{"id":1181975,"date":"2026-07-21T07:50:18","date_gmt":"2026-07-21T07:50:18","guid":{"rendered":"https:\/\/www.europesays.com\/de\/1181975\/"},"modified":"2026-07-21T07:50:18","modified_gmt":"2026-07-21T07:50:18","slug":"kommunalwahlen-in-hannover-ist-die-afd-kandidatin-verfassungstreu","status":"publish","type":"post","link":"https:\/\/www.europesays.com\/de\/1181975\/","title":{"rendered":"Kommunalwahlen in Hannover &#8211; Ist die AfD-Kandidatin verfassungstreu?"},"content":{"rendered":"<p>Am 13. September 2026 finden in Niedersachsen die Kommunalwahlen statt. In Niedersachsen treten <a href=\"https:\/\/landeswahlleiter.niedersachsen.de\/presse_service\/presseinformationen\/26-parteien-konnen-an-den-kommunalwahlen-teilnehmen-252242.html\" target=\"_blank\" rel=\"noopener nofollow\">26 Parteien<\/a> zur Wahl an.<\/p>\n<p><a href=\"https:\/\/www.hannover-entdecken.de\/wp-content\/uploads\/2022\/08\/geh-waehlen-aber-nicht-afd.jpg\" rel=\"nofollow noopener\" target=\"_blank\"><img loading=\"lazy\" decoding=\"async\" aria-describedby=\"caption-attachment-46274\" class=\"size-medium wp-image-46274\" src=\"https:\/\/www.europesays.com\/de\/wp-content\/uploads\/2026\/07\/geh-waehlen-aber-nicht-afd-225x300.jpg\" alt=\"Geh w\u00e4hlen, aber nicht AfD\" width=\"225\" height=\"300\"  \/><\/a><\/p>\n<p id=\"caption-attachment-46274\" class=\"wp-caption-text\">Geh w\u00e4hlen, aber nicht AfD<\/p>\n<p>Darunter die inzwischen als <a href=\"https:\/\/www.ndr.de\/nachrichten\/niedersachsen\/verfassungsschutz-darf-afd-in-niedersachsen-als-rechtsextrem-einstufen,afd-1106.html\" target=\"_blank\" rel=\"noopener nofollow\">gesichert rechtsextremistisch geltende AfD<\/a>. Vor der Wahl wird jetzt die Verfassungstreue von mehreren AfD-Kandidaten in Niedersachsen gepr\u00fcft. Das ist ein <a href=\"https:\/\/kommunal.de\/pruefung-auf-verfassungstreue-darf-ein-mitglied-der-afd-von-der-landratswahl-ausgeschlossen-werden\" target=\"_blank\" rel=\"noopener nofollow\">gesetzlich vorgesehenes Pr\u00fcfverfahren,<\/a> das durch die jeweilige Wahlleitung angesto\u00dfen werden kann. Rechtsgrundlage ist das nieders\u00e4chsische Kommunalverfassungsrecht. Nach \u00a7 80 Absatz 4 Nummer 3 ist f\u00fcr das Amt eines B\u00fcrgermeisters oder Landrats nur w\u00e4hlbar, wer die Gew\u00e4hr bietet, jederzeit f\u00fcr die freiheitliche demokratische Grundordnung einzutreten. Auch die AfD-Landtagsabgeordnete Jessica Sch\u00fclke ist unter den zu pr\u00fcfenden Kandidatinnen und Kandidaten.<\/p>\n<p>Als aussichtsreichste Kandidaten f\u00fcr das Amt des Oberb\u00fcrgermeisters in Hannover bewerben sich neben dem aktuellen Amtsinhaber Belit Onay (Die Gr\u00fcnen) auch sein Stellvertreter Axel von der Ohe (SPD) und der Hauptgesch\u00e4ftsf\u00fchrer der Handwerkskammer Peter Karst (CDU). Schon im M\u00e4rz stellten sich die drei Kandidaten den kritischen <a href=\"https:\/\/punkt-linden.de\/news\/oberbuergermeister-kandidaten-stellen-sich-erstwaehlerinnen\/\" rel=\"nofollow noopener\" target=\"_blank\">Fragen der Sch\u00fclerinnen und Sch\u00fcler der IGS Linden<\/a>.<\/p>\n<p>Was wird in der Region Hannover neu gew\u00e4hlt<\/p>\n<ul>\n<li>Regionsversammlung<\/li>\n<li>Rat der Stadt Hannover<\/li>\n<li>Gemeinder\u00e4te im regionsangeh\u00f6rigen Umland<\/li>\n<li>Stadtbezirksr\u00e4te der Landeshauptstadt Hannover<\/li>\n<li>Ortsr\u00e4te im regionsangeh\u00f6rigen Umland<\/li>\n<li>Regionspr\u00e4sident\/die Regionspr\u00e4sidentin<\/li>\n<li><a href=\"https:\/\/www.hannover-entdecken.de\/buergermeister-der-stadt-hannover\/\" data-internallinksmanager029f6b8e52c=\"3906\" title=\"Oberb\u00fcrgermeister\" rel=\"nofollow noopener\" target=\"_blank\">Oberb\u00fcrgermeister<\/a>\/die Oberb\u00fcrgermeisterin in Hannover<\/li>\n<li>B\u00fcrgermeister\/B\u00fcrgermeisterinnen in den St\u00e4dten und Gemeinden (au\u00dfer in <a href=\"https:\/\/www.hannover-entdecken.de\/gehrden\/\" data-internallinksmanager029f6b8e52c=\"3740\" title=\"Gehrden\" rel=\"nofollow noopener\" target=\"_blank\">Gehrden<\/a>)<\/li>\n<\/ul>\n<p>Falls bei den Direktwahlen (Regionspr\u00e4sident\/Regionspr\u00e4sidentin; Oberb\u00fcrgermeister\/Oberb\u00fcrgermeisterin; B\u00fcrgermeister\/B\u00fcrgermeisterin) am 13. September 2026 niemand mindestens die H\u00e4lfte der g\u00fcltigen Stimmen erh\u00e4lt, findet am 27. September 2026 jeweils eine entsprechende Stichwahl zwischen den Bewerbern mit den meisten Stimmen statt.<\/p>\n<p>Wahlleitungen in der Region Hannover<\/p>\n<p><strong><a href=\"https:\/\/www.hannover-entdecken.de\/region-hannover\/\" data-internallinksmanager029f6b8e52c=\"3756\" title=\"Region Hannover\" rel=\"nofollow noopener\" target=\"_blank\">Region Hannover<\/a><\/strong><br \/>Regionswahlleiter: Jens Palandt<br \/>Stellvertretender Regionswahlleiter: Torben Laahs<br \/>Stellvertretende Regionswahlleiterin: Silke Rogge<\/p>\n<p>Hildesheimer Str. 20<br \/>30169 Hannover<br \/>Telefon: 0511-616 28911<br \/>E-Mail: Wahlbuero@Region-Hannover.de<\/p>\n<p><strong>Landeshauptstadt Hannover<\/strong><br \/>Gemeindewahlleiter: Sascha Kusz<br \/>Stellvertretender Gemeindewahlleiter: Ralf Bu\u00dfe<\/p>\n<p>Sachgebiet Wahlen und Statistik<br \/><a href=\"https:\/\/www.hannover-entdecken.de\/platz-der-menschenrechte-hannover\/\" data-internallinksmanager029f6b8e52c=\"2351\" title=\"Platz der Menschenrechte (Trammplatz)\" rel=\"nofollow noopener\" target=\"_blank\">Platz der Menschenrechte<\/a> 1<br \/>30159 Hannover<\/p>\n<p>Telefon: 0511-168 42655<br \/>Telefax: 0511-168 45129<br \/>E-Mail: Wahlen@Hannover-Stadt.de<\/p>\n<p class=\"isc_image_list_title\">Bildquellen:<\/p>\n<ul class=\"isc_image_list\">\n<li>Geh w\u00e4hlen, aber nicht AfD: www.hannover-entdecken.de<\/li>\n<li>Neues Rathaus im Winter: www.hannover-entdecken.de<\/li>\n<li>Verkehrswende in Paris: www.hannover-entdecken.de<\/li>\n<li>Ratssaal Hannover: www.hannover-entdecken.de<\/li>\n<\/ul>\n","protected":false},"excerpt":{"rendered":"Am 13. September 2026 finden in Niedersachsen die Kommunalwahlen statt. In Niedersachsen treten 26 Parteien zur Wahl an.&hellip;\n","protected":false},"author":2,"featured_media":1181976,"comment_status":"","ping_status":"","sticky":false,"template":"","format":"standard","meta":{"footnotes":"","_share_on_mastodon":"0"},"categories":[1836],"tags":[3364,29,32138,30,46,1411,3748,4672],"class_list":["post-1181975","post","type-post","status-publish","format-standard","has-post-thumbnail","category-hannover","tag-de","tag-deutschland","tag-gehrden","tag-germany","tag-hannover","tag-niedersachsen","tag-oberbuergermeister","tag-wahlen"],"share_on_mastodon":{"url":"https:\/\/pubeurope.com\/@de\/116956879768215833","error":""},"_links":{"self":[{"href":"https:\/\/www.europesays.com\/de\/wp-json\/wp\/v2\/posts\/1181975","targetHints":{"allow":["GET"]}}],"collection":[{"href":"https:\/\/www.europesays.com\/de\/wp-json\/wp\/v2\/posts"}],"about":[{"href":"https:\/\/www.europesays.com\/de\/wp-json\/wp\/v2\/types\/post"}],"author":[{"embeddable":true,"href":"https:\/\/www.europesays.com\/de\/wp-json\/wp\/v2\/users\/2"}],"replies":[{"embeddable":true,"href":"https:\/\/www.europesays.com\/de\/wp-json\/wp\/v2\/comments?post=1181975"}],"version-history":[{"count":0,"href":"https:\/\/www.europesays.com\/de\/wp-json\/wp\/v2\/posts\/1181975\/revisions"}],"wp:featuredmedia":[{"embeddable":true,"href":"https:\/\/www.europesays.com\/de\/wp-json\/wp\/v2\/media\/1181976"}],"wp:attachment":[{"href":"https:\/\/www.europesays.com\/de\/wp-json\/wp\/v2\/media?parent=1181975"}],"wp:term":[{"taxonomy":"category","embeddable":true,"href":"https:\/\/www.europesays.com\/de\/wp-json\/wp\/v2\/categories?post=1181975"},{"taxonomy":"post_tag","embeddable":true,"href":"https:\/\/www.europesays.com\/de\/wp-json\/wp\/v2\/tags?post=1181975"}],"curies":[{"name":"wp","href":"https:\/\/api.w.org\/{rel}","templated":true}]}}