{"id":1181996,"date":"2026-07-21T08:02:16","date_gmt":"2026-07-21T08:02:16","guid":{"rendered":"https:\/\/www.europesays.com\/de\/1181996\/"},"modified":"2026-07-21T08:02:16","modified_gmt":"2026-07-21T08:02:16","slug":"leipziger-abendmarkt-am-23-juli-2026-in-der-innenstadt","status":"publish","type":"post","link":"https:\/\/www.europesays.com\/de\/1181996\/","title":{"rendered":"Leipziger Abendmarkt am 23. Juli 2026 in der Innenstadt"},"content":{"rendered":"\n<p>F\u00fcr ein abwechslungsreiches Familienangebot sorgen das Spielmobil und die <a href=\"https:\/\/feuerwehr.leipzig.de\/\" target=\"_blank\" class=\"link-body\" rel=\"nofollow noopener\">Branddirektion<\/a>, welche nicht nur mit einem L\u00f6schfahrzeug sondern auch mit Infost\u00e4nden zum Brandschutz und der Jugend- und Nachwuchsarbeit auf dem Platz pr\u00e4sent ist. Musikalisch wird der Markt wieder von dem Singer-Songwriter Max Schrut und Heinrich Herzog mit seinem Dudelsack begleitet.<\/p>\n<p> Gem\u00fcse-Quiz und Butter sch\u00fctteln <\/p>\n<p>Die Initiative Zukunftsmarkt pr\u00e4sentiert unter dem Motto \u201eGute Wahl Regional\u201c die heimische Land- und Ern\u00e4hrungswirtschaft, hat bei der Akquise von H\u00e4ndlern unterst\u00fctzt und ist selbst mit mehreren Mitmachangeboten rund um regionale Lebensmittel vertreten. \u00a0Besucherinnen und Besucher erhalten Tipps und Informationen dazu, k\u00f6nnen Butter sch\u00fctteln, ein Gem\u00fcse-Quiz l\u00f6sen oder am Gl\u00fccksrad drehen.<\/p>\n<p>Der <strong>Wochenmarkt am Freitag<\/strong>, 24. Juli 2026, bleibt vom Abendmarkt unber\u00fchrt. Er \u00f6ffnet wie gewohnt von 9 bis 17 Uhr auf dem Markt vor dem Alten Rathaus. Die Woche darauf wird er dann f\u00fcr die ab 31. Juli stattfindende Leipziger Markt Musik (31. Juli bis 9. August) f\u00fcr drei Termine (31. Juli \u2013 7. August) auf den Augustusplatz verlegt.<\/p>\n<p> Zeit und Ort <\/p>\n<p>Donnerstag, 23. Juli 2026<\/p>\n<p>16 bis 21 Uhr<\/p>\n<p>Marktplatz vor dem Alten Rathaus in der Innenstadt<\/p>\n<p> Weitere Termine <\/p>\n<p>Der Abendmarkt wird bis Ende August jeweils am vierten Donnerstag im Monat von 16 bis 21 Uhr auf dem Markt vor dem Alten Rathaus seine Angebote pr\u00e4sentieren. Der n\u00e4chste und letzte Termin in diesem Jahr ist dann der 27. August.<\/p>\n<p>\u00a0<\/p>\n","protected":false},"excerpt":{"rendered":"F\u00fcr ein abwechslungsreiches Familienangebot sorgen das Spielmobil und die Branddirektion, welche nicht nur mit einem L\u00f6schfahrzeug sondern auch&hellip;\n","protected":false},"author":2,"featured_media":1181997,"comment_status":"","ping_status":"","sticky":false,"template":"","format":"standard","meta":{"footnotes":"","_share_on_mastodon":"0"},"categories":[1832],"tags":[102007,3364,29,30,71,859],"class_list":["post-1181996","post","type-post","status-publish","format-standard","has-post-thumbnail","category-leipzig","tag-abendmarkt","tag-de","tag-deutschland","tag-germany","tag-leipzig","tag-sachsen"],"share_on_mastodon":{"url":"https:\/\/pubeurope.com\/@de\/116956924844818982","error":""},"_links":{"self":[{"href":"https:\/\/www.europesays.com\/de\/wp-json\/wp\/v2\/posts\/1181996","targetHints":{"allow":["GET"]}}],"collection":[{"href":"https:\/\/www.europesays.com\/de\/wp-json\/wp\/v2\/posts"}],"about":[{"href":"https:\/\/www.europesays.com\/de\/wp-json\/wp\/v2\/types\/post"}],"author":[{"embeddable":true,"href":"https:\/\/www.europesays.com\/de\/wp-json\/wp\/v2\/users\/2"}],"replies":[{"embeddable":true,"href":"https:\/\/www.europesays.com\/de\/wp-json\/wp\/v2\/comments?post=1181996"}],"version-history":[{"count":0,"href":"https:\/\/www.europesays.com\/de\/wp-json\/wp\/v2\/posts\/1181996\/revisions"}],"wp:featuredmedia":[{"embeddable":true,"href":"https:\/\/www.europesays.com\/de\/wp-json\/wp\/v2\/media\/1181997"}],"wp:attachment":[{"href":"https:\/\/www.europesays.com\/de\/wp-json\/wp\/v2\/media?parent=1181996"}],"wp:term":[{"taxonomy":"category","embeddable":true,"href":"https:\/\/www.europesays.com\/de\/wp-json\/wp\/v2\/categories?post=1181996"},{"taxonomy":"post_tag","embeddable":true,"href":"https:\/\/www.europesays.com\/de\/wp-json\/wp\/v2\/tags?post=1181996"}],"curies":[{"name":"wp","href":"https:\/\/api.w.org\/{rel}","templated":true}]}}