{"id":1182218,"date":"2026-07-21T10:23:20","date_gmt":"2026-07-21T10:23:20","guid":{"rendered":"https:\/\/www.europesays.com\/de\/1182218\/"},"modified":"2026-07-21T10:23:20","modified_gmt":"2026-07-21T10:23:20","slug":"erschreckend-zwei-drittel-der-kinder-in-bielefeld-sind-falsch-oder-gar-nicht-angeschnallt","status":"publish","type":"post","link":"https:\/\/www.europesays.com\/de\/1182218\/","title":{"rendered":"Erschreckend: Zwei Drittel der Kinder in Bielefeld sind falsch oder gar nicht angeschnallt"},"content":{"rendered":"<p id=\"absatz1\" class=\"em_text\">Bielefeld. F\u00fcr viele Familien stehen die Ferien direkt vor der T\u00fcr. Badesachen, Waschzeug, Sonnencreme \u2013 die Packliste ist lang. Und mit jedem abgehakten Punkt steigt die Vorfreude auf den langersehnten Urlaub. \u201eDoch ist das wirklich alles?\u201c, fragt die Bielefelder Polizeisprecherin Sarah Siedschlag. In den Ferien ist mit einem deutlich erh\u00f6hten Verkehrsaufkommen zu rechnen. Aufgepasst! Wo viele Staus entstehen, steigt auch das potenzielle Unfallrisiko.<\/p>\n<p id=\"absatz2\" class=\"em_text\">\u201eWir wollen, dass Sie sicher in den Urlaub kommen und haben Ihnen eine Checkliste f\u00fcr eine sichere Fahrt in den Urlaub zusammengestellt\u201c, betont die Beh\u00f6rdensprecherin.<\/p>\n<p id=\"absatz3\"><b class=\"bold\">Unfallgefahr<\/b>: <a href=\"https:\/\/www.nw.de\/lokal\/bielefeld\/mitte\/24119571_Unfallgefahr-Diese-43-Unfallschwerpunkte-in-Bielefeld-sollten-Sie-kennen.html\" rel=\"nofollow noopener\" target=\"_blank\">Diese 43 Unfallschwerpunkte in Bielefeld sollten Sie kennen <\/a><\/p>\n<p>Vor der Fahrt:<\/p>\n<ul>\n<li>Machen Sie einen Technikcheck (\u00d6lstand, Betriebsfl\u00fcssigkeiten, Luftdruck, Beleuchtung, usw.) und gegebenenfalls auch des Anh\u00e4ngers\/Wohnanh\u00e4ngers.<\/li>\n<li>Gerade der Wohnwagen ist schnell falsch beladen oder \u00fcberladen. Sind Sie in Bezug auf die Zuladung unsicher, lassen Sie Ihr Fahrzeug vorher wiegen, r\u00e4t die Polizei.<\/li>\n<li>Beim Beladen sind alle Gegenst\u00e4nde so zu sichern, dass nichts w\u00e4hrend der Fahrt verrutschen oder herunterfallen kann. Bedenken Sie, dass auch vermeintlich leichte Gegenst\u00e4nde und Tiere bei einer Vollbremsung oder einem Unfall zum Geschoss werden k\u00f6nnen.<\/li>\n<li>Hilfreichen Gegenst\u00e4nde, die bei einem Verkehrsunfall ben\u00f6tigt werden, wie das Warndreieck, der Verbandskasten und die Warnwesten, sollten immer griffbereit sein.<\/li>\n<li>Ausgeruht sein hei\u00dft, sicher ans Ziel zu kommen: Studien haben ergeben, dass eine Stunde weniger Schlaf das Risiko f\u00fcr einen Verkehrsunfall bereits um das 1,3-fache erh\u00f6ht. Zwei Stunden weniger Schlaf verdoppeln das Unfallrisiko. M\u00fcdigkeit am Steuer ist ein untersch\u00e4tztes Unfallrisiko im Stra\u00dfenverkehr.<\/li>\n<\/ul>\n<p id=\"absatz5\"><b class=\"bold\">Zum Thema<\/b>: <a href=\"https:\/\/www.nw.de\/lokal\/bielefeld\/mitte\/23218597_Bielefelder-Polizei-haelt-Gurt-Muffel-an-und-macht-unerwartete-Entdeckung.html\" rel=\"nofollow noopener\" target=\"_blank\">Bielefelder Polizei h\u00e4lt Gurt-Muffel an und macht unerwartete Entdeckung<\/a><\/p>\n<p>        <a href=\"https:\/\/www.nw.de\/_em_daten\/_cache\/image\/1xWGlWRFliMUxqRHUyYTV1S2Zxc05SQWFMRWVHYVZXdFRjdXpHSjl2U0JscEhXVmNsdVpFOFVTeVk0WXBIZlNzYVZxalhGU1pCaGdwNzQ4Z2ZsRWt0SWc9PQ\/260721-1215-914994517.jpg\" class=\"nw-article-image\" title=\"Dieses Foto der Autobahnpolizei zeigt einen Jungen auf dem Beifahrersitz eines Herforder Fahrzeugs. Der Kopf des Jungen steckt zwischen den Leitersprossen. Bei einem Unfall drohen schwerste Gesichts- und Kehlkopfverletzungen.\" data-glightbox=\"type: image; description: Dieses Foto der Autobahnpolizei zeigt einen Jungen auf dem Beifahrersitz eines Herforder Fahrzeugs. Der Kopf des Jungen steckt zwischen den Leitersprossen. Bei einem Unfall drohen schwerste Gesichts- und Kehlkopfverletzungen.  | \u00a9 Polizei \" rel=\"nofollow noopener\" target=\"_blank\"><br \/>\n            <img decoding=\"async\" src=\"https:\/\/www.europesays.com\/de\/wp-content\/uploads\/2026\/07\/260721-1215-914994517.jpg\" class=\"nw-img-fluid nw-w-full nw-lazy nw-rounded-t-md\" alt=\"Dieses Foto der Autobahnpolizei zeigt einen Jungen auf dem Beifahrersitz eines Herforder Fahrzeugs. Der Kopf des Jungen steckt zwischen den Leitersprossen. Bei einem Unfall drohen schwerste Gesichts- und Kehlkopfverletzungen. - \u00a9 Polizei\" data-format=\"16:9\"\/><br \/>\n        <\/a><\/p>\n<p>                Dieses Foto der Autobahnpolizei zeigt einen Jungen auf dem Beifahrersitz eines Herforder Fahrzeugs. Der Kopf des Jungen steckt zwischen den Leitersprossen. Bei einem Unfall drohen schwerste Gesichts- und Kehlkopfverletzungen.<br \/>\n                                    | \u00a9 Polizei<\/p>\n<p>W\u00e4hrend der Fahrt:<\/p>\n<ul>\n<li>Fokus auf den Verkehr: Ob im Pkw oder im Wohnmobil \u2013 im Stra\u00dfenverkehr werden alle Sinne ben\u00f6tigt. Jede Ablenkung erh\u00f6ht das Unfallrisiko. Keine WhatsApp, keine Insta-Story und kein Anruf sind so wichtig, dass man daf\u00fcr das eigene und das Leben Anderer gef\u00e4hrdet.<\/li>\n<li>Rettungsgassen retten Leben. Seien Sie Vorbild und machen Sie fr\u00fchzeitig Hilfskr\u00e4ften den Weg zum Unfallort durch eine nutzbare Rettungsgasse frei. Jede Sekunde kann z\u00e4hlen.<\/li>\n<li>Eine erschreckende Zahl: Nur ein Drittel aller Kinder wird im Auto richtig angeschnallt. Die richtige Sicherung eines Kindes im Fahrzeug liegt in der Verantwortung der Eltern bzw. des Fahrzeugf\u00fchrenden. F\u00fcr Kinder unter zw\u00f6lf Jahren oder bis zu einer K\u00f6rpergr\u00f6\u00dfe von 1,50 Meter gilt Kindersitzpflicht.<\/li>\n<li>Abstand rettet Leben. Die Unterschreitung der Abstandsregeln ist \u2013 neben zu hoher Geschwindigkeit sowie Fehlern beim Fahrstreifenwechsel \u2013 wesentliche Ursache von Unf\u00e4llen auf deutschen Autobahnen.<\/li>\n<li>Die Polizei Bielefeld warnt: Verkehrsdienst und Autobahnpolizei werden \u00fcber die gesamte Ferienzeit ein besonderes Augenmerk auf den Reiseverkehr richten. Siedschlag erkl\u00e4rt: \u201eWir wollen, dass Sie sicher an Ihr Ziel ankommen. Gute Fahrt und eine erholsame Ferienzeit!\u201c<\/li>\n<\/ul>\n<p id=\"absatz7\" class=\"em_text\">Mehr Informationen zum Thema \u201eSicher in den Urlaub und zur\u00fcck\u201c finden Sie auf der <a href=\"https:\/\/bielefeld.polizei.nrw\/sicher-in-den-urlaub-und-zurueck\" rel=\"nofollow noopener\" target=\"_blank\">Webseite der Polizei Bielefeld<\/a>. <\/p>\n","protected":false},"excerpt":{"rendered":"Bielefeld. F\u00fcr viele Familien stehen die Ferien direkt vor der T\u00fcr. Badesachen, Waschzeug, Sonnencreme \u2013 die Packliste ist&hellip;\n","protected":false},"author":2,"featured_media":1182219,"comment_status":"","ping_status":"","sticky":false,"template":"","format":"standard","meta":{"footnotes":"","_share_on_mastodon":"0"},"categories":[1841],"tags":[247171,86812,1605,102404,3364,29,514,4532,30,247170,16392,4280,16351,1608,198343,736,164252,16384,1613,1209,247169,121,16722,16721,55842,5716,104599,631,601,247168],"class_list":["post-1182218","post","type-post","status-publish","format-standard","has-post-thumbnail","category-bielefeld","tag-anschnallpflicht","tag-badesache","tag-bielefeld","tag-cnt_top-artikel","tag-de","tag-deutschland","tag-fahrzeug","tag-ferien","tag-germany","tag-gurtmuffel","tag-label_blaulicht","tag-label_l-120","tag-label_mach-mich-schlau","tag-label_top-news","tag-meta_artikelklasse_aboanker","tag-meta_copyrights_nw","tag-meta_eo_zusammenfassung","tag-meta_themen_blaulicht_sicherheit","tag-meta_userneeds_informieremich","tag-nordrhein-westfalen","tag-packliste","tag-polizei","tag-polizei-bielefeld","tag-polizeibericht-bielefeld","tag-sarah-siedschlag","tag-stau","tag-unfallrisiko","tag-urlaub","tag-verkehr","tag-waschzeug"],"share_on_mastodon":{"url":"","error":"Validation failed: Text character limit of 500 exceeded"},"_links":{"self":[{"href":"https:\/\/www.europesays.com\/de\/wp-json\/wp\/v2\/posts\/1182218","targetHints":{"allow":["GET"]}}],"collection":[{"href":"https:\/\/www.europesays.com\/de\/wp-json\/wp\/v2\/posts"}],"about":[{"href":"https:\/\/www.europesays.com\/de\/wp-json\/wp\/v2\/types\/post"}],"author":[{"embeddable":true,"href":"https:\/\/www.europesays.com\/de\/wp-json\/wp\/v2\/users\/2"}],"replies":[{"embeddable":true,"href":"https:\/\/www.europesays.com\/de\/wp-json\/wp\/v2\/comments?post=1182218"}],"version-history":[{"count":0,"href":"https:\/\/www.europesays.com\/de\/wp-json\/wp\/v2\/posts\/1182218\/revisions"}],"wp:featuredmedia":[{"embeddable":true,"href":"https:\/\/www.europesays.com\/de\/wp-json\/wp\/v2\/media\/1182219"}],"wp:attachment":[{"href":"https:\/\/www.europesays.com\/de\/wp-json\/wp\/v2\/media?parent=1182218"}],"wp:term":[{"taxonomy":"category","embeddable":true,"href":"https:\/\/www.europesays.com\/de\/wp-json\/wp\/v2\/categories?post=1182218"},{"taxonomy":"post_tag","embeddable":true,"href":"https:\/\/www.europesays.com\/de\/wp-json\/wp\/v2\/tags?post=1182218"}],"curies":[{"name":"wp","href":"https:\/\/api.w.org\/{rel}","templated":true}]}}