{"id":1182393,"date":"2026-07-21T12:03:12","date_gmt":"2026-07-21T12:03:12","guid":{"rendered":"https:\/\/www.europesays.com\/de\/1182393\/"},"modified":"2026-07-21T12:03:12","modified_gmt":"2026-07-21T12:03:12","slug":"deutschland-bahn-plant-alkoholverbot-an-allen-bahnhoefen","status":"publish","type":"post","link":"https:\/\/www.europesays.com\/de\/1182393\/","title":{"rendered":"Deutschland: Bahn plant Alkoholverbot an allen Bahnh\u00f6fen"},"content":{"rendered":"<p>Die Deutsche Bahn plant ein Alkoholverbot an allen 5.400 Bahnh\u00f6fen in Deutschland. Bis Mitte Oktober soll das Verbot umgesetzt werden. Die Gastronomiebetriebe in den Bahnh\u00f6fen sind von dieser Regelung ausgenommen.<\/p>\n<p>Mehr Sicherheit durch Alkoholverbot<\/p>\n<p>Die Deutsche Bahn erhofft sich durch das Verbot mehr Ordnung und Sicherheit, sowohl an den Bahnh\u00f6fen als auch in den Z\u00fcgen. Ausl\u00f6ser f\u00fcr diese Entscheidung war ein Vorfall auf der Strecke zwischen Offenburg und Karlsruhe. Ein Bahnmitarbeiter st\u00fcrzte bei einem Streit mit einem betrunkenen Fahrgast aus einem fahrenden Zug und wurde lebensgef\u00e4hrlich verletzt.<\/p>\n","protected":false},"excerpt":{"rendered":"Die Deutsche Bahn plant ein Alkoholverbot an allen 5.400 Bahnh\u00f6fen in Deutschland. Bis Mitte Oktober soll das Verbot&hellip;\n","protected":false},"author":2,"featured_media":1182394,"comment_status":"","ping_status":"","sticky":false,"template":"","format":"standard","meta":{"footnotes":"","_share_on_mastodon":"0"},"categories":[2],"tags":[331,3924,332,3922,4600,9695,3364,2030,29,30,13,14,3923,15,3921,12,3931],"class_list":["post-1182393","post","type-post","status-publish","format-standard","has-post-thumbnail","category-deutschland","tag-aktuelle-nachrichten","tag-aktuelle-nachrichten-aus-deutschland","tag-aktuelle-news","tag-aktuelle-news-aus-deutschland","tag-alkoholverbot","tag-bahnhoefe","tag-de","tag-deutsche-bahn","tag-deutschland","tag-germany","tag-headlines","tag-nachrichten","tag-nachrichten-aus-deutschland","tag-news","tag-news-aus-deutschland","tag-schlagzeilen","tag-sicherheit"],"share_on_mastodon":{"url":"https:\/\/pubeurope.com\/@de\/116957872536196513","error":""},"_links":{"self":[{"href":"https:\/\/www.europesays.com\/de\/wp-json\/wp\/v2\/posts\/1182393","targetHints":{"allow":["GET"]}}],"collection":[{"href":"https:\/\/www.europesays.com\/de\/wp-json\/wp\/v2\/posts"}],"about":[{"href":"https:\/\/www.europesays.com\/de\/wp-json\/wp\/v2\/types\/post"}],"author":[{"embeddable":true,"href":"https:\/\/www.europesays.com\/de\/wp-json\/wp\/v2\/users\/2"}],"replies":[{"embeddable":true,"href":"https:\/\/www.europesays.com\/de\/wp-json\/wp\/v2\/comments?post=1182393"}],"version-history":[{"count":0,"href":"https:\/\/www.europesays.com\/de\/wp-json\/wp\/v2\/posts\/1182393\/revisions"}],"wp:featuredmedia":[{"embeddable":true,"href":"https:\/\/www.europesays.com\/de\/wp-json\/wp\/v2\/media\/1182394"}],"wp:attachment":[{"href":"https:\/\/www.europesays.com\/de\/wp-json\/wp\/v2\/media?parent=1182393"}],"wp:term":[{"taxonomy":"category","embeddable":true,"href":"https:\/\/www.europesays.com\/de\/wp-json\/wp\/v2\/categories?post=1182393"},{"taxonomy":"post_tag","embeddable":true,"href":"https:\/\/www.europesays.com\/de\/wp-json\/wp\/v2\/tags?post=1182393"}],"curies":[{"name":"wp","href":"https:\/\/api.w.org\/{rel}","templated":true}]}}