{"id":1182439,"date":"2026-07-21T12:29:19","date_gmt":"2026-07-21T12:29:19","guid":{"rendered":"https:\/\/www.europesays.com\/de\/1182439\/"},"modified":"2026-07-21T12:29:19","modified_gmt":"2026-07-21T12:29:19","slug":"68-jahre-alte-flaschenpost-am-mittelrhein-entdeckt-mit-koelner-spur","status":"publish","type":"post","link":"https:\/\/www.europesays.com\/de\/1182439\/","title":{"rendered":"68 Jahre alte Flaschenpost am Mittelrhein entdeckt \u2013 mit K\u00f6lner Spur"},"content":{"rendered":"<p>Aus dem Jahr 1958 <\/p>\n<p>68 Jahre alte Flaschenpost mit K\u00f6lner Spur am Rhein entdeckt<\/p>\n<p>21.07.2026 &#8211; 14:24 UhrLesedauer: 2 Min.<\/p>\n<p><a href=\"#focus-0\" class=\"transition-colors block text-current relative\" data-sctrack=\"FocusGalleryImage.Reference\"><img fetchpriority=\"high\" data-testid=\"Opener.Image\"   loading=\"eager\" src=\"https:\/\/www.europesays.com\/de\/wp-content\/uploads\/2026\/07\/eine-offenbar-jahrzehntealte-flaschenpost-steht-auf-einem-tisch-bauarbeiter-fanden-die-flaschenpost-.jpeg\" alt=\"Eine offenbar jahrzehntealte Flaschenpost steht auf einem Tisch. Bauarbeiter fanden die Flaschenpost auf einer Baustelle am Rhein in Oberwesel.\" title=\"Eine offenbar jahrzehntealte Flaschenpost steht auf einem Tisch. Bauarbeiter fanden die Flaschenpost auf einer Baustelle am Rhein in Oberwesel.\" width=\"800\" height=\"450\" class=\"bg-[url:var(--lqipURL)] bg-cover bg-center flex h-full w-full max-w-full\" style=\"--lqipURL:url('https:\/\/images.t-online.de\/2026\/07\/PM4N2gbpbgVR\/0x75:800x450\/fit-in\/150x0\/filters:blur(25)\/eine-offenbar-jahrzehntealte-flaschenpost-steht-auf-einem-tisch-bauarbeiter-fanden-die-flaschenpost-auf-einer-baustelle-am-rhein-in-oberwesel.jpg')\" decoding=\"async\"\/><img loading=\"lazy\" src=\"https:\/\/koeln.t-online.de\/s\/paper\/_next\/static\/media\/zoom-in.f7dae02f.svg\" alt=\"Vergr\u00f6\u00dfern des Bildes\" title=\"Vergr\u00f6\u00dfern des Bildes\" class=\"block h-[calc(var(--height)_\/_16_*_1rem)] w-[calc(var(--width)_\/_16_*_1rem)] max-w-none absolute right-8 bottom-8 rounded-4 bg-snow p-8\" style=\"--width:32;--height:32\" decoding=\"async\"\/><\/a><\/p>\n<p>Eine offenbar jahrzehntealte Flaschenpost steht auf einem Tisch: Bauarbeiter fanden die Flaschenpost auf einer Baustelle am Rhein in Oberwesel. (Quelle: Jan Zimmer\/dpa)<\/p>\n<p><img loading=\"lazy\" src=\"https:\/\/koeln.t-online.de\/s\/paper\/_next\/static\/media\/audio-volume.6689034c.svg\" alt=\"\" title=\"\" class=\"block h-[calc(var(--height)_\/_16_*_1rem)] w-[calc(var(--width)_\/_16_*_1rem)] max-w-none group-hover:brightness-0 group-hover:invert\" style=\"--width:16;--height:16\" decoding=\"async\"\/>Vorlesen<\/p>\n<p>Aktuelle Zeit:0:00Gesamtdauer:0:00<\/p>\n<p>1x<\/p>\n<p class=\"text-center\">Jetzt neu bei t-online:<\/p>\n<p class=\"text-center\">Schriftgr\u00f6\u00dfe anpassen!<\/p>\n<p><img loading=\"lazy\" src=\"https:\/\/koeln.t-online.de\/s\/paper\/_next\/static\/media\/font-sizes.32942e33.svg\" alt=\"\" title=\"\" class=\"block h-[calc(var(--height)_\/_16_*_1rem)] w-[calc(var(--width)_\/_16_*_1rem)] max-w-none group-hover:hidden group-aria-expanded:hidden\" style=\"--width:16;--height:16\" decoding=\"async\"\/><img loading=\"lazy\" src=\"https:\/\/koeln.t-online.de\/s\/paper\/_next\/static\/media\/font-sizes-dark-mode.e382645c.svg\" alt=\"\" title=\"\" class=\"block h-[calc(var(--height)_\/_16_*_1rem)] w-[calc(var(--width)_\/_16_*_1rem)] max-w-none hidden group-hover:block group-aria-expanded:block\" style=\"--width:16;--height:16\" decoding=\"async\"\/><img loading=\"lazy\" src=\"https:\/\/koeln.t-online.de\/s\/paper\/_next\/static\/media\/sharing-menu-icon.1eb71368.svg\" alt=\"\" title=\"\" class=\"block h-[calc(var(--height)_\/_16_*_1rem)] w-[calc(var(--width)_\/_16_*_1rem)] max-w-none group-hover:brightness-0 group-hover:invert\" style=\"--width:16;--height:16\" decoding=\"async\"\/>Artikel teilen<\/p>\n<p class=\"font-bold text-18 leading-17 user-text-lg:text-22 user-text-xl:text-24\">Auf einer Baustelle am Mittelrhein taucht eine Flaschenpost aus dem Jahr 1958 auf. Die Spur f\u00fchrt \u00fcber eine Speisekarte der K\u00f6ln-D\u00fcsseldorfer Rheinschifffahrt bis nach K\u00f6ln.<\/p>\n<p class=\"text-18 leading-17 user-text-lg:text-22 user-text-xl:text-24\">Bauarbeiter haben am Mittelrhein eine fast 70 Jahre alte Flaschenpost entdeckt. Die Nachricht stammt aus dem Jahr 1958 \u2013 und f\u00fchrt auch nach K\u00f6ln. Denn geschrieben wurde die Nachricht auf die R\u00fcckseite einer Speisekarte der K\u00f6ln-D\u00fcsseldorfer Rheinschifffahrt.<\/p>\n<p class=\"text-18 leading-17 user-text-lg:text-22 user-text-xl:text-24\">Gefunden wurde die Flasche auf einer Baustelle am Rheinufer in Oberwesel. Dort war bei Bauarbeiten ein Bach freigelegt worden. Stadtb\u00fcrgermeister Jan Zimmer erfuhr bei einer Baubesprechung von dem ungew\u00f6hnlichen Fund.<\/p>\n<ul class=\"text-18 leading-17 block pl-24 *:pb-16 *:before:inline-block *:before:size-8 *:before:bg-magenta *:before:mt-0 *:before:mr-12 *:before:mb-2 *:before:-ml-[20px]\">\n<li><strong class=\"font-bold\">K\u00f6lner Geheimtipp:<\/strong> <a href=\"https:\/\/koeln.t-online.de\/region\/koeln\/id_100266014\/kastell-divitia-koelns-roemisches-geheimnis-entdecken.html\" class=\"transition-colors cursor-pointer no-underline md:hover:text-magenta md:focus:text-magenta border-b border-solid border-current text-salemsfur md:hover:border-magenta\" data-tracking=\"{&quot;action&quot;:&quot;click&quot;,&quot;category&quot;:&quot;intextLink&quot;,&quot;label&quot;:&quot;\/region\/koeln\/id_100266014\/kastell-divitia-koelns-roemisches-geheimnis-entdecken.html&quot;}\" data-sctrack=\"BodyAnchor\" rel=\"nofollow noopener\" target=\"_blank\">Hier schlummert ein r\u00f6misches Geheimnis<\/a><\/li>\n<li><strong class=\"font-bold\">Gruselige Vergangenheit:<\/strong> <a href=\"https:\/\/koeln.t-online.de\/region\/koeln\/id_100085194\/lost-place-in-koeln-was-in-der-gruselvilla-haus-fuehlingen-passierte.html\" class=\"transition-colors cursor-pointer no-underline md:hover:text-magenta md:focus:text-magenta border-b border-solid border-current text-salemsfur md:hover:border-magenta\" data-tracking=\"{&quot;action&quot;:&quot;click&quot;,&quot;category&quot;:&quot;intextLink&quot;,&quot;label&quot;:&quot;\/region\/koeln\/id_100085194\/lost-place-in-koeln-was-in-der-gruselvilla-haus-fuehlingen-passierte.html&quot;}\" data-sctrack=\"BodyAnchor\" rel=\"nofollow noopener\" target=\"_blank\">Was passiert mit Haus F\u00fchlingen?<\/a><\/li>\n<\/ul>\n<p class=\"text-18 leading-17 user-text-lg:text-22 user-text-xl:text-24\">Schon von au\u00dfen sei zu erkennen gewesen, dass sich in der Flasche eine Speisekarte mit dem Logo der K\u00f6ln-D\u00fcsseldorfer befand, berichtet Zimmer. Die traditionsreiche Schifffahrtsgesellschaft bietet bis heute Ausflugsfahrten auf dem Rhein an.<\/p>\n<p class=\"text-18 leading-17 user-text-lg:text-22 user-text-xl:text-24\">Auf der Karte ist das Datum 16. Juli 1958 vermerkt. Damals gab es als Tagesgericht Wellfleisch mit Bohnen und Kartoffeln f\u00fcr zwei Mark. Weitere Men\u00fcs mit Rehragout oder Rinderschmorsteak kosteten zwischen zwei und viereinhalb Mark.<\/p>\n<p>Nachricht auf Franz\u00f6sisch verfasst<\/p>\n<p class=\"text-18 leading-17 user-text-lg:text-22 user-text-xl:text-24\">Besonders interessant ist die R\u00fcckseite der Speisekarte. Dort hatten die Verfasser notiert, dass sie eine Schifffahrt unternommen h\u00e4tten und Brieffreunde suchten. Die Nachricht wurde auf Franz\u00f6sisch geschrieben, am Ende steht jedoch eine deutsche Adresse aus der N\u00e4he von Euskirchen.<\/p>\n<p class=\"text-18 leading-17 user-text-lg:text-22 user-text-xl:text-24\">Warum die Verfasser Franz\u00f6sisch verwendeten, ist bislang unklar. Zimmer vermutet, dass sie in der Region Urlaub machten oder m\u00f6glicherweise an einem Franz\u00f6sischkurs teilnahmen.<\/p>\n<p>Flaschenpost mit K\u00f6lner Spur: Verfasser oder Nachfahren gesucht<\/p>\n<p class=\"text-18 leading-17 user-text-lg:text-22 user-text-xl:text-24\">Die Speisekarte stammt von dem Schiff &#8222;Drachenfels&#8220;. Dieses war nach bisherigen Erkenntnissen zwischen Koblenz und Mainz unterwegs. Ob die Flasche tats\u00e4chlich eine l\u00e4ngere Strecke auf dem Rhein zur\u00fccklegte, l\u00e4sst sich nicht mehr nachvollziehen.<\/p>\n<p class=\"text-18 leading-17 user-text-lg:text-22 user-text-xl:text-24\">Zimmer h\u00e4lt es f\u00fcr wahrscheinlicher, dass sie in Oberwesel oder im nahegelegenen Kaub ins Wasser geworfen wurde. Es w\u00e4re ein gro\u00dfer Zufall, wenn sie \u00fcber viele Kilometer bis zu ihrem sp\u00e4teren Fundort getrieben w\u00e4re.<\/p>\n<p class=\"text-18 leading-17 user-text-lg:text-22 user-text-xl:text-24\">Nun soll versucht werden, die Verfasser der Nachricht oder ihre Nachfahren ausfindig zu machen. Die Flaschenpost k\u00f6nnte k\u00fcnftig im Stadtmuseum von Oberwesel ausgestellt werden. Denkbar sei auch ein Platz direkt am Rheinufer.<\/p>\n","protected":false},"excerpt":{"rendered":"Aus dem Jahr 1958 68 Jahre alte Flaschenpost mit K\u00f6lner Spur am Rhein entdeckt 21.07.2026 &#8211; 14:24 UhrLesedauer:&hellip;\n","protected":false},"author":2,"featured_media":1182440,"comment_status":"","ping_status":"","sticky":false,"template":"","format":"standard","meta":{"footnotes":"","_share_on_mastodon":"0"},"categories":[1828],"tags":[2461,29,87745,30,247200,1420,50016,1209,247199,5206,247201,39411],"class_list":["post-1182439","post","type-post","status-publish","format-standard","has-post-thumbnail","category-koeln","tag-baustelle","tag-deutschland","tag-flaschenpost","tag-germany","tag-jan-zimmer","tag-koeln","tag-mittelrhein","tag-nordrhein-westfalen","tag-oberwesel","tag-rhein","tag-rheinschifffahrt","tag-speisekarte"],"share_on_mastodon":{"url":"https:\/\/pubeurope.com\/@de\/116957976925623463","error":""},"_links":{"self":[{"href":"https:\/\/www.europesays.com\/de\/wp-json\/wp\/v2\/posts\/1182439","targetHints":{"allow":["GET"]}}],"collection":[{"href":"https:\/\/www.europesays.com\/de\/wp-json\/wp\/v2\/posts"}],"about":[{"href":"https:\/\/www.europesays.com\/de\/wp-json\/wp\/v2\/types\/post"}],"author":[{"embeddable":true,"href":"https:\/\/www.europesays.com\/de\/wp-json\/wp\/v2\/users\/2"}],"replies":[{"embeddable":true,"href":"https:\/\/www.europesays.com\/de\/wp-json\/wp\/v2\/comments?post=1182439"}],"version-history":[{"count":0,"href":"https:\/\/www.europesays.com\/de\/wp-json\/wp\/v2\/posts\/1182439\/revisions"}],"wp:featuredmedia":[{"embeddable":true,"href":"https:\/\/www.europesays.com\/de\/wp-json\/wp\/v2\/media\/1182440"}],"wp:attachment":[{"href":"https:\/\/www.europesays.com\/de\/wp-json\/wp\/v2\/media?parent=1182439"}],"wp:term":[{"taxonomy":"category","embeddable":true,"href":"https:\/\/www.europesays.com\/de\/wp-json\/wp\/v2\/categories?post=1182439"},{"taxonomy":"post_tag","embeddable":true,"href":"https:\/\/www.europesays.com\/de\/wp-json\/wp\/v2\/tags?post=1182439"}],"curies":[{"name":"wp","href":"https:\/\/api.w.org\/{rel}","templated":true}]}}