{"id":1182527,"date":"2026-07-21T13:18:14","date_gmt":"2026-07-21T13:18:14","guid":{"rendered":"https:\/\/www.europesays.com\/de\/1182527\/"},"modified":"2026-07-21T13:18:14","modified_gmt":"2026-07-21T13:18:14","slug":"menschenhandel-durch-influencer-tate-brueder-kaempfen-gegen-auslieferung-nach-grossbritannien","status":"publish","type":"post","link":"https:\/\/www.europesays.com\/de\/1182527\/","title":{"rendered":"Menschenhandel durch Influencer? Tate-Br\u00fcder k\u00e4mpfen gegen Auslieferung nach Gro\u00dfbritannien"},"content":{"rendered":"<p>\n         Zuerst ver\u00f6ffentlicht am<br \/>\n            21\/07\/2026 &#8211; 12:26 MESZ\n            <\/p>\n<p>Ein Anwalt von Andrew und Tristan Tate hat angek\u00fcndigt, dass die Br\u00fcder gegen ihre Auslieferung nach Gro\u00dfbritannien vorgehen wollen. Dort wirft ihnen die britische Strafverfolgung Vergewaltigung, Sexhandel, K\u00f6rperverletzung sowie weitere Straftaten im Zusammenhang mit unzul\u00e4ssigen Bildern eines Kindes und extremer Pornografie vor.<\/p>\n<p>          <img decoding=\"async\" class=\"c-ad__placeholder__logo\" src=\"https:\/\/static.euronews.com\/website\/images\/logos\/logo-euronews-stacked-outlined-72x72-grey-9.svg\" width=\"72\" height=\"72\" alt=\"\" loading=\"lazy\"\/><br \/>\n          WERBUNG<\/p>\n<p>          <img decoding=\"async\" class=\"c-ad__placeholder__logo\" src=\"https:\/\/static.euronews.com\/website\/images\/logos\/logo-euronews-stacked-outlined-72x72-grey-9.svg\" width=\"72\" height=\"72\" alt=\"\" loading=\"lazy\"\/><br \/>\n          WERBUNG<\/p>\n<p>Die beiden Influencer wurden <a href=\"https:\/\/de.euronews.com\/2026\/07\/19\/bruder-andrew-tristan-tate-miami-london-haft\" rel=\"nofollow noopener\" target=\"_blank\">am Samstag in Miami festgenommen<\/a> und erschienen am Montag vor einem US-Bundesgericht, in Gef\u00e4ngniskleidung und mit Handschellen. Sie \u00e4u\u00dferten sich in der kurzen Anh\u00f6rung nicht. Die Richterin setzte einen weiteren Termin f\u00fcr den 27. Juli an. Eine Bezirksrichterin soll dann entscheiden, ob die rechtlichen Voraussetzungen f\u00fcr eine Auslieferung erf\u00fcllt sind.<\/p>\n<p>Vorw\u00fcrfe weiterer Frauen gegen Influencer Andrew und Tristan Tate<\/p>\n<p>Ihr Anwalt Joseph McBride erkl\u00e4rte, die Br\u00fcder wollten sich gegen eine \u00dcberstellung in das Vereinigte K\u00f6nigreich wehren. Er betonte ihre Unschuld und bezeichnete das Auslieferungsersuchen als politisch motiviert. Belege legte er nicht vor, deutete aber einen Zusammenhang mit j\u00fcngsten politischen Entwicklungen in Gro\u00dfbritannien sowie mit Treffen der Br\u00fcder in Washington vor ihrer Festnahme an.<\/p>\n<p>Die beiden werden der sogenannten Manosphere zugerechnet, durch die im Internet &#8222;toxische M\u00e4nnlichkeit&#8220; verbreitet wird.<\/p>\n<p>&#8222;Wir lehnen die Auslieferung selbstverst\u00e4ndlich ab, weil Andrew und Tristan unschuldig sind\u201c, sagte McBride nach der Anh\u00f6rung vor Journalistinnen und Journalisten. &#8222;Sie haben nichts Unrechtes getan. Sie d\u00fcrfen nicht f\u00fcr Verbrechen ausgeliefert werden, die sie nicht begangen haben.\u201c<\/p>\n<p>Laut Gerichtsunterlagen, die am Montag ge\u00f6ffnet wurden, erheben drei Frauen schwere Vorw\u00fcrfe. Eine Frau beschuldigt Tristan Tate der Vergewaltigung und K\u00f6rperverletzung in einer langfristigen Beziehung, die 2012 begann, darunter mutma\u00dfliche \u00dcbergriffe, w\u00e4hrend sie bewusstlos gewesen sein soll. Zwei weitere Frauen werfen Andrew Tate Vergewaltigung und K\u00f6rperverletzung bei Vorf\u00e4llen in den Jahren 2014 und 2015 vor, nachdem sie ihn \u00fcber ein Webcam-Unternehmen und eine Dating-App kennengelernt hatten.<\/p>\n<p>Seit ihrer Festnahme durch den US Marshals Service haben <a href=\"https:\/\/www.cps.gov.uk\/national-news\/news\/cps-decides-prosecute-tate-brothers-additional-sexual-offences\" target=\"_blank\" rel=\"noreferrer nofollow noopener\">britische Staatsanw\u00e4lte ihre eigene Anklageschrift vorgelegt<\/a>, die sich auf vier weitere mutma\u00dfliche Opfer bezieht. Die Vorw\u00fcrfe reichen von 2010 bis 2017 und umfassen Vergewaltigung, K\u00f6rperverletzung, Menschenhandel sowie Straftaten im Zusammenhang mit unzul\u00e4ssigen Bildern eines Kindes und extremer Pornografie. McBride sagte, die Verteidigung kenne die Identit\u00e4t dieser j\u00fcngsten Kl\u00e4gerinnen bislang nicht.<\/p>\n<p>Die <a href=\"https:\/\/de.euronews.com\/2025\/03\/31\/neue-vorwurfe-influencer-andrew-tate-soll-ex-freundin-misshandelt-haben\" rel=\"nofollow noopener\" target=\"_blank\">ehemaligen Kickboxer<\/a> haben sich mit Videos \u00fcber Luxuslebensstile und frauenfeindliche Ansichten eine gro\u00dfe Online-Gefolgschaft aufgebaut. Sie geh\u00f6ren inzwischen zu den umstrittensten Pers\u00f6nlichkeiten im Internet.<\/p>\n<p>Das US-Justizministerium best\u00e4tigte, dass die Festnahmen von der Spitze seiner Strafrechtsabteilung genehmigt wurden. Zuvor hatte McBride behauptet, ein rangniederer Beamter habe die Entscheidung ohne Kontrolle durch rangh\u00f6here Vorgesetzte getroffen.<\/p>\n","protected":false},"excerpt":{"rendered":"Zuerst ver\u00f6ffentlicht am 21\/07\/2026 &#8211; 12:26 MESZ Ein Anwalt von Andrew und Tristan Tate hat angek\u00fcndigt, dass die&hellip;\n","protected":false},"author":2,"featured_media":1182528,"comment_status":"","ping_status":"","sticky":false,"template":"","format":"standard","meta":{"footnotes":"","_share_on_mastodon":"0"},"categories":[3976],"tags":[331,332,74293,17164,13,1015,17580,14,15,12,3992,3993,3994,3995,3996,3997,1921],"class_list":["post-1182527","post","type-post","status-publish","format-standard","has-post-thumbnail","category-vereinigtes-koenigreich","tag-aktuelle-nachrichten","tag-aktuelle-news","tag-andrew-tate","tag-gewalt-gegen-frauen","tag-headlines","tag-justiz","tag-miami","tag-nachrichten","tag-news","tag-schlagzeilen","tag-uk","tag-united-kingdom","tag-united-kingdom-of-great-britain-and-northern-ireland","tag-vereinigtes-koenigreich","tag-vereinigtes-koenigreich-grossbritannien-und-nordirland","tag-vereinigtes-koenigreich-von-grossbritannien-und-nordirland","tag-vergewaltigung"],"share_on_mastodon":{"url":"https:\/\/pubeurope.com\/@de\/116958169335820873","error":""},"_links":{"self":[{"href":"https:\/\/www.europesays.com\/de\/wp-json\/wp\/v2\/posts\/1182527","targetHints":{"allow":["GET"]}}],"collection":[{"href":"https:\/\/www.europesays.com\/de\/wp-json\/wp\/v2\/posts"}],"about":[{"href":"https:\/\/www.europesays.com\/de\/wp-json\/wp\/v2\/types\/post"}],"author":[{"embeddable":true,"href":"https:\/\/www.europesays.com\/de\/wp-json\/wp\/v2\/users\/2"}],"replies":[{"embeddable":true,"href":"https:\/\/www.europesays.com\/de\/wp-json\/wp\/v2\/comments?post=1182527"}],"version-history":[{"count":0,"href":"https:\/\/www.europesays.com\/de\/wp-json\/wp\/v2\/posts\/1182527\/revisions"}],"wp:featuredmedia":[{"embeddable":true,"href":"https:\/\/www.europesays.com\/de\/wp-json\/wp\/v2\/media\/1182528"}],"wp:attachment":[{"href":"https:\/\/www.europesays.com\/de\/wp-json\/wp\/v2\/media?parent=1182527"}],"wp:term":[{"taxonomy":"category","embeddable":true,"href":"https:\/\/www.europesays.com\/de\/wp-json\/wp\/v2\/categories?post=1182527"},{"taxonomy":"post_tag","embeddable":true,"href":"https:\/\/www.europesays.com\/de\/wp-json\/wp\/v2\/tags?post=1182527"}],"curies":[{"name":"wp","href":"https:\/\/api.w.org\/{rel}","templated":true}]}}