{"id":1182623,"date":"2026-07-21T14:10:19","date_gmt":"2026-07-21T14:10:19","guid":{"rendered":"https:\/\/www.europesays.com\/de\/1182623\/"},"modified":"2026-07-21T14:10:19","modified_gmt":"2026-07-21T14:10:19","slug":"stuntfrau-mit-tollsten-armen-matt-damon-wird-in-die-odyssee-von-einer-frau-gedoubelt","status":"publish","type":"post","link":"https:\/\/www.europesays.com\/de\/1182623\/","title":{"rendered":"Stuntfrau mit &#8222;tollsten Armen&#8220;: Matt Damon wird in &#8222;Die Odyssee&#8220; von einer Frau gedoubelt"},"content":{"rendered":"<p>Stuntfrau mit &#8222;tollsten Armen&#8220;Matt Damon wird in &#8222;Die Odyssee&#8220; von einer Frau gedoubelt<\/p>\n<p>21.07.2026, 15:10 Uhr <\/p>\n<p>Artikel anh\u00f6ren(02:49 min)<\/p>\n<p><img decoding=\"async\" class=\"Image_img__fQCi0 Image_Img_16_9__4BLfH widget-picture-inline_maximizable__t_E7h\" loading=\"eager\" fetchpriority=\"high\" src=\"https:\/\/www.europesays.com\/de\/wp-content\/uploads\/2026\/07\/Matt-Damon-is-Odysseus-in-THE-ODYSSEY-written-produced-and-directed-by-Christopher-Nolan.webp\" alt=\"Matt-Damon-is-Odysseus-in-THE-ODYSSEY-written-produced-and-directed-by-Christopher-Nolan\"\/>Der echte Matt Damon als Odysseus. (Foto: IMAGO\/Cinema Publishers Collection)TeilenFolgen auf:<a href=\"https:\/\/www.whatsapp.com\/channel\/0029Va5cdVJD8SDp5YZgYF01\" title=\"Auf WhatsApp folgen\" target=\"_blank\" rel=\"nofollow noopener\"><img decoding=\"async\" src=\"https:\/\/www.n-tv.de\/socialIcons\/whatsapp.svg\" alt=\"whatsapp\" class=\"ArticleShare_icon__FsrC2\"\/><\/a><a href=\"https:\/\/www.google.com\/preferences\/source?q=n-tv.de\" title=\"ntv als bevorzugte Quelle auf Google hinzuf\u00fcgen\" target=\"_blank\" rel=\"nofollow noopener\"><img decoding=\"async\" src=\"https:\/\/www.n-tv.de\/socialIcons\/google.svg\" alt=\"whatsapp\" class=\"ArticleShare_icon__FsrC2\"\/><\/a><\/p>\n<p class=\"Typography_text-m__XI0da Typography_weight-bold__uT6mq storyline_lead_text_leadtext__q_wg8\">Schauspieler Matt Damon l\u00e4sst aktuell in &#8222;Die Odyssee&#8220; seine Muskeln spielen. In einigen Filmszenen wird der Odysseus-Darsteller allerdings gedoubelt &#8211; von einer 1,37 Meter kleinen Stuntfrau, wie er nun verr\u00e4t.<\/p>\n<p class=\"Typography_text-default__P3otY Typography_weight-normal__pqUbH storyline_paragraph_p__qSR5N\">Komplimente f\u00fcr seine perfekt trainierten Oberarme in Christopher Nolans Film &#8222;Die Odyssee&#8220; nimmt Oscar-Preistr\u00e4ger Matt Damon gerne entgegen. Der 55-J\u00e4hrige ist aber ehrlich genug, um klarzustellen, dass es Szenen in dem Helden-Epos gibt, in denen nicht er die Muskeln spielen l\u00e4sst &#8211; sondern sein Stunt-Double: die 1,37 Meter kleine Devyn Dalton.<\/p>\n<p class=\"Typography_text-default__P3otY Typography_weight-normal__pqUbH storyline_paragraph_p__qSR5N\">Im Podcast &#8222;Happy Sad Confused&#8220; erkl\u00e4rte Damon, selbst 1,78 Meter gro\u00df, wieso er von Dalton gedoubelt wurde. In einer Filmsequenz trifft Odysseus auf die L\u00e4strygonen, die in Homers Saga ein Volk menschenfressender Riesen sind. Regisseur Christopher Nolan setzte beim Dreh weniger auf Computertricks als vielmehr auf tats\u00e4chliche Gr\u00f6\u00dfenunterschiede. So wurden die fiesen Riesen von mehr als zwei Meter gro\u00dfen Stuntm\u00e4nnern gespielt. Um Odysseus im Vergleich zu ihnen winzig wirken zu lassen, schl\u00fcpfte die 34-j\u00e4hrige Devyn Dalton in seine R\u00fcstung. <\/p>\n<p class=\"Typography_text-default__P3otY Typography_weight-normal__pqUbH storyline_paragraph_p__qSR5N\">Die Kanadierin war bereits in gro\u00dfen Produktionen wie &#8222;The Last of Us&#8220;, &#8222;The Fall of the House of Usher&#8220; oder &#8222;Percy Jackson&#8220; im Einsatz. &#8222;Keine Spoiler, aber ich bin unglaublich dankbar, Teil der Schlacht gegen die Laestrygonen zu sein. Als Stunt-Double f\u00fcr den unglaublichen Matt Damon&#8220;, schrieb Dalton bei Instagram zu einem Beitrag, in dem sie Eindr\u00fccke von den &#8222;Die Odyssee&#8220;-Dreharbeiten in Schottland teilte.<\/p>\n<p class=\"Typography_text-default__P3otY Typography_weight-normal__pqUbH storyline_paragraph_p__qSR5N\">Der Schauspieler wiederum schw\u00e4rmte im Podcast, dass Dalton &#8222;die tollsten Arme hatte, die ich je gesehen habe&#8220;. Sein Interview-Partner hatte ihm zuvor Komplimente f\u00fcr seine Schauspielkunst, seinen tollen Bart, aber eben auch f\u00fcr seine muskul\u00f6sen Arme in dem Film gemacht. &#8222;Es waren nur fast zu 100 Prozent meine Arme im Film&#8220;, stellte Damon daraufhin fairerweise klar. &#8222;Es war mir eine Ehre, Matt Damon zu doubeln&#8220;, kommentierte Dalton selbst den Videoschnipsel des Podcast-Interviews. <\/p>\n<p class=\"Typography_text-default__P3otY Typography_weight-normal__pqUbH storyline_paragraph_p__qSR5N\">&#8222;Die Odyssee&#8220; l\u00e4uft seit vergangener Woche im Kino. Neben Matt Damon spielen auch Anne Hathaway, Tom Holland, Robert Pattinson, Lupita Nyong&#8217;o, Zendaya und Charlize Theron in Christopher Nolans neuestem Film mit.<\/p>\n<p class=\"Typography_text-s__wu_cm Typography_weight-normal__pqUbH Typography_color-darkgrey__sZEnP article-detail-footer_source__KslPc\">Quelle: ntv.de, csp<\/p>\n","protected":false},"excerpt":{"rendered":"Stuntfrau mit &#8222;tollsten Armen&#8220;Matt Damon wird in &#8222;Die Odyssee&#8220; von einer Frau gedoubelt 21.07.2026, 15:10 Uhr Artikel anh\u00f6ren(02:49&hellip;\n","protected":false},"author":2,"featured_media":1182624,"comment_status":"","ping_status":"","sticky":false,"template":"","format":"standard","meta":{"footnotes":"","_share_on_mastodon":"0"},"categories":[155],"tags":[29,214,92,30,683,95,50394,215],"class_list":["post-1182623","post","type-post","status-publish","format-standard","has-post-thumbnail","category-unterhaltung","tag-deutschland","tag-entertainment","tag-film","tag-germany","tag-hollywood","tag-kino","tag-matt-damon","tag-unterhaltung"],"share_on_mastodon":{"url":"https:\/\/pubeurope.com\/@de\/116958374577069494","error":""},"_links":{"self":[{"href":"https:\/\/www.europesays.com\/de\/wp-json\/wp\/v2\/posts\/1182623","targetHints":{"allow":["GET"]}}],"collection":[{"href":"https:\/\/www.europesays.com\/de\/wp-json\/wp\/v2\/posts"}],"about":[{"href":"https:\/\/www.europesays.com\/de\/wp-json\/wp\/v2\/types\/post"}],"author":[{"embeddable":true,"href":"https:\/\/www.europesays.com\/de\/wp-json\/wp\/v2\/users\/2"}],"replies":[{"embeddable":true,"href":"https:\/\/www.europesays.com\/de\/wp-json\/wp\/v2\/comments?post=1182623"}],"version-history":[{"count":0,"href":"https:\/\/www.europesays.com\/de\/wp-json\/wp\/v2\/posts\/1182623\/revisions"}],"wp:featuredmedia":[{"embeddable":true,"href":"https:\/\/www.europesays.com\/de\/wp-json\/wp\/v2\/media\/1182624"}],"wp:attachment":[{"href":"https:\/\/www.europesays.com\/de\/wp-json\/wp\/v2\/media?parent=1182623"}],"wp:term":[{"taxonomy":"category","embeddable":true,"href":"https:\/\/www.europesays.com\/de\/wp-json\/wp\/v2\/categories?post=1182623"},{"taxonomy":"post_tag","embeddable":true,"href":"https:\/\/www.europesays.com\/de\/wp-json\/wp\/v2\/tags?post=1182623"}],"curies":[{"name":"wp","href":"https:\/\/api.w.org\/{rel}","templated":true}]}}