{"id":1182636,"date":"2026-07-21T14:18:21","date_gmt":"2026-07-21T14:18:21","guid":{"rendered":"https:\/\/www.europesays.com\/de\/1182636\/"},"modified":"2026-07-21T14:18:21","modified_gmt":"2026-07-21T14:18:21","slug":"buckelwal-hartwin-vor-kiel-ministerium-ruestet-sich-fuer-ernstfall","status":"publish","type":"post","link":"https:\/\/www.europesays.com\/de\/1182636\/","title":{"rendered":"Buckelwal &#8222;Hartwin&#8220; vor Kiel: Ministerium r\u00fcstet sich f\u00fcr Ernstfall"},"content":{"rendered":"<p>Seit Samstag spurlos abgetaucht <\/p>\n<p>Buckelwal vor Kiel \u2013 Ministerium r\u00fcstet sich f\u00fcr Ernstfall<\/p>\n<p>21.07.2026 &#8211; 15:05 UhrLesedauer: 2 Min.<\/p>\n<p><a href=\"#focus-0\" class=\"transition-colors block text-current relative\" data-sctrack=\"FocusGalleryImage.Reference\"><img fetchpriority=\"high\" data-testid=\"Opener.Image\"   loading=\"eager\" src=\"https:\/\/www.europesays.com\/de\/wp-content\/uploads\/2026\/07\/ist-es-ein-neuer-buckelwal-eine-daenin-machte-von-einer-bruecke-ueber-die-meerenge-kleiner-belt-aus-.jpeg\" alt=\"R\u00e4tseln um Bilder von neuem Buckelwal in D\u00e4nemark\" title=\"R\u00e4tseln um Bilder von neuem Buckelwal in D\u00e4nemark\" width=\"1197\" height=\"674\" class=\"bg-[url:var(--lqipURL)] bg-cover bg-center flex h-full w-full max-w-full\" style=\"--lqipURL:url('https:\/\/images.t-online.de\/2026\/06\/hfH8OjGWGakH\/209x521:1197x674\/fit-in\/150x0\/filters:blur(25)\/ist-es-ein-neuer-buckelwal-eine-daenin-machte-von-einer-bruecke-ueber-die-meerenge-kleiner-belt-aus-ein-bild-von-diesem-tier-handout.jpg')\" decoding=\"async\"\/><img loading=\"lazy\" src=\"https:\/\/www.t-online.de\/s\/paper\/_next\/static\/media\/zoom-in.f7dae02f.svg\" alt=\"Vergr\u00f6\u00dfern des Bildes\" title=\"Vergr\u00f6\u00dfern des Bildes\" class=\"block h-[calc(var(--height)_\/_16_*_1rem)] w-[calc(var(--width)_\/_16_*_1rem)] max-w-none absolute right-8 bottom-8 rounded-4 bg-snow p-8\" style=\"--width:32;--height:32\" decoding=\"async\"\/><\/a><\/p>\n<p>Der neue Buckelwal: Eine D\u00e4nin machte von einer Br\u00fccke \u00fcber die Meerenge Kleiner Belt aus ein Bild von diesem Tier. (Quelle: Linda Fr\u00f8lund Hansen\/Bridgewalking\/dpa\/dpa-bilder)<\/p>\n<p><img loading=\"lazy\" src=\"https:\/\/www.t-online.de\/s\/paper\/_next\/static\/media\/audio-volume.6689034c.svg\" alt=\"\" title=\"\" class=\"block h-[calc(var(--height)_\/_16_*_1rem)] w-[calc(var(--width)_\/_16_*_1rem)] max-w-none group-hover:brightness-0 group-hover:invert\" style=\"--width:16;--height:16\" decoding=\"async\"\/>Vorlesen<\/p>\n<p>Aktuelle Zeit:0:00Gesamtdauer:0:00<\/p>\n<p>1x<\/p>\n<p class=\"text-center\">Jetzt neu bei t-online:<\/p>\n<p class=\"text-center\">Schriftgr\u00f6\u00dfe anpassen!<\/p>\n<p><img loading=\"lazy\" src=\"https:\/\/www.t-online.de\/s\/paper\/_next\/static\/media\/font-sizes.32942e33.svg\" alt=\"\" title=\"\" class=\"block h-[calc(var(--height)_\/_16_*_1rem)] w-[calc(var(--width)_\/_16_*_1rem)] max-w-none group-hover:hidden group-aria-expanded:hidden\" style=\"--width:16;--height:16\" decoding=\"async\"\/><img loading=\"lazy\" src=\"https:\/\/www.t-online.de\/s\/paper\/_next\/static\/media\/font-sizes-dark-mode.e382645c.svg\" alt=\"\" title=\"\" class=\"block h-[calc(var(--height)_\/_16_*_1rem)] w-[calc(var(--width)_\/_16_*_1rem)] max-w-none hidden group-hover:block group-aria-expanded:block\" style=\"--width:16;--height:16\" decoding=\"async\"\/><img loading=\"lazy\" src=\"https:\/\/www.t-online.de\/s\/paper\/_next\/static\/media\/sharing-menu-icon.1eb71368.svg\" alt=\"\" title=\"\" class=\"block h-[calc(var(--height)_\/_16_*_1rem)] w-[calc(var(--width)_\/_16_*_1rem)] max-w-none group-hover:brightness-0 group-hover:invert\" style=\"--width:16;--height:16\" decoding=\"async\"\/>Artikel teilen<\/p>\n<p class=\"font-bold text-18 leading-17 user-text-lg:text-22 user-text-xl:text-24\">Erst am F\u00f6rdeausgang, dann in der Innenf\u00f6rde: Das Tier ist bis vor das Stadtzentrum vorgedrungen. Tiersch\u00fctzer glauben zu wissen, welcher Wal da durch die Ostsee irrt \u2013 es w\u00e4re eine schlechte Nachricht.<\/p>\n<p class=\"text-18 leading-17 user-text-lg:text-22 user-text-xl:text-24\">In Kiel ist ein Buckelwal aufgetaucht \u2013 und wieder verschwunden. Am Samstagvormittag (18. Juli) wurde das Tier in der Innenf\u00f6rde gesichtet, wie das schleswig-holsteinische Umweltministerium mitteilt. Dort tauchte der Wal ab. Seitdem gibt es keine best\u00e4tigte Sichtung.<\/p>\n<p class=\"text-18 leading-17 user-text-lg:text-22 user-text-xl:text-24\">Schon am Freitagnachmittag hatte die Polizei das Ministerium \u00fcber einen Buckelwal am Ausgang der Kieler F\u00f6rde informiert. Fachleute begutachteten die Lage vor Ort und best\u00e4tigten die Sichtung. Es handelt sich laut Ministerium vermutlich um das Tier, das zuvor in Schottland und D\u00e4nemark beobachtet wurde.<\/p>\n<p>Tiersch\u00fctzer nennen ihn &#8222;Hartwin&#8220;<\/p>\n<p class=\"text-18 leading-17 user-text-lg:text-22 user-text-xl:text-24\">Tiersch\u00fctzer der Organisation &#8222;Stranded No More&#8220; verfolgen die Route dieses Wals seit Wochen \u2013 sie haben ihn &#8222;Hartwin&#8220; getauft. Mitte Juni tauchte das Tier demnach erstmals in der Ostsee auf, Anfang Juli erreichte es deutsche Gew\u00e4sser nahe der Halbinsel Holnis. Aufnahmen deuten nach Einsch\u00e4tzung der Tiersch\u00fctzer und d\u00e4nischer Beh\u00f6rden auf eine Hauterkrankung hin, der Wal wirke geschw\u00e4cht. Offiziell best\u00e4tigt ist die Identit\u00e4t des Kieler Besuchers nicht.<\/p>\n<p><a href=\"#focus-1\" class=\"transition-colors block text-current relative\" data-sctrack=\"FocusGalleryImage.Reference\"><img   loading=\"lazy\" src=\"https:\/\/www.europesays.com\/de\/wp-content\/uploads\/2026\/07\/der-hartwin-getaufte-buckelwal-er-hat-hautprobleme.jpg\" alt=\"Der &quot;Hartwin&quot; getaufte Buckelwal: Er hat Hautprobleme.\" title=\"Der &quot;Hartwin&quot; getaufte Buckelwal: Er hat Hautprobleme.\" width=\"1542\" height=\"867\" class=\"h-full w-full max-w-full rounded-8\" decoding=\"async\"\/><img loading=\"lazy\" src=\"https:\/\/www.t-online.de\/s\/paper\/_next\/static\/media\/zoom-in.f7dae02f.svg\" alt=\"Vergr\u00f6\u00dfern des Bildes\" title=\"Vergr\u00f6\u00dfern des Bildes\" class=\"block h-[calc(var(--height)_\/_16_*_1rem)] w-[calc(var(--width)_\/_16_*_1rem)] max-w-none absolute right-8 bottom-8 rounded-4 bg-snow p-8\" style=\"--width:32;--height:32\" decoding=\"async\"\/>Der &#8222;Hartwin&#8220; getaufte Buckelwal: Er hat Hautprobleme. (Quelle: Stranded No More)<\/a><\/p>\n<p>Ministerium richtet Meldekette ein<\/p>\n<p class=\"text-18 leading-17 user-text-lg:text-22 user-text-xl:text-24\">Das Umweltministerium hat eine Meldekette eingerichtet. So will die Beh\u00f6rde von weiteren Sichtungen schnell erfahren \u2013 und im Fall einer Strandung sofort reagieren k\u00f6nnen. Wer den Wal entdeckt, soll gro\u00dfen Abstand halten. Eine Strandung soll bei den \u00f6rtlichen Beh\u00f6rden gemeldet werden, etwa der Polizeiwache.<\/p>\n<p class=\"text-18 leading-17 user-text-lg:text-22 user-text-xl:text-24\">&#8222;Dichter Schiffs- und Bootsverkehr im Umfeld der Tiere stellt in der Regel einen erheblichen Stressfaktor dar und sollte unbedingt vermieden werden&#8220;, hei\u00dft es in der Mitteilung. Versuche, den Wal gro\u00dfr\u00e4umig aus der Ostsee zu leiten, seien aus Artenschutzsicht nur unter engen Voraussetzungen vertretbar \u2013 bei einem frei schwimmenden Tier k\u00e4men sie nicht infrage.<\/p>\n<p class=\"text-18 leading-17 user-text-lg:text-22 user-text-xl:text-24\">Der Fall weckt Erinnerungen an den Buckelwal &#8222;Timmy&#8220;: Er war am 23. M\u00e4rz vor Niendorf an der Ostsee gestrandet und trotz einer aufwendigen Rettungsaktion verendet. Warum sich zuletzt mehrfach Buckelwale in die Ostsee verirrten, ist nicht abschlie\u00dfend gekl\u00e4rt.<\/p>\n<p class=\"text-18 leading-17 user-text-lg:text-22 user-text-xl:text-24\">Das Ministerium verweist auf die erholten Best\u00e4nde seit dem Ende des Walfangs \u2013 und auf Belastungen wie Schiffsl\u00e4rm oder Geisternetze, die den Tieren die Orientierung erschweren k\u00f6nnen.<\/p>\n","protected":false},"excerpt":{"rendered":"Seit Samstag spurlos abgetaucht Buckelwal vor Kiel \u2013 Ministerium r\u00fcstet sich f\u00fcr Ernstfall 21.07.2026 &#8211; 15:05 UhrLesedauer: 2&hellip;\n","protected":false},"author":2,"featured_media":1182637,"comment_status":"","ping_status":"","sticky":false,"template":"","format":"standard","meta":{"footnotes":"","_share_on_mastodon":"0"},"categories":[1852],"tags":[722,29124,40482,1160,3364,29,11391,548,663,3934,247232,30,13,49562,4949,31705,14,15,2852,121,12,1971,5383,6847,12026],"class_list":["post-1182636","post","type-post","status-publish","format-standard","has-post-thumbnail","category-kiel","tag-722","tag-bmu","tag-buckelwal","tag-daenemark","tag-de","tag-deutschland","tag-ernstfall","tag-eu","tag-europa","tag-europe","tag-foerdeausgang","tag-germany","tag-headlines","tag-innenfoerde","tag-kiel","tag-kieler-foerde","tag-nachrichten","tag-news","tag-ostsee","tag-polizei","tag-schlagzeilen","tag-schleswig-holstein","tag-schottland","tag-stadtzentrum","tag-tierschuetzer"],"share_on_mastodon":{"url":"https:\/\/pubeurope.com\/@de\/116958406418941698","error":""},"_links":{"self":[{"href":"https:\/\/www.europesays.com\/de\/wp-json\/wp\/v2\/posts\/1182636","targetHints":{"allow":["GET"]}}],"collection":[{"href":"https:\/\/www.europesays.com\/de\/wp-json\/wp\/v2\/posts"}],"about":[{"href":"https:\/\/www.europesays.com\/de\/wp-json\/wp\/v2\/types\/post"}],"author":[{"embeddable":true,"href":"https:\/\/www.europesays.com\/de\/wp-json\/wp\/v2\/users\/2"}],"replies":[{"embeddable":true,"href":"https:\/\/www.europesays.com\/de\/wp-json\/wp\/v2\/comments?post=1182636"}],"version-history":[{"count":0,"href":"https:\/\/www.europesays.com\/de\/wp-json\/wp\/v2\/posts\/1182636\/revisions"}],"wp:featuredmedia":[{"embeddable":true,"href":"https:\/\/www.europesays.com\/de\/wp-json\/wp\/v2\/media\/1182637"}],"wp:attachment":[{"href":"https:\/\/www.europesays.com\/de\/wp-json\/wp\/v2\/media?parent=1182636"}],"wp:term":[{"taxonomy":"category","embeddable":true,"href":"https:\/\/www.europesays.com\/de\/wp-json\/wp\/v2\/categories?post=1182636"},{"taxonomy":"post_tag","embeddable":true,"href":"https:\/\/www.europesays.com\/de\/wp-json\/wp\/v2\/tags?post=1182636"}],"curies":[{"name":"wp","href":"https:\/\/api.w.org\/{rel}","templated":true}]}}