{"id":1182642,"date":"2026-07-21T14:21:12","date_gmt":"2026-07-21T14:21:12","guid":{"rendered":"https:\/\/www.europesays.com\/de\/1182642\/"},"modified":"2026-07-21T14:21:12","modified_gmt":"2026-07-21T14:21:12","slug":"gladbach-wm-fahrer-castrop-und-machino-wieder-da","status":"publish","type":"post","link":"https:\/\/www.europesays.com\/de\/1182642\/","title":{"rendered":"Gladbach: WM-Fahrer Castrop und Machino wieder da"},"content":{"rendered":"<p class=\"text_ohne_einzug richtext text-em-55 !leading-serif mx-6 desktop:mx-0\">Die Flanke kam gut, Shuto Machino hielt den Fu\u00df hin und bef\u00f6rderte den Ball direkt ins Tor. Danach gab es die Harry-Kane-\u00e4hnliche Machino-S\u00e4ge nebst kleinem H\u00fcpfer \u2013 Borussias Japaner ist zur\u00fcck aus dem WM-Urlaub und wieder mitten drin im Teamtraining.<\/p>\n<p class=\"richtext text-em-55 !leading-serif mx-6 desktop:mx-0\">So ist es auch bei Jens Castrop, der beim Weltturnier f\u00fcr S\u00fcdkorea gespielt hat. F\u00fcr Castrop war nach der Vorrunde Schluss, Machinos Japaner schieden im Sechzehntelfinale knapp gegen Brasilien aus. Beide Borussen hatten nur Jokerrollen. Dennoch geht Trainer Eugen Polanski davon aus, dass die Erfahrung nachhaltig ist.<\/p>\n<p class=\"richtext text-em-55 !leading-serif mx-6 desktop:mx-0\">\u201eIch wei\u00df nicht, ob man einen einzelnen Punkt benennen kann, den ihnen die WM unmittelbar gebracht hat. Aber es ist nat\u00fcrlich erst einmal eine gro\u00dfartige Sache, eine Weltmeisterschaft zu spielen. Dazu kommt die Best\u00e4tigung, im 26er-Kader des eigenen Landes zu stehen, egal ob direkt nominiert oder nachger\u00fcckt. Das ist extrem wichtig\u201c, sagte Polanski.<\/p>\n<p class=\"richtext text-em-55 !leading-serif mx-6 desktop:mx-0\">Nun kommt es f\u00fcr ihn auf das Umschalten auf den Alltag in <a href=\"https:\/\/rp-online.de\/thema\/moenchengladbach\/\" rel=\"nofollow noopener\" target=\"_blank\">M\u00f6nchengladbach<\/a> an. \u201eSo ein Turnier nimmt einen komplett ein. Wenn es vorbei ist, f\u00e4llt man erst einmal in ein Loch. Umso wichtiger ist es, danach die Belastung wieder Schritt f\u00fcr Schritt zu steigern\u201c, sagte Polanski.<\/p>\n<p class=\"richtext text-em-55 !leading-serif mx-6 desktop:mx-0\">Damit wurde bereits am Montag angefangen. \u201eDa haben wir sie schon ein bisschen herangef\u00fchrt. Vor dem Training standen noch Tests und der Lauftest an, danach haben sie gro\u00dfe Teile des Trainings mitgemacht. Sie hatten nicht ganz so lange frei wie die anderen, das ist das Schicksal der Weltmeisterschaft\u201c, sagte Polanski.<\/p>\n<p>Gladbach: WM steigert Castrops Instragram-Reichweite enorm      <\/p>\n<p class=\"richtext text-em-55 !leading-serif mx-6 desktop:mx-0\">Castrop hat das Turnier nebenbei wachsende Aufmerksamkeit im Netz eingebracht. \u201eGr\u00f6\u00dfter Social-Media-Gewinner im Aufgebot von <a href=\"https:\/\/rp-online.de\/thema\/borussia-moenchengladbach\/\" rel=\"nofollow noopener\" target=\"_blank\">Borussia M\u00f6nchengladbach<\/a> ist Jens Castrop: Der Mittelfeldspieler hat seine Instagram-Reichweite von 52.738 auf 149.552 Follower fast verdreifacht (+183,58 Prozent)\u201c, hat die Influencer-Agentur Netzschreier herausgefunden.<\/p>\n<p class=\"richtext text-em-55 !leading-serif mx-6 desktop:mx-0\">Ob Castrop und Machino schon am Samstag im zweiten Testspiel bei <a href=\"https:\/\/rp-online.de\/thema\/rot-weiss-essen\/\" rel=\"nofollow noopener\" target=\"_blank\">Rot-Weiss Essen<\/a> zum Einsatz kommen, steht noch nicht fest. \u201eDie anderen hatten nach der ersten Woche auch schon ein Spiel. Jetzt ist der Gegner nat\u00fcrlich deutlich st\u00e4rker und wir vielleicht schon ein St\u00fcck weiter. Wir m\u00fcssen uns anschauen, wie sie sich f\u00fchlen, und das mit der Athletikabteilung abstimmen\u201c, sagte Polanski.<\/p>\n<p class=\"richtext text-em-55 !leading-serif mx-6 desktop:mx-0\">Im Training machten beide indes einen guten Eindruck. Es gab ausf\u00fchrliches Torproduktionstraining: Spielaufbau aus dem Zentrum \u00fcber den Fl\u00fcgel, Flanke, Abschluss. Zum Abschluss der \u00fcber zweist\u00fcndigen Einheit gab es ein Kleinfeldturnier. Anders als in der Vorwoche gab es indes keine Bestrafung f\u00fcr das Verliererteam.<\/p>\n<p class=\"richtext text-em-55 !leading-serif mx-6 desktop:mx-0\">\u201eTrotzdem habe ich keinen Unterschied zur vergangenen Woche gesehen, als es eine gab. Das ist das Wichtigste bei solchen Turnieren, bei denen es gef\u00fchlt um nichts geht: dass jeder gewinnen will. Genau dieses Gef\u00fchl hatte ich heute. Es gibt vern\u00fcnftige Distanzen und klare Regeln, die Jungs pushen sich gegenseitig, und dann wird auch mal eine Schiedsrichterentscheidung kritisiert. Dieses Gewinnenwollen ist sehr wichtig\u201c, sagte Polanski.<\/p>\n<p>Gladbach: Bei Ullrich die \u201eruhigere Variante\u201c gew\u00e4hlt      <\/p>\n<p class=\"richtext text-em-55 !leading-serif mx-6 desktop:mx-0\">Bei dem Turnier fehlte Linksverteidiger Lukas Ullrich, der am Samstag beim Kostenpflichtiger Inhalt <a href=\"https:\/\/rp-online.de\/sport\/fussball\/borussia\/gladbach-fuenf-erkenntnisse-zum-6-0-in-wuppertal-talente-zeigen-sich_aid-151708747\" rel=\"nofollow noopener\" target=\"_blank\">Testspiel in Wuppertal (6:0)<\/a> angeschlagen ausgewechselt wurde. Eine Gehirnersch\u00fctterung zog er sich nicht zu, \u201eihm war aber schwindelig\u201c, sagte Polanski.<\/p>\n<p class=\"richtext text-em-55 !leading-serif mx-6 desktop:mx-0\">\u201eEr hat gro\u00dfe Teile des Trainings mitgemacht, das Turnier aber ausgelassen, weil wir schauen wollten, ob er auf die Laufbelastung beschwerdefrei reagiert. Grunds\u00e4tzlich w\u00e4re er freigegeben. Wir haben uns aber bewusst f\u00fcr die ruhigere Variante entschieden, um nichts zu riskieren. Wenn morgen keine Reaktion kommt, macht er noch eine Einheit indoor und trainiert mittags wieder komplett mit\u201c, erkl\u00e4rte Polanski. F\u00fcr das Spiel in Essen d\u00fcrfte Ullrich wieder bereit sein.<\/p>\n<p class=\"richtext text-em-55 !leading-serif mx-6 desktop:mx-0\">Bei dem Turnier gingen es auch Tim Kleindienst, Kevin Diks und Franck Honorat vorsichtiger an. \u201eSie sollten sich abwechseln, weil die CK-Werte bei allen etwas erh\u00f6ht sind. Franck hat zudem angegeben, dass seine Adduktoren zumachen. Sie haben jeweils nur zwei statt vier Spiele gemacht. Das war eine reine Vorsichtsma\u00dfnahme\u201c, sagte Polanski.<\/p>\n<p class=\"richtext text-em-55 !leading-serif mx-6 desktop:mx-0\">Zento Uno, der bislang nur individuell trainiert hat, soll in der kommenden Woche voll einsteigen. \u201eKommende Woche wird er wahrscheinlich wieder im Teamtraining sein. Er hat schon viel gemacht und trainiert parallel. Man merkt ihm nicht unbedingt an, dass da noch etwas ist. Es geht eher darum, alles sauber abzuarbeiten\u201c, sagte Polanski.<\/p>\n","protected":false},"excerpt":{"rendered":"Die Flanke kam gut, Shuto Machino hielt den Fu\u00df hin und bef\u00f6rderte den Ball direkt ins Tor. Danach&hellip;\n","protected":false},"author":2,"featured_media":1182643,"comment_status":"","ping_status":"","sticky":false,"template":"","format":"standard","meta":{"footnotes":"","_share_on_mastodon":"0"},"categories":[1849],"tags":[61540,3364,29,548,7770,663,3934,30,13,101751,84734,4455,14,15,1209,12,22868,123623,3767,29692,631,7109],"class_list":["post-1182642","post","type-post","status-publish","format-standard","has-post-thumbnail","category-moenchengladbach","tag-castrop","tag-de","tag-deutschland","tag-eu","tag-eugen-polanski","tag-europa","tag-europe","tag-germany","tag-headlines","tag-japaner","tag-machino","tag-moenchengladbach","tag-nachrichten","tag-news","tag-nordrhein-westfalen","tag-schlagzeilen","tag-schritt","tag-teamtraining","tag-training","tag-ullrich","tag-urlaub","tag-weltmeisterschaft"],"share_on_mastodon":{"url":"https:\/\/pubeurope.com\/@de\/116958415596484869","error":""},"_links":{"self":[{"href":"https:\/\/www.europesays.com\/de\/wp-json\/wp\/v2\/posts\/1182642","targetHints":{"allow":["GET"]}}],"collection":[{"href":"https:\/\/www.europesays.com\/de\/wp-json\/wp\/v2\/posts"}],"about":[{"href":"https:\/\/www.europesays.com\/de\/wp-json\/wp\/v2\/types\/post"}],"author":[{"embeddable":true,"href":"https:\/\/www.europesays.com\/de\/wp-json\/wp\/v2\/users\/2"}],"replies":[{"embeddable":true,"href":"https:\/\/www.europesays.com\/de\/wp-json\/wp\/v2\/comments?post=1182642"}],"version-history":[{"count":0,"href":"https:\/\/www.europesays.com\/de\/wp-json\/wp\/v2\/posts\/1182642\/revisions"}],"wp:featuredmedia":[{"embeddable":true,"href":"https:\/\/www.europesays.com\/de\/wp-json\/wp\/v2\/media\/1182643"}],"wp:attachment":[{"href":"https:\/\/www.europesays.com\/de\/wp-json\/wp\/v2\/media?parent=1182642"}],"wp:term":[{"taxonomy":"category","embeddable":true,"href":"https:\/\/www.europesays.com\/de\/wp-json\/wp\/v2\/categories?post=1182642"},{"taxonomy":"post_tag","embeddable":true,"href":"https:\/\/www.europesays.com\/de\/wp-json\/wp\/v2\/tags?post=1182642"}],"curies":[{"name":"wp","href":"https:\/\/api.w.org\/{rel}","templated":true}]}}