{"id":1182787,"date":"2026-07-21T15:44:29","date_gmt":"2026-07-21T15:44:29","guid":{"rendered":"https:\/\/www.europesays.com\/de\/1182787\/"},"modified":"2026-07-21T15:44:29","modified_gmt":"2026-07-21T15:44:29","slug":"braunschweig-am-wochenende-lions-maerchen-und-tatort-tour","status":"publish","type":"post","link":"https:\/\/www.europesays.com\/de\/1182787\/","title":{"rendered":"Braunschweig am Wochenende: Lions, M\u00e4rchen und Tatort-Tour"},"content":{"rendered":"<p>Ob GFL-Game im Eintracht-Stadion, Tanz- und Objekttheater in der Kaffeetwete oder Musik unterm Himmelszelt in Riddagshausen: Am Wochenende 25.\/26. Juli gibt\u2018s in Braunschweig viele Kontraste. <\/p>\n<p>Braunschweig hat am Wochenende 25. und 26. Juli gleich mehrere Gr\u00fcnde, rauszugehen: Sportfans k\u00f6nnen im Eintracht-Stadion Gameday-Atmosph\u00e4re erleben, Kulturfans bekommen am Abend Tanz- und Objekttheater in der Innenstadt, und Familien finden am Dowesee eine halbe Stunde M\u00e4rchenzeit im Gr\u00fcnen. <\/p>\n<p>            &#13;<br \/>\n              Braunschweig Lions gegen Berlin Rebels <\/p>\n<p>Im Eintracht-Stadion treffen die Braunschweig Lions am Samstagnachmittag auf die Berlin Rebels. Das Spiel ist als echtes Gameday-Erlebnis angek\u00fcndigt: Football live, nah dran am Geschehen, mit Stadion-Atmosph\u00e4re. Wer die Lions sehen will, sollte sich fr\u00fch um Tickets k\u00fcmmern, denn der Verkauf l\u00e4uft online. <\/p>\n<p><b>Service<\/b> <\/p>\n<ul class=\"disc\">\n<li>Ort: Eintracht-Stadion, Hamburger Stra\u00dfe 210, 38112 Braunschweig<\/li>\n<li>Zeit: Samstag, 25. Juli 2026, 14 bis 18 Uhr<\/li>\n<li>Eintritt: ab 26 Euro<\/li>\n<li>F\u00fcr wen: Sportfans, Football-Interessierte<\/li>\n<\/ul>\n<p>Redshift \u2014 Tales of gaining power (Tanz- und Objekttheater-Performance) <\/p>\n<p>REDSHIFT blickt in den \u201ebodenlosen Grund\u201c zwischen Euphorie und Angst, Leichtigkeit und Schwere. In der Tanz- und Objekttheater-Performance geht es um das Streben nach Macht aus weiblicher Perspektive, mit Choreografien, die Grenzen austesten, und K\u00f6rpern, die sich \u201everfl\u00fcssigen\u201c. Die Auff\u00fchrung l\u00e4dt dazu ein, die eigene Wahrnehmung von Weiblichkeit zu verschieben und Fragilit\u00e4t wie Brutalit\u00e4t weiblicher Macht zu erleben. Eine Altersempfehlung ist angegeben. <\/p>\n<p><b>Service<\/b> <\/p>\n<ul class=\"disc\">\n<li>Ort: Theater in der Kaffeetwete, Kaffeetwete 4a, 38100 Braunschweig<\/li>\n<li>Zeit: Samstag, 25. Juli 2026, 20 bis 20.45 Uhr<\/li>\n<li>Eintritt: 10 Euro<\/li>\n<li>F\u00fcr wen: Theater- und Tanzfans<\/li>\n<li>Wichtig: Altersempfehlung ab 16 Jahren<\/li>\n<\/ul>\n<p>Klostersommer III unter dem Himmelszelt <\/p>\n<p>In Riddagshausen geht es am Samstagnachmittag um Begegnung und Sommerstimmung: Kaffee und Kuchen, Musik und meditatives Tanzen unter dem Himmelszelt. Angek\u00fcndigt sind Swing und launige Texte sowie ein Programm von Georg Renz. Wer Lust auf einen ruhigen, offenen Nachmittag im Klostergarten hat, ist hier richtig. <\/p>\n<p><b>Service<\/b> <\/p>\n<ul class=\"disc\">\n<li>Ort: Klosterkirche Riddagshausen, Klostergang 65, 38104 Braunschweig<\/li>\n<li>Zeit: Samstag, 25. Juli 2026, 15 bis 17 Uhr<\/li>\n<li>Eintritt: kostenlos<\/li>\n<li>F\u00fcr wen: Musikinteressierte, Menschen, die gern tanzen oder einfach dabei sein wollen<\/li>\n<\/ul>\n<p>Geschichte im Glas \u2013 Tatort Braunschweig | Stadtf\u00fchrung <\/p>\n<p>Diese Tour verbindet Stadtgeschichte mit True-Crime-Spurensuche: Es geht zu echten Tatorten in der Braunschweiger Innenstadt, erz\u00e4hlt von Andreas Schwarz und Axel Kusch. Dazu geh\u00f6rt eine Weinverkostung ausgew\u00e4hlter Weine. Wichtig f\u00fcr die Planung: Die Weinprobe findet im Freien statt und wird gr\u00f6\u00dftenteils im Stehen durchgef\u00fchrt, Tickets gibt es nur im Vorverkauf. <\/p>\n<p><b>Service<\/b> <\/p>\n<ul class=\"disc\">\n<li>Ort: WEIN KUSCH Braunschweig GmbH, Casparistra\u00dfe 10, 38100 Braunschweig<\/li>\n<li>Zeit: Samstag, 25. Juli 2026, 17.30 bis 20.30 Uhr<\/li>\n<li>F\u00fcr wen: Stadtf\u00fchrungsfans, True-Crime-Interessierte, Weinfreunde<\/li>\n<li>Wichtig: Tickets nur im Vorverkauf; Weinprobe im Freien, gr\u00f6\u00dftenteils im Stehen<\/li>\n<\/ul>\n<p>M\u00e4rchen am Dowesee <\/p>\n<p>Am Dowesee wird\u2018s am Sonntagnachmittag m\u00e4rchenhaft: Kathrin Bi\u00dfmeier erz\u00e4hlt M\u00e4rchen der Br\u00fcder Grimm, begleitet von ihrer Kantele. Welche Geschichten es werden, bleibt geheim \u2013 vorher gibt es ein M\u00e4rchenr\u00e4tsel. Um 15 Uhr und um 16 Uhr wird jeweils ein anderes M\u00e4rchen erz\u00e4hlt, die M\u00e4rchenstunde ist f\u00fcr Kinder und Erwachsene gedacht. Bei schlechtem Wetter geht es in den Pavillon. <\/p>\n<p><b>Service<\/b> <\/p>\n<ul class=\"disc\">\n<li>Ort: Schul- und B\u00fcrgergarten Dowesee, Doweseeweg 3, 38112 Braunschweig<\/li>\n<li>Zeit: Sonntag, 26. Juli 2026, 15 bis 15.30 Uhr und 16 bis 16.30 Uhr<\/li>\n<li>Eintritt: kostenlos<\/li>\n<li>F\u00fcr wen: Familien, Kinder<\/li>\n<li>Wichtig: am Rondell bei den Stiel-Eichen; bei schlechtem Wetter im Pavillon<\/li>\n<\/ul>\n","protected":false},"excerpt":{"rendered":"Ob GFL-Game im Eintracht-Stadion, Tanz- und Objekttheater in der Kaffeetwete oder Musik unterm Himmelszelt in Riddagshausen: Am Wochenende&hellip;\n","protected":false},"author":2,"featured_media":1182788,"comment_status":"","ping_status":"","sticky":false,"template":"","format":"standard","meta":{"footnotes":"","_share_on_mastodon":"0"},"categories":[1850],"tags":[6429,3364,29,548,663,3934,4447,30,13,14,15,1411,12],"class_list":["post-1182787","post","type-post","status-publish","format-standard","has-post-thumbnail","category-braunschweig","tag-braunschweig","tag-de","tag-deutschland","tag-eu","tag-europa","tag-europe","tag-events","tag-germany","tag-headlines","tag-nachrichten","tag-news","tag-niedersachsen","tag-schlagzeilen"],"share_on_mastodon":{"url":"https:\/\/pubeurope.com\/@de\/116958741640776011","error":""},"_links":{"self":[{"href":"https:\/\/www.europesays.com\/de\/wp-json\/wp\/v2\/posts\/1182787","targetHints":{"allow":["GET"]}}],"collection":[{"href":"https:\/\/www.europesays.com\/de\/wp-json\/wp\/v2\/posts"}],"about":[{"href":"https:\/\/www.europesays.com\/de\/wp-json\/wp\/v2\/types\/post"}],"author":[{"embeddable":true,"href":"https:\/\/www.europesays.com\/de\/wp-json\/wp\/v2\/users\/2"}],"replies":[{"embeddable":true,"href":"https:\/\/www.europesays.com\/de\/wp-json\/wp\/v2\/comments?post=1182787"}],"version-history":[{"count":0,"href":"https:\/\/www.europesays.com\/de\/wp-json\/wp\/v2\/posts\/1182787\/revisions"}],"wp:featuredmedia":[{"embeddable":true,"href":"https:\/\/www.europesays.com\/de\/wp-json\/wp\/v2\/media\/1182788"}],"wp:attachment":[{"href":"https:\/\/www.europesays.com\/de\/wp-json\/wp\/v2\/media?parent=1182787"}],"wp:term":[{"taxonomy":"category","embeddable":true,"href":"https:\/\/www.europesays.com\/de\/wp-json\/wp\/v2\/categories?post=1182787"},{"taxonomy":"post_tag","embeddable":true,"href":"https:\/\/www.europesays.com\/de\/wp-json\/wp\/v2\/tags?post=1182787"}],"curies":[{"name":"wp","href":"https:\/\/api.w.org\/{rel}","templated":true}]}}