{"id":1182789,"date":"2026-07-21T15:45:17","date_gmt":"2026-07-21T15:45:17","guid":{"rendered":"https:\/\/www.europesays.com\/de\/1182789\/"},"modified":"2026-07-21T15:45:17","modified_gmt":"2026-07-21T15:45:17","slug":"ernst-reuter-sportanlage-moenchengladbach-anwohner-klagen-ueber-laerm","status":"publish","type":"post","link":"https:\/\/www.europesays.com\/de\/1182789\/","title":{"rendered":"Ernst-Reuter-Sportanlage M\u00f6nchengladbach: Anwohner klagen \u00fcber L\u00e4rm"},"content":{"rendered":"<p class=\"text_ohne_einzug richtext text-em-55 !leading-serif mx-6 desktop:mx-0\"> Laue N\u00e4chte, WM-Fieber und langes Drau\u00dfensitzen auf dem Balkon oder der Terrasse. F\u00fcr viele ein Sommertraum, doch f\u00fcr Anwohner an der Westender Ernst-Reuter-Sportanlage grenzt diese Vorstellung derzeit eher an einen Albtraum. Denn B\u00fcrgerinnen und B\u00fcrger, die im Bereich des S\u00fcdareals der Anlage rund um die H\u00fcgelstra\u00dfe wohnen, haben sich gegen\u00fcber unserer Redaktion \u00fcber L\u00e4rmbel\u00e4stigung, die von Nutzern der Sportanlage herr\u00fchrt, beklagt. Es geht um den offenen Fun-Sportbereich, der unter anderem ein Basketballfeld, einen Fu\u00dfballk\u00e4fig, einen Fitnessbereich und ein Sitzrondell umfasst. Dieses Areal ist nicht dem Vereins- und Schulsport vorbehalten, sondern f\u00fcr B\u00fcrger des Quartiers nutzbar. Im Sommer ist das Gel\u00e4nde von 8 Uhr morgens bis Einbruch der Dunkelheit ge\u00f6ffnet.<\/p>\n","protected":false},"excerpt":{"rendered":"Laue N\u00e4chte, WM-Fieber und langes Drau\u00dfensitzen auf dem Balkon oder der Terrasse. F\u00fcr viele ein Sommertraum, doch f\u00fcr&hellip;\n","protected":false},"author":2,"featured_media":1182790,"comment_status":"","ping_status":"","sticky":false,"template":"","format":"standard","meta":{"footnotes":"","_share_on_mastodon":"0"},"categories":[1849],"tags":[29133,2164,14769,42126,18412,3364,29,19969,548,663,3934,70906,247256,228571,46063,30,247255,13,62415,4455,14,15,1209,140000,12,265,14719,39079,247257,524],"class_list":["post-1182789","post","type-post","status-publish","format-standard","has-post-thumbnail","category-moenchengladbach","tag-schulsport","tag-anlage","tag-anwohner","tag-anwohnerin","tag-bereich","tag-de","tag-deutschland","tag-ernst","tag-eu","tag-europa","tag-europe","tag-fachbereich","tag-fitnessanlage","tag-fitnessbereich","tag-fun","tag-germany","tag-harald-schulz","tag-headlines","tag-huegelstrasse","tag-moenchengladbach","tag-nachrichten","tag-news","tag-nordrhein-westfalen","tag-reuter","tag-schlagzeilen","tag-sport","tag-sportanlage","tag-sportbereich","tag-sportbetrieb","tag-strasse"],"share_on_mastodon":{"url":"https:\/\/pubeurope.com\/@de\/116958745558065239","error":""},"_links":{"self":[{"href":"https:\/\/www.europesays.com\/de\/wp-json\/wp\/v2\/posts\/1182789","targetHints":{"allow":["GET"]}}],"collection":[{"href":"https:\/\/www.europesays.com\/de\/wp-json\/wp\/v2\/posts"}],"about":[{"href":"https:\/\/www.europesays.com\/de\/wp-json\/wp\/v2\/types\/post"}],"author":[{"embeddable":true,"href":"https:\/\/www.europesays.com\/de\/wp-json\/wp\/v2\/users\/2"}],"replies":[{"embeddable":true,"href":"https:\/\/www.europesays.com\/de\/wp-json\/wp\/v2\/comments?post=1182789"}],"version-history":[{"count":0,"href":"https:\/\/www.europesays.com\/de\/wp-json\/wp\/v2\/posts\/1182789\/revisions"}],"wp:featuredmedia":[{"embeddable":true,"href":"https:\/\/www.europesays.com\/de\/wp-json\/wp\/v2\/media\/1182790"}],"wp:attachment":[{"href":"https:\/\/www.europesays.com\/de\/wp-json\/wp\/v2\/media?parent=1182789"}],"wp:term":[{"taxonomy":"category","embeddable":true,"href":"https:\/\/www.europesays.com\/de\/wp-json\/wp\/v2\/categories?post=1182789"},{"taxonomy":"post_tag","embeddable":true,"href":"https:\/\/www.europesays.com\/de\/wp-json\/wp\/v2\/tags?post=1182789"}],"curies":[{"name":"wp","href":"https:\/\/api.w.org\/{rel}","templated":true}]}}