{"id":1183014,"date":"2026-07-21T17:57:18","date_gmt":"2026-07-21T17:57:18","guid":{"rendered":"https:\/\/www.europesays.com\/de\/1183014\/"},"modified":"2026-07-21T17:57:18","modified_gmt":"2026-07-21T17:57:18","slug":"duesseldorf-granate-aus-zweitem-weltkrieg-am-rhein-gefunden","status":"publish","type":"post","link":"https:\/\/www.europesays.com\/de\/1183014\/","title":{"rendered":"D\u00fcsseldorf: Granate aus Zweitem Weltkrieg am Rhein gefunden"},"content":{"rendered":"<p class=\"text_ohne_einzug richtext text-em-55 !leading-serif mx-6 desktop:mx-0\"> Dass diese Aufr\u00e4umaktion am <a href=\"https:\/\/rp-online.de\/thema\/rhein\/\" rel=\"nofollow noopener\" target=\"_blank\">Rhein<\/a> keine gew\u00f6hnliche werden w\u00fcrde, f\u00fchlte Victoria Blocksdorf schon vor dem Beginn. Am vergangenen Sonntag stand der Fluss in D\u00fcsseldorf bei einem <a href=\"https:\/\/rp-online.de\/thema\/pegel\/\" rel=\"nofollow noopener\" target=\"_blank\">Pegel<\/a> von nur 50 Zentimetern. Niedrigwasser. \u201eDa kann es passieren, dass man auch mal Gegenst\u00e4nde milit\u00e4rischer Herkunft findet\u201c, sagt die Gr\u00fcnderin der gemeinn\u00fctzigen Organisation Blockblocks Cleanup. Deshalb hatte sie vor dem Start des Gro\u00dfr(h)einemachens Bilder von Minen und Granaten f\u00fcr eine kurze Schulung dabei. Dass aber wirklich eine Waffe aus dem Zweiten Weltkrieg gefunden w\u00fcrde, \u201edas hatten wir bisher noch nie\u201c, so Blocksdorf.<\/p>\n","protected":false},"excerpt":{"rendered":"Dass diese Aufr\u00e4umaktion am Rhein keine gew\u00f6hnliche werden w\u00fcrde, f\u00fchlte Victoria Blocksdorf schon vor dem Beginn. Am vergangenen&hellip;\n","protected":false},"author":2,"featured_media":1183015,"comment_status":"","ping_status":"","sticky":false,"template":"","format":"standard","meta":{"footnotes":"","_share_on_mastodon":"0"},"categories":[1831],"tags":[47593,3364,29,3405,3679,30,52137,1209,5206,247297,16968,10668,247298],"class_list":["post-1183014","post","type-post","status-publish","format-standard","has-post-thumbnail","category-duesseldorf","tag-aufraeumaktion","tag-de","tag-deutschland","tag-duesseldorf","tag-duesseldorfer","tag-germany","tag-granate","tag-nordrhein-westfalen","tag-rhein","tag-vorahnung","tag-wehrmacht","tag-weltkrieg","tag-zweitem"],"share_on_mastodon":{"url":"","error":""},"_links":{"self":[{"href":"https:\/\/www.europesays.com\/de\/wp-json\/wp\/v2\/posts\/1183014","targetHints":{"allow":["GET"]}}],"collection":[{"href":"https:\/\/www.europesays.com\/de\/wp-json\/wp\/v2\/posts"}],"about":[{"href":"https:\/\/www.europesays.com\/de\/wp-json\/wp\/v2\/types\/post"}],"author":[{"embeddable":true,"href":"https:\/\/www.europesays.com\/de\/wp-json\/wp\/v2\/users\/2"}],"replies":[{"embeddable":true,"href":"https:\/\/www.europesays.com\/de\/wp-json\/wp\/v2\/comments?post=1183014"}],"version-history":[{"count":0,"href":"https:\/\/www.europesays.com\/de\/wp-json\/wp\/v2\/posts\/1183014\/revisions"}],"wp:featuredmedia":[{"embeddable":true,"href":"https:\/\/www.europesays.com\/de\/wp-json\/wp\/v2\/media\/1183015"}],"wp:attachment":[{"href":"https:\/\/www.europesays.com\/de\/wp-json\/wp\/v2\/media?parent=1183014"}],"wp:term":[{"taxonomy":"category","embeddable":true,"href":"https:\/\/www.europesays.com\/de\/wp-json\/wp\/v2\/categories?post=1183014"},{"taxonomy":"post_tag","embeddable":true,"href":"https:\/\/www.europesays.com\/de\/wp-json\/wp\/v2\/tags?post=1183014"}],"curies":[{"name":"wp","href":"https:\/\/api.w.org\/{rel}","templated":true}]}}