{"id":1183062,"date":"2026-07-21T18:22:17","date_gmt":"2026-07-21T18:22:17","guid":{"rendered":"https:\/\/www.europesays.com\/de\/1183062\/"},"modified":"2026-07-21T18:22:17","modified_gmt":"2026-07-21T18:22:17","slug":"schock-fuer-deutsche-hoffnung-florian-lipowitz-gibt-tour-de-france-nach-heftigem-sturz-auf-2","status":"publish","type":"post","link":"https:\/\/www.europesays.com\/de\/1183062\/","title":{"rendered":"Schock f\u00fcr deutsche Hoffnung: Florian Lipowitz gibt Tour de France nach heftigem Sturz auf"},"content":{"rendered":"<p>Schock f\u00fcr deutsche HoffnungFlorian Lipowitz gibt Tour de France nach heftigem Sturz auf<\/p>\n<p>Artikel anh\u00f6ren (00:51 min)<\/p>\n<p>21.07.2026 | 17:41 Uhr <\/p>\n<p>Florian Lipowitz f\u00e4hrt auf der 16. Etappe der Tour de France ein starkes Zeitfahren. Dann st\u00fcrzt er in einer Rechtskurve, knallt heftig auf den Asphalt und wird abtransportiert. Die Frankreich-Rundfahrt ist f\u00fcr die deutsche Tour-Hoffnung damit vorbei.<\/p>\n<p class=\"Typography_text-default__P3otY Typography_weight-normal__pqUbH StorylineParagraph_p__4mkZU\">Der deutsche Hoffnungstr\u00e4ger Florian Lipowitz hat bei der Tour de France nach einem heftigen Sturz aufgegeben. Der Vorjahresdritte kam w\u00e4hrend des Einzelzeitfahrens der 16. Etappe in Thonon-les-Bains zu Fall und rauschte bei hoher Geschwindigkeit in eine Absperrung. Lipowitz hielt sich die rechte Schulter und wurde zu einem Krankenwagen gef\u00fchrt.\u00a0Rund 40 Minuten sp\u00e4ter betrat er von einem Betreuer gest\u00fctzt mit Wunden an Schulter und Bein den Medical Truck. Wie Lipowitz&#8216; Team Red Bull-Bora-hansgrohe mitteilte, kam der 25-J\u00e4hrige zu weiteren Untersuchungen ins Krankenhaus. Lipowitz hatte vor der Etappe auf Gesamtrang f\u00fcnf gelegen, auch beim Zeitfahren war er bei den Zwischenzeiten in aussichtsreicher Position. <\/p>\n<p class=\"Typography_text-default__P3otY Typography_weight-normal__pqUbH StorylineParagraph_p__4mkZU\">Den in diesem Jahr einzigen Einzel-Kampf gegen die Uhr gewann Lipowitz&#8216; Red-Bull-Kollege Remco Evenepoel. Der Zeitfahr-Weltmeister und Doppel-Olympiasieger distanzierte in seiner Paradedisziplin \u00fcber 26,1 Kilometer den Gesamtf\u00fchrenden Tadej Pogacar um 28 Sekunden, Dritter wurde der D\u00e4ne Mattias Skjelmose (Lidl-Trek\/+1:04). <\/p>\n<p class=\"Typography_text-default__P3otY Typography_weight-normal__pqUbH StorylineParagraph_p__4mkZU\">&#8222;Das ist ein gro\u00dfes Ungl\u00fcck. Es ist ein bitters\u00fc\u00dfer Sieg&#8220;, sagte Evenepoel im Sieger-Interview \u00fcber den schweren Sturz von Lipowitz: &#8222;Ich w\u00fcnsche ihm das Allerbeste.&#8220; F\u00fcr den Belgier war es der vierte Tour-Tagessieg seiner Karriere und der zweite nacheinander. Auch Pogacar schickte Genesungsw\u00fcnsche: &#8222;Ich bin an derselben Stelle auch fast gest\u00fcrzt. Ich hoffe, dass Lipo okay ist.&#8220; Im Kampf ums Gelbe Trikot liegt Pogacar weiter klar vorne &#8211; jetzt 4:32 Minuten vor Evenepoel, der in den Bergen klar schw\u00e4cher ist als der Slowene. Dritter ist der Mexikaner Isaac del Toro 6:51 Minuten hinter dem viermaligen Toursieger.<\/p>\n<\/p>\n<p class=\"Typography_text-default__P3otY Typography_weight-normal__pqUbH StorylineParagraph_p__4mkZU\">Lipowitz wird die franz\u00f6sische Hauptstadt, in der er 2025 sensationell als Gesamtdritter und Tr\u00e4ger des Wei\u00dfen Trikots eingefahren war, nicht auf dem Rad erreichen. Der Deutsche ist der zweite prominente Ausfall binnen 48 Stunden. Erst am Sonntag war der zweimalige Tour-Champion Jonas Vingegaard (Visma-Lease a bike) nach einem Sturz ausgeschieden.\u00a0<\/p>\n<p>Wieder folgenschwerer Sturz nach Dopingkontrolle<\/p>\n<p class=\"Typography_text-default__P3otY Typography_weight-normal__pqUbH StorylineParagraph_p__4mkZU\">Gespr\u00e4chsstoff hatte sich zuvor am Thema Dopingkontrollen entz\u00fcndet. Wie Teamchef Ralph Denk im ZDF berichtete, wurde auch das Red-Bull-Team am Montagabend kontrolliert. Die Tests aller Fahrer fanden zwischen 22 Uhr und 23 Uhr statt und damit noch vor dem Zeitraum, in dem n\u00e4chtliche Kontrollen nur bei einem konkreten Verdacht zul\u00e4ssig sind.\u00a0Denk r\u00e4umte zwar ein, dass die Ma\u00dfnahme die Regeneration beeintr\u00e4chtige, \u00e4u\u00dferte aber zugleich Verst\u00e4ndnis f\u00fcr die Kontrollen.\u00a0<\/p>\n<p class=\"Typography_text-default__P3otY Typography_weight-normal__pqUbH StorylineParagraph_p__4mkZU\">Auch der deutsche Red-Bull-Profi Nico Denz hegte keinen Groll: &#8222;So ist es eben. Immerhin war die Kontrolle nicht um zwei Uhr nachts, sondern gegen halb elf&#8220;, sagte Denz in der ARD. Ex-Champion Vingegaard (Visma-Lease a bike) war in der Nacht zu Sonntag um 2 Uhr getestet worden, er st\u00fcrzte am selben Tag und schied aus. Nun ereilte dieses Schicksal auch Lipowitz.<\/p>\n<p>Evenepoel in eigener Liga<\/p>\n<p class=\"Typography_text-default__P3otY Typography_weight-normal__pqUbH StorylineParagraph_p__4mkZU\">Ohne Vingegaard ging der Tagessieg nur \u00fcber die Spezialisten Pogacar und Evenepoel, der mit einem Prototypen seines Rad-Herstellers auf den anspruchsvollen Kurs ging. Vor dem Top-Duo legte Lipowitz stark vor und sicherte vermeintlich fr\u00fch den f\u00fcnften Gesamtrang vor dem entt\u00e4uschenden Spanier Juan Ayuso (Lidl-Trek) ab. Mit den Podest-Rivalen Isaac Del Toro (UAE Emirates-XRG) und Paul Seixas (Decathlon CMA CGM) fuhr der Deutsche auf Augenh\u00f6he, dann platzten alle Podesttr\u00e4ume auf schmerzhafte Weise.<\/p>\n<p class=\"Typography_text-default__P3otY Typography_weight-normal__pqUbH StorylineParagraph_p__4mkZU\">Im Kampf um den Tagessieg erwischte Topfavorit Evenepoel einen besseren Auftakt. An der Spitze der Cote de Larringes, einem 9,7 km langen Anstieg, der mit dem Rollen von der Startrampe begann, lag er 14 Sekunden vor Pogacar. Nach der technischen Abfahrt folgte ein etwa acht Kilometer langes Flachst\u00fcck ins Ziel &#8211;\u00a0Pogacar kam nicht mehr heran.\u00a0<\/p>\n<p class=\"Typography_text-default__P3otY Typography_weight-normal__pqUbH StorylineParagraph_p__4mkZU\">Vor der spektakul\u00e4ren Alpentrilogie, bei der die gro\u00dfen Entscheidungen im Gesamtklassement fallen werden, wartet auf der 17. Etappe am Mittwoch ein etwas entspannterer Tag auf das Peloton. Der Kurs f\u00fchrt \u00fcber 174,7 km nach Voiron und beg\u00fcnstigt einen Ausrei\u00dfererfolg. Die Sprinter hoffen auf eine letzte Chance.<\/p>\n<p>Verwendete Quellen: ntv.de, mar\/sid<\/p>\n","protected":false},"excerpt":{"rendered":"Schock f\u00fcr deutsche HoffnungFlorian Lipowitz gibt Tour de France nach heftigem Sturz auf Artikel anh\u00f6ren (00:51 min) 21.07.2026&hellip;\n","protected":false},"author":2,"featured_media":1182829,"comment_status":"","ping_status":"","sticky":false,"template":"","format":"standard","meta":{"footnotes":"","_share_on_mastodon":"0"},"categories":[136],"tags":[29,62631,30,82832,265,9410,34902],"class_list":["post-1183062","post","type-post","status-publish","format-standard","has-post-thumbnail","category-sport","tag-deutschland","tag-florian-lipowitz","tag-germany","tag-remco-evenepoel","tag-sport","tag-tadej-pogacar","tag-tour-de-france"],"share_on_mastodon":{"url":"https:\/\/pubeurope.com\/@de\/116959363044798208","error":""},"_links":{"self":[{"href":"https:\/\/www.europesays.com\/de\/wp-json\/wp\/v2\/posts\/1183062","targetHints":{"allow":["GET"]}}],"collection":[{"href":"https:\/\/www.europesays.com\/de\/wp-json\/wp\/v2\/posts"}],"about":[{"href":"https:\/\/www.europesays.com\/de\/wp-json\/wp\/v2\/types\/post"}],"author":[{"embeddable":true,"href":"https:\/\/www.europesays.com\/de\/wp-json\/wp\/v2\/users\/2"}],"replies":[{"embeddable":true,"href":"https:\/\/www.europesays.com\/de\/wp-json\/wp\/v2\/comments?post=1183062"}],"version-history":[{"count":0,"href":"https:\/\/www.europesays.com\/de\/wp-json\/wp\/v2\/posts\/1183062\/revisions"}],"wp:featuredmedia":[{"embeddable":true,"href":"https:\/\/www.europesays.com\/de\/wp-json\/wp\/v2\/media\/1182829"}],"wp:attachment":[{"href":"https:\/\/www.europesays.com\/de\/wp-json\/wp\/v2\/media?parent=1183062"}],"wp:term":[{"taxonomy":"category","embeddable":true,"href":"https:\/\/www.europesays.com\/de\/wp-json\/wp\/v2\/categories?post=1183062"},{"taxonomy":"post_tag","embeddable":true,"href":"https:\/\/www.europesays.com\/de\/wp-json\/wp\/v2\/tags?post=1183062"}],"curies":[{"name":"wp","href":"https:\/\/api.w.org\/{rel}","templated":true}]}}