{"id":1183501,"date":"2026-07-21T22:58:20","date_gmt":"2026-07-21T22:58:20","guid":{"rendered":"https:\/\/www.europesays.com\/de\/1183501\/"},"modified":"2026-07-21T22:58:20","modified_gmt":"2026-07-21T22:58:20","slug":"streamingoffensive-das-zdf-kuendigt-neue-kooperation-an","status":"publish","type":"post","link":"https:\/\/www.europesays.com\/de\/1183501\/","title":{"rendered":"Streamingoffensive: Das ZDF k\u00fcndigt neue Kooperation an"},"content":{"rendered":"<p>Offensive im \u00d6ffentlich-Rechtlichen <\/p>\n<p>ZDF startet neue Zusammenarbeit mit Privatsender<\/p>\n<p>21.07.2026 &#8211; 20:42 UhrLesedauer: 2 Min.<\/p>\n<p><a href=\"#focus-0\" class=\"transition-colors block text-current relative\" data-sctrack=\"FocusGalleryImage.Reference\"><img fetchpriority=\"high\" data-testid=\"Opener.Image\"   loading=\"eager\" src=\"https:\/\/www.europesays.com\/de\/wp-content\/uploads\/2026\/07\/zdf-inhalte-sollen-kuenftig-auch-auf-joyn-zu-sehen-sein-ki-generiertes-symbolbild.jpg\" alt=\"ZDF-Inhalte sollen k\u00fcnftig auch auf Joyn zu sehen sein (KI-generiertes Symbolbild)\" title=\"ZDF-Inhalte sollen k\u00fcnftig auch auf Joyn zu sehen sein (KI-generiertes Symbolbild)\" width=\"564\" height=\"317\" class=\"bg-[url:var(--lqipURL)] bg-cover bg-center flex h-full w-full max-w-full\" style=\"--lqipURL:url('https:\/\/images.t-online.de\/2026\/07\/7tie6AqYQNLV\/79x0:564x317\/fit-in\/150x0\/filters:blur(25)\/zdf-inhalte-sollen-kuenftig-auch-auf-joyn-zu-sehen-sein-ki-generiertes-symbolbild.jpg')\" decoding=\"async\"\/><img loading=\"lazy\" src=\"https:\/\/www.t-online.de\/s\/paper\/_next\/static\/media\/zoom-in.f7dae02f.svg\" alt=\"Vergr\u00f6\u00dfern des Bildes\" title=\"Vergr\u00f6\u00dfern des Bildes\" class=\"block h-[calc(var(--height)_\/_16_*_1rem)] w-[calc(var(--width)_\/_16_*_1rem)] max-w-none absolute right-8 bottom-8 rounded-4 bg-snow p-8\" style=\"--width:32;--height:32\" decoding=\"async\"\/><\/a><\/p>\n<p>ZDF-Inhalte sollen k\u00fcnftig auch auf Joyn zu sehen sein. (KI-generiertes Symbolbild) (Quelle: (KI-generiertes Symbolbild) Copyright: ProSiebenSat.1. \/ZDF)<\/p>\n<p><img loading=\"lazy\" src=\"https:\/\/www.t-online.de\/s\/paper\/_next\/static\/media\/audio-volume.6689034c.svg\" alt=\"\" title=\"\" class=\"block h-[calc(var(--height)_\/_16_*_1rem)] w-[calc(var(--width)_\/_16_*_1rem)] max-w-none group-hover:brightness-0 group-hover:invert\" style=\"--width:16;--height:16\" decoding=\"async\"\/>Vorlesen<\/p>\n<p>Aktuelle Zeit:0:00Gesamtdauer:0:00<\/p>\n<p>1x<\/p>\n<p class=\"text-center\">Jetzt neu bei t-online:<\/p>\n<p class=\"text-center\">Schriftgr\u00f6\u00dfe anpassen!<\/p>\n<p><img loading=\"lazy\" src=\"https:\/\/www.t-online.de\/s\/paper\/_next\/static\/media\/font-sizes.32942e33.svg\" alt=\"\" title=\"\" class=\"block h-[calc(var(--height)_\/_16_*_1rem)] w-[calc(var(--width)_\/_16_*_1rem)] max-w-none group-hover:hidden group-aria-expanded:hidden\" style=\"--width:16;--height:16\" decoding=\"async\"\/><img loading=\"lazy\" src=\"https:\/\/www.t-online.de\/s\/paper\/_next\/static\/media\/font-sizes-dark-mode.e382645c.svg\" alt=\"\" title=\"\" class=\"block h-[calc(var(--height)_\/_16_*_1rem)] w-[calc(var(--width)_\/_16_*_1rem)] max-w-none hidden group-hover:block group-aria-expanded:block\" style=\"--width:16;--height:16\" decoding=\"async\"\/><img loading=\"lazy\" src=\"https:\/\/www.t-online.de\/s\/paper\/_next\/static\/media\/sharing-menu-icon.1eb71368.svg\" alt=\"\" title=\"\" class=\"block h-[calc(var(--height)_\/_16_*_1rem)] w-[calc(var(--width)_\/_16_*_1rem)] max-w-none group-hover:brightness-0 group-hover:invert\" style=\"--width:16;--height:16\" decoding=\"async\"\/>Artikel teilen<\/p>\n<p class=\"font-bold text-18 leading-17 user-text-lg:text-22 user-text-xl:text-24\"><strong class=\"font-bold\">Das ZDF und ProSiebenSat.1 erweitern ihre gemeinsamen Kooperationen. Das neue Angebot soll schon Ende dieses Jahres starten. <\/strong><\/p>\n<p class=\"text-18 leading-17 user-text-lg:text-22 user-text-xl:text-24\">Die beiden Unternehmen verk\u00fcndeten, dass sie bei Streamingangeboten k\u00fcnftig noch mehr zusammenarbeiten wollen. Wie das <a href=\"https:\/\/www.t-online.de\/themen\/zdf\/\" class=\"transition-colors cursor-pointer no-underline md:hover:text-magenta md:focus:text-magenta border-b border-solid border-current text-salemsfur md:hover:border-magenta\" data-tracking=\"{&quot;action&quot;:&quot;click&quot;,&quot;category&quot;:&quot;intextLink&quot;,&quot;label&quot;:&quot;\/themen\/zdf\/&quot;}\" data-sctrack=\"BodyAnchor\" rel=\"nofollow noopener\" target=\"_blank\">ZDF<\/a> am Dienstag mitteilte, wurde &#8222;eine wegweisende Vereinbarung zur Einbindung von On-Demand-Inhalten des ZDF auf Joyn geschlossen&#8220;. Joyn ist die Streaming-Plattform von ProSiebenSat.1. &#8222;Der operative Start ist f\u00fcr das vierte Quartal 2026 geplant&#8220;, hie\u00df es weiter.<\/p>\n<p class=\"text-18 leading-17 user-text-lg:text-22 user-text-xl:text-24\">Mit der neuen Zusammenarbeit sollen ausgew\u00e4hlte Beitr\u00e4ge aus dem Streamingangebot des ZDF k\u00fcnftig auch auf der Plattform Joyn verf\u00fcgbar sein. Nutzer werden dann Inhalte des ZDF direkt \u00fcber Joyn abrufen k\u00f6nnen. Wichtig ist dabei auch, dass die ZDF-Inhalte auf Joyn kostenlos und werbefrei zur Verf\u00fcgung stehen werden. Au\u00dferdem bleibt die redaktionelle Hoheit \u00fcber diese Inhalte beim ZDF.<\/p>\n<ul class=\"text-18 leading-17 block pl-24 *:pb-16 *:before:inline-block *:before:size-8 *:before:bg-magenta *:before:mt-0 *:before:mr-12 *:before:mb-2 *:before:-ml-[20px]\">\n<li><strong class=\"font-bold\">Gewaltsame Ausschreitungen:<\/strong> <a href=\"https:\/\/www.t-online.de\/nachrichten\/deutschland\/aussenpolitik\/id_101298164\/elon-musk-jetzt-knoepft-er-sich-das-zdf-vor.html\" class=\"transition-colors cursor-pointer no-underline md:hover:text-magenta md:focus:text-magenta border-b border-solid border-current text-salemsfur md:hover:border-magenta\" data-tracking=\"{&quot;action&quot;:&quot;click&quot;,&quot;category&quot;:&quot;intextLink&quot;,&quot;label&quot;:&quot;\/nachrichten\/deutschland\/aussenpolitik\/id_101298164\/elon-musk-jetzt-knoepft-er-sich-das-zdf-vor.html&quot;}\" data-sctrack=\"BodyAnchor\" rel=\"nofollow noopener\" target=\"_blank\">&#8222;Ungeheuerlich&#8220; \u2013 Elon Musk kn\u00f6pft sich das ZDF vor<\/a><\/li>\n<li><strong class=\"font-bold\">Im &#8222;Fernsehgarten&#8220;:<\/strong> <a href=\"https:\/\/www.t-online.de\/unterhaltung\/tv\/zdf-fernsehgarten\/id_101350154\/-zdf-fernsehgarten-elton-wird-vom-publikum-ausgebuht.html\" class=\"transition-colors cursor-pointer no-underline md:hover:text-magenta md:focus:text-magenta border-b border-solid border-current text-salemsfur md:hover:border-magenta\" data-tracking=\"{&quot;action&quot;:&quot;click&quot;,&quot;category&quot;:&quot;intextLink&quot;,&quot;label&quot;:&quot;\/unterhaltung\/tv\/zdf-fernsehgarten\/id_101350154\/-zdf-fernsehgarten-elton-wird-vom-publikum-ausgebuht.html&quot;}\" data-sctrack=\"BodyAnchor\" rel=\"nofollow noopener\" target=\"_blank\">Elton wird vom Publikum ausgebuht<\/a><\/li>\n<\/ul>\n<p class=\"text-18 leading-17 user-text-lg:text-22 user-text-xl:text-24\">Die Sender sind \u00fcberzeugt, dass die Kooperation f\u00fcr ihr Publikum vor allem mehr Komfort bedeutet. &#8222;Wer Joyn nutzt, erh\u00e4lt dann \u2013 neben den bereits verf\u00fcgbaren Live-Sendern des ZDF \u2013 auch on-demand einen einfacheren Zugang zu dem breiten Spektrum an Nachrichten, Dokumentationen, Kultur-, Factual- und Unterhaltungsangeboten des ZDF.&#8220; Es wurde allerdings auch betont, dass das Streaming-Portal des ZDF die zentrale digitale Heimat des \u00f6ffentlich-rechtlichen Angebots bleibt.<\/p>\n<p class=\"text-18 leading-17 user-text-lg:text-22 user-text-xl:text-24\">F\u00fcr Dr. Florian Kumb, Direktor Audience des ZDF, ist die Kooperation eine St\u00e4rkung f\u00fcr Angebote der \u00f6ffentlich-rechtlichen Sender. &#8222;Unser Auftrag ist es, m\u00f6glichst viele Menschen mit unseren hochwertigen Angeboten zu erreichen&#8220;, erkl\u00e4rte er. &#8222;Wenn ZDF-Streaming-Inhalte k\u00fcnftig auch auf Joyn auffindbar sind, st\u00e4rken wir die Sichtbarkeit \u00f6ffentlich-rechtlicher journalistischer Angebote im digitalen Raum.&#8220;<\/p>\n","protected":false},"excerpt":{"rendered":"Offensive im \u00d6ffentlich-Rechtlichen ZDF startet neue Zusammenarbeit mit Privatsender 21.07.2026 &#8211; 20:42 UhrLesedauer: 2 Min. ZDF-Inhalte sollen k\u00fcnftig&hellip;\n","protected":false},"author":2,"featured_media":1183502,"comment_status":"","ping_status":"","sticky":false,"template":"","format":"standard","meta":{"footnotes":"","_share_on_mastodon":"0"},"categories":[134],"tags":[175,170,169,29,30,9901,671,171,174,6372,97911,1897,247426,173,172,1448],"class_list":["post-1183501","post","type-post","status-publish","format-standard","has-post-thumbnail","category-unternehmen-maerkte","tag-business","tag-companies","tag-companies-markets","tag-deutschland","tag-germany","tag-joyn","tag-ki","tag-markets","tag-maerkte","tag-offensive","tag-prosiebensat-1-media","tag-streaming","tag-streamingangeboten","tag-unternehmen","tag-unternehmen-maerkte","tag-zdf"],"share_on_mastodon":{"url":"https:\/\/pubeurope.com\/@de\/116960450582459681","error":""},"_links":{"self":[{"href":"https:\/\/www.europesays.com\/de\/wp-json\/wp\/v2\/posts\/1183501","targetHints":{"allow":["GET"]}}],"collection":[{"href":"https:\/\/www.europesays.com\/de\/wp-json\/wp\/v2\/posts"}],"about":[{"href":"https:\/\/www.europesays.com\/de\/wp-json\/wp\/v2\/types\/post"}],"author":[{"embeddable":true,"href":"https:\/\/www.europesays.com\/de\/wp-json\/wp\/v2\/users\/2"}],"replies":[{"embeddable":true,"href":"https:\/\/www.europesays.com\/de\/wp-json\/wp\/v2\/comments?post=1183501"}],"version-history":[{"count":0,"href":"https:\/\/www.europesays.com\/de\/wp-json\/wp\/v2\/posts\/1183501\/revisions"}],"wp:featuredmedia":[{"embeddable":true,"href":"https:\/\/www.europesays.com\/de\/wp-json\/wp\/v2\/media\/1183502"}],"wp:attachment":[{"href":"https:\/\/www.europesays.com\/de\/wp-json\/wp\/v2\/media?parent=1183501"}],"wp:term":[{"taxonomy":"category","embeddable":true,"href":"https:\/\/www.europesays.com\/de\/wp-json\/wp\/v2\/categories?post=1183501"},{"taxonomy":"post_tag","embeddable":true,"href":"https:\/\/www.europesays.com\/de\/wp-json\/wp\/v2\/tags?post=1183501"}],"curies":[{"name":"wp","href":"https:\/\/api.w.org\/{rel}","templated":true}]}}