{"id":118354,"date":"2025-05-17T18:12:09","date_gmt":"2025-05-17T18:12:09","guid":{"rendered":"https:\/\/www.europesays.com\/de\/118354\/"},"modified":"2025-05-17T18:12:09","modified_gmt":"2025-05-17T18:12:09","slug":"parteien-berliner-linke-mit-neuer-doppelspitze","status":"publish","type":"post","link":"https:\/\/www.europesays.com\/de\/118354\/","title":{"rendered":"Parteien: Berliner Linke mit neuer Doppelspitze"},"content":{"rendered":"<p class=\"paragraph article__item\">Die Berliner Linke hat eine neue Doppelspitze: Der seit zwei Jahren amtierende Landeschef Maximilian Schirmer f\u00fchrt die Partei jetzt gemeinsam mit Kerstin Wolter.\u00a0\n<\/p>\n<p>Aktuelles<\/p>\n<p>                <a href=\"https:\/\/www.zeit.de\/politik\/deutschland\/2025-05\/linke-parteitag-antisemitismus-beschluss-zentralrat-der-juden-kritik\" data-ct-label=\"Antisemitismusbeschluss der Linken: Zentralrat der Juden kritisiert Linke f\u00fcr Antisemitismusdefinition\" target=\"_blank\" rel=\"noopener\"><\/p>\n<p>                        Antisemitismusbeschluss der Linken:<br \/>\n                        Zentralrat der Juden kritisiert Linke f\u00fcr Antisemitismusdefinition<\/p>\n<p>                <\/a><\/p>\n<p>                <a href=\"https:\/\/www.zeit.de\/politik\/deutschland\/2025-05\/unvereinbarkeitsbeschluss-cdu-linke-carsten-linnemann\" data-ct-label=\"Unvereinbarkeitsbeschluss: Linnemann will an Kooperationsverbot mit Linkspartei festhalten\" target=\"_blank\" rel=\"noopener\"><\/p>\n<p>                        Unvereinbarkeitsbeschluss:<br \/>\n                        Linnemann will an Kooperationsverbot mit Linkspartei festhalten<\/p>\n<p>                <\/a><\/p>\n<p>                <a href=\"https:\/\/www.zeit.de\/politik\/deutschland\/2025-05\/linke-parteitag-chemnitz-aken\" data-ct-label=\"Bundesparteitag: Linken-Chef nennt Merz &quot;abgehobenen Kanzler&quot;\" target=\"_blank\" rel=\"noopener\"><\/p>\n<p>                        Bundesparteitag:<br \/>\n                        Linken-Chef nennt Merz &#8222;abgehobenen Kanzler&#8220;<\/p>\n<p>                <\/a><\/p>\n<p class=\"paragraph article__item\">F\u00fcr den Pankower Bezirkspolitiker und Linke-Bundesvize Schirmer votierten bei einem <a class=\"rtr-entity\" href=\"https:\/\/www.zeit.de\/thema\/parteitag\" target=\"_blank\" rel=\"noopener\">Parteitag<\/a> 99 Delegierte bei 48 Nein-Stimmen und 16 Enthaltungen. Das waren 60,7 Prozent, also ein eher m\u00e4\u00dfiges Ergebnis. Auf Wolter, bisher Linke-Bezirksvorsitzende in Friedrichshain-Kreuzberg, entfielen 115 Ja-Stimmen bei 19 Nein-Stimmen und 26 Enthaltungen. Das waren 71,9 Prozent.\u00a0\n<\/p>\n<p class=\"paragraph article__item\">Die bisherige Co-Landesvorsitzende Franziska Brychcy war seit 2023 gemeinsam mit Schirmer im Amt und kandidierte auf dem Parteitag in Lichtenberg nicht wieder f\u00fcr den Posten. Sie will sich auf ihre Rolle als bildungspolitische Sprecherin der Linke-Fraktion im Abgeordnetenhaus konzentrieren.\n<\/p>\n<p>        Ehrgeiziges Wahlziel        <\/p>\n<p class=\"paragraph article__item\">Das neue Duo an der Spitze soll die Partei zum Erfolg bei der n\u00e4chsten Wahl zum Berliner Abgeordnetenhaus f\u00fchren, die voraussichtlich am 20. September 2026 stattfindet. Bei dem Wahlgang will die Linke nach ihrem Sieg bei der <a class=\"rtr-entity\" href=\"https:\/\/www.zeit.de\/thema\/bundestagswahl\" target=\"_blank\" rel=\"noopener\">Bundestagswahl<\/a> im Februar erneut st\u00e4rkste Kraft werden.\u00a0\n<\/p>\n<p class=\"paragraph article__item\">\u00abWir denken diese Stadt noch einmal neu, und daf\u00fcr werden wir sie nicht der <a class=\"rtr-entity\" href=\"https:\/\/www.zeit.de\/thema\/cdu\" target=\"_blank\" rel=\"noopener\">CDU<\/a> \u00fcberlassen\u00bb, sagte Schirmer in seiner Parteitagsrede. \u00abWir nehmen den Kampf jetzt auf und wir werden auch bei der n\u00e4chsten Wahl st\u00e4rkste Kraft.\u00bb\u00a0\n<\/p>\n<p>        Schirmer prangert \u00abZerst\u00f6rungskoalition\u00bb an        <\/p>\n<p class=\"paragraph article__item\"><a class=\"rtr-entity\" href=\"https:\/\/www.zeit.de\/thema\/berlin\" target=\"_blank\" rel=\"noopener\">Berlin<\/a> habe Besseres verdient als die seit 2023 regierende schwarz-rote Koalition des Regierenden B\u00fcrgermeisters Kai Wegner (CDU). Schirmer sprach von einer \u00abZerst\u00f6rungskoalition\u00bb: \u00abDenn diese Stadt wird systematisch gegen die Wand gefahren, und die Stimmung in dieser Stadt befindet sich irgendwo zwischen Siedepunkt und Resignation.\u00bb\u00a0\n<\/p>\n<p>        Linke strebt \u00abrote Metropole\u00bb an        <\/p>\n<p class=\"paragraph article__item\">Armut nehme zu, die Obdachlosigkeit sei fl\u00e4chendeckend, f\u00fchrte Schirmer aus. In der Wohnungs- und Mietenpolitik versage der Senat, betreibe zudem sozialen Kahlschlag. Folge seien Frust und Politikverdrossenheit.\u00a0\n<\/p>\n<p class=\"paragraph article__item\"><a class=\"rtr-entity\" href=\"https:\/\/www.zeit.de\/thema\/die-linke\" target=\"_blank\" rel=\"noopener\">Die Linke<\/a> setze dieser Politik ihre Vision einer \u00abroten Metropole\u00bb entgegen, so Schirmer. \u00abWir gehen jetzt fl\u00e4chendeckend in die Kieze.\u00bb Seine Partei biete den Menschen dort konkrete Hilfestellungen, organisiere etwa Sozial- oder Mieterberatungen oder Tafeln. \u00abNicht die anderen Parteien sind unser Bezugspunkt, sondern die Menschen in dieser Stadt.\u00bb\u00a0\n<\/p>\n<p class=\"paragraph article__item\">Wolter beklagte unter anderem den \u00abMietenwahnsinn\u00bb in der Stadt. Ziel der Linken sei es, das Ergebnis des erfolgreichen Volksentscheids zur Enteignung gro\u00dfer Wohnungskonzerne von 2021 endlich umzusetzen. Die Partei wolle Vergesellschaftung zur Chefsache machen.\n<\/p>\n<p>        Explosion bei Mitgliederzahl        <\/p>\n<p class=\"paragraph article__item\">Die Linke war bei der Bundestagswahl im Februar in Berlin mit knapp 20 Prozent st\u00e4rkste Kraft geworden. Sie erlebte zuletzt einen Ansturm neuer Mitglieder. Ihre Mitgliederzahl verdoppelte sich seit Oktober 2024 auf derzeit gut 15.400. Diese vielen neuen Parteig\u00e4nger und ihre Ideen einzubinden, wird eine wichtige Aufgabe von Schirmer und Wolter sein.\u00a0\n<\/p>\n<p>        Schwieriges Thema Antisemitismus        <\/p>\n<p class=\"paragraph article__item\">Brychcy ging auf dem Parteitag auf das Thema Antisemitismus ein, das in der Partei bundesweit f\u00fcr Kontroversen sorgt. \u00abF\u00fcr uns als Linke ist immer klar, dass wir unmissverst\u00e4ndlich zum Existenzrecht Israels als Schutzraum f\u00fcr J\u00fcdinnen und Juden sowie gegen jeden Antisemitismus stehen\u00bb, sagte sie.\u00a0\n<\/p>\n<p class=\"paragraph article__item\">Bei einem Linken-Bundesparteitag vor einer Woche hatte sich eine knappe Mehrheit gegen die in Deutschland genutzte Definition f\u00fcr Antisemitismus der IHRA (International Holocaust Remembrance Alliance) gestellt &#8211; die Organisation befasst sich mit Aufkl\u00e4rung und Erforschung des Holocaust.\n<\/p>\n<p class=\"paragraph article__item\">Stattdessen wurde die sogenannte Jerusalemer Erkl\u00e4rung unterst\u00fctzt, die den Begriff Antisemitismus enger fasst und mehr Spielraum f\u00fcr Kritik an der israelischen Politik l\u00e4sst. Der Zentralrat der Juden findet dies falsch.\u00a0\n<\/p>\n<p class=\"paragraph article__item\">Brychcy pl\u00e4dierte f\u00fcr eine kritische Auseinandersetzung \u00abmit der Instrumentalisierung der IHRA-Antisemitismusdefinition\u00bb. Denn diese habe massive Repression im Wissenschafts- und Kulturbereich zur Folge.\n<\/p>\n<p class=\"paragraph article__item\">\u00a9 dpa-infocom, dpa:250517-930-555837\/3<\/p>\n","protected":false},"excerpt":{"rendered":"Die Berliner Linke hat eine neue Doppelspitze: Der seit zwei Jahren amtierende Landeschef Maximilian Schirmer f\u00fchrt die Partei&hellip;\n","protected":false},"author":2,"featured_media":118355,"comment_status":"","ping_status":"","sticky":false,"template":"","format":"standard","meta":{"footnotes":""},"categories":[1825],"tags":[1941,1939,296,1937,424,31,29,536,7830,45322,30,2384,1952,45001,1940,15,1938,5566,7784],"class_list":{"0":"post-118354","1":"post","2":"type-post","3":"status-publish","4":"format-standard","5":"has-post-thumbnail","7":"category-berlin","8":"tag-aktuelle-nachrichten-aus-berlin","9":"tag-aktuelle-news-aus-berlin","10":"tag-berlin","11":"tag-berlin-news","12":"tag-bundestagswahl","13":"tag-cdu","14":"tag-deutschland","15":"tag-die-linke","16":"tag-erfolg","17":"tag-franziska-brychcy","18":"tag-germany","19":"tag-kai-wegner","20":"tag-lichtenberg","21":"tag-maximilian-schirmer","22":"tag-nachrichten-aus-berlin","23":"tag-news","24":"tag-news-aus-berlin","25":"tag-parteien","26":"tag-parteitag"},"share_on_mastodon":{"url":"https:\/\/pubeurope.com\/@de\/114524529789881840","error":""},"_links":{"self":[{"href":"https:\/\/www.europesays.com\/de\/wp-json\/wp\/v2\/posts\/118354","targetHints":{"allow":["GET"]}}],"collection":[{"href":"https:\/\/www.europesays.com\/de\/wp-json\/wp\/v2\/posts"}],"about":[{"href":"https:\/\/www.europesays.com\/de\/wp-json\/wp\/v2\/types\/post"}],"author":[{"embeddable":true,"href":"https:\/\/www.europesays.com\/de\/wp-json\/wp\/v2\/users\/2"}],"replies":[{"embeddable":true,"href":"https:\/\/www.europesays.com\/de\/wp-json\/wp\/v2\/comments?post=118354"}],"version-history":[{"count":0,"href":"https:\/\/www.europesays.com\/de\/wp-json\/wp\/v2\/posts\/118354\/revisions"}],"wp:featuredmedia":[{"embeddable":true,"href":"https:\/\/www.europesays.com\/de\/wp-json\/wp\/v2\/media\/118355"}],"wp:attachment":[{"href":"https:\/\/www.europesays.com\/de\/wp-json\/wp\/v2\/media?parent=118354"}],"wp:term":[{"taxonomy":"category","embeddable":true,"href":"https:\/\/www.europesays.com\/de\/wp-json\/wp\/v2\/categories?post=118354"},{"taxonomy":"post_tag","embeddable":true,"href":"https:\/\/www.europesays.com\/de\/wp-json\/wp\/v2\/tags?post=118354"}],"curies":[{"name":"wp","href":"https:\/\/api.w.org\/{rel}","templated":true}]}}