{"id":1183737,"date":"2026-07-22T01:15:32","date_gmt":"2026-07-22T01:15:32","guid":{"rendered":"https:\/\/www.europesays.com\/de\/1183737\/"},"modified":"2026-07-22T01:15:32","modified_gmt":"2026-07-22T01:15:32","slug":"fussball-bayer-testet-gegen-essen-nur-heimfans-erhalten-tickets","status":"publish","type":"post","link":"https:\/\/www.europesays.com\/de\/1183737\/","title":{"rendered":"Fu\u00dfball: Bayer testet gegen Essen: Nur Heimfans erhalten Tickets"},"content":{"rendered":"<p>Quelle: dpa Nordrhein-Westfalen<br \/>\n        21. Juli 2026, 16:46 Uhr\n    <\/p>\n<p>        Sie k\u00f6nnen sich Artikel der ZEIT in der Google-Suche nun bevorzugt anzeigen lassen.<\/p>\n<p>        <a class=\"zps-widget__icon\" href=\"https:\/\/www.google.com\/preferences\/source?q=zeit.de\" data-ct-label=\"Google Preferred Source Onboarding Widget Icon\" id=\"zps-link-icon-activate\" aria-label=\"ZEIT als bevorzugte Quelle bei Google aktivieren\" target=\"_blank\" rel=\"nofollow noopener\"><\/p>\n<p>        <\/a><\/p>\n<p>        Hinweis<\/p>\n<p class=\"article-notice__text\">DIE ZEIT hat diese Meldung redaktionell nicht bearbeitet. Sie wurde automatisch von der Deutschen Presse-Agentur (dpa) \u00fcbernommen.<\/p>\n<p>            <img decoding=\"async\" class=\"article__media-item\" src=\"https:\/\/www.europesays.com\/de\/wp-content\/uploads\/2026\/07\/1784682932_584_wide__660x371.jpeg\" alt=\"Fu\u00dfball: Leverkusens neuer Trainer Carlos Mart\u00ednez trifft mit seiner Mannschaft in einem Testspiel auf Rot-Weiss Essen. (Archivbild)\"\/><\/p>\n<p>                    Leverkusens neuer Trainer Carlos Mart\u00ednez trifft mit seiner Mannschaft in einem Testspiel auf Rot-Weiss Essen. (Archivbild)<br \/>\n            \u00a9\u00a0Federico Gambarini\/\u200bdpa<\/p>\n<p class=\"paragraph article__item\">Bayer Leverkusen hat nach der Absage des Testspiels gegen Carl Zeiss Jena mit Rot-Weiss Essen zwar schnell Ersatz gefunden, schr\u00e4nkt den Ticketverkauf f\u00fcr die Partie im Ulrich-Haberland-Stadion jedoch ein. Auf Empfehlung der Polizeibeh\u00f6rde Leverkusen-K\u00f6ln werden Eintrittskarten f\u00fcr die Partie am 1. August gegen den Drittligisten ausschlie\u00dflich an Heimfans der Werkself abgegeben, wie der Fu\u00dfball-Bundesligist mitteilte.\u00a0\n<\/p>\n<p>Aktuelles<\/p>\n<p>                <a href=\"https:\/\/www.zeit.de\/sport\/2026-07\/wm-2026-england-kongo-belgien-senegal-usa-bosnien-herzegowina\" data-ct-label=\"WM 2026: England und Belgien siegen sp\u00e4t, USA souver\u00e4n \u2013 das war die WM-Nacht\" data-uuid=\"953c909e-760e-4c9f-98bd-d81518e3a627\" rel=\"nofollow noopener\" target=\"_blank\"><\/p>\n<p>                        WM 2026:<br \/>\n                        England und Belgien siegen sp\u00e4t, USA souver\u00e4n \u2013 das war die WM-Nacht<\/p>\n<p>                <\/a><\/p>\n<p>                <a href=\"https:\/\/www.zeit.de\/sport\/2026-07\/wm-2026-sechzehntelfinale-schweiz-algerien-gxe\" data-ct-label=\"Fu\u00dfballweltmeisterschaft 2026: Schweiz steht nach Sieg gegen Algerien im WM-Achtelfinale\" data-uuid=\"8cfbf10d-d602-4329-b456-b030d4ab9bbb\" rel=\"nofollow noopener\" target=\"_blank\"><\/p>\n<p>                        Fu\u00dfballweltmeisterschaft 2026:<br \/>\n                        Schweiz steht nach Sieg gegen Algerien im WM-Achtelfinale<\/p>\n<p>                <\/a><\/p>\n<p>                <a href=\"https:\/\/www.zeit.de\/sport\/2026-06\/norwegen-elfenbeinkueste-wm-2026-erling-haaland\" data-ct-label=\"WM 2026: Mexiko, Frankreich und Norwegen im Achtelfinale \u2013 das war die WM-Nacht\" data-uuid=\"122d7f33-7112-4368-a2de-aaae7597c575\" rel=\"nofollow noopener\" target=\"_blank\"><\/p>\n<p>                        WM 2026:<br \/>\n                        Mexiko, Frankreich und Norwegen im Achtelfinale \u2013 das war die WM-Nacht<\/p>\n<p>                <\/a><\/p>\n<p>                An dieser Stelle ist ein externer Inhalt eingebunden<\/p>\n<p>Zum Anschauen ben\u00f6tigen wir Ihre Zustimmung<\/p>\n<p>\n                Weiter\n            <\/p>\n<p class=\"paragraph article__item\">Am Montag hatte der Club bekanntgegeben, dass das urspr\u00fcnglich f\u00fcr diesen Termin geplante Testspiel in Jena wegen der inzwischen feststehenden Termine der ersten Regionalliga-Spiele des Th\u00fcringer Vereins nicht stattfinden kann. Statt auf dem Weg ins Trainingslager nach Blankenhain anzutreten, trifft das Team von Neu-Trainer Carlos Mart\u00ednez daher nun in direkter Nachbarschaft zum heimischen Liga-Stadion auf den NRW-Konkurrenten aus Essen.\n<\/p>\n<p class=\"paragraph article__item\">\u00a9 dpa-infocom, dpa:260721-930-417811\/1<\/p>\n","protected":false},"excerpt":{"rendered":"Quelle: dpa Nordrhein-Westfalen 21. Juli 2026, 16:46 Uhr Sie k\u00f6nnen sich Artikel der ZEIT in der Google-Suche nun&hellip;\n","protected":false},"author":2,"featured_media":1183738,"comment_status":"","ping_status":"","sticky":false,"template":"","format":"standard","meta":{"footnotes":"","_share_on_mastodon":"0"},"categories":[1834],"tags":[2367,36262,3364,29,3688,347,30,7136,2375,15,1209,3714,11460],"class_list":["post-1183737","post","type-post","status-publish","format-standard","has-post-thumbnail","category-essen","tag-bayer-04-leverkusen","tag-carl-zeiss-jena","tag-de","tag-deutschland","tag-essen","tag-fussball","tag-germany","tag-jena","tag-leverkusen","tag-news","tag-nordrhein-westfalen","tag-rot-weiss-essen","tag-testspiel"],"share_on_mastodon":{"url":"https:\/\/pubeurope.com\/@de\/116960986846379397","error":""},"_links":{"self":[{"href":"https:\/\/www.europesays.com\/de\/wp-json\/wp\/v2\/posts\/1183737","targetHints":{"allow":["GET"]}}],"collection":[{"href":"https:\/\/www.europesays.com\/de\/wp-json\/wp\/v2\/posts"}],"about":[{"href":"https:\/\/www.europesays.com\/de\/wp-json\/wp\/v2\/types\/post"}],"author":[{"embeddable":true,"href":"https:\/\/www.europesays.com\/de\/wp-json\/wp\/v2\/users\/2"}],"replies":[{"embeddable":true,"href":"https:\/\/www.europesays.com\/de\/wp-json\/wp\/v2\/comments?post=1183737"}],"version-history":[{"count":0,"href":"https:\/\/www.europesays.com\/de\/wp-json\/wp\/v2\/posts\/1183737\/revisions"}],"wp:featuredmedia":[{"embeddable":true,"href":"https:\/\/www.europesays.com\/de\/wp-json\/wp\/v2\/media\/1183738"}],"wp:attachment":[{"href":"https:\/\/www.europesays.com\/de\/wp-json\/wp\/v2\/media?parent=1183737"}],"wp:term":[{"taxonomy":"category","embeddable":true,"href":"https:\/\/www.europesays.com\/de\/wp-json\/wp\/v2\/categories?post=1183737"},{"taxonomy":"post_tag","embeddable":true,"href":"https:\/\/www.europesays.com\/de\/wp-json\/wp\/v2\/tags?post=1183737"}],"curies":[{"name":"wp","href":"https:\/\/api.w.org\/{rel}","templated":true}]}}