{"id":118389,"date":"2025-05-17T18:31:26","date_gmt":"2025-05-17T18:31:26","guid":{"rendered":"https:\/\/www.europesays.com\/de\/118389\/"},"modified":"2025-05-17T18:31:26","modified_gmt":"2025-05-17T18:31:26","slug":"aggressives-auftreten-fussballfans-aus-weissenfels-bekommen-platzverweis-fuer-halle","status":"publish","type":"post","link":"https:\/\/www.europesays.com\/de\/118389\/","title":{"rendered":"Aggressives Auftreten: Fu\u00dfballfans aus Wei\u00dfenfels bekommen Platzverweis f\u00fcr Halle"},"content":{"rendered":"<p>        17. Mai 2025, 12:08 Uhr<br \/>\n    Quelle: dpa Sachsen\n<\/p>\n<p>        Hinweis<\/p>\n<p class=\"article-notice__text\">ZEIT ONLINE hat diese Meldung redaktionell nicht bearbeitet. Sie wurde automatisch von der Deutschen Presse-Agentur (dpa) \u00fcbernommen.<\/p>\n<p>            <img decoding=\"async\" class=\"article__media-item\" src=\"https:\/\/www.europesays.com\/de\/wp-content\/uploads\/2025\/05\/1747506686_75_wide__660x371.jpeg\" alt=\"Aggressives Auftreten: An mehreren Stellen in der Stadt verhielten sich die Fu\u00dfballfans laut Polizei aggressiv. (Symbolbild)\"\/><\/p>\n<p>                    An mehreren Stellen in der Stadt verhielten sich die Fu\u00dfballfans laut Polizei aggressiv. (Symbolbild)<br \/>\n            \u00a9\u00a0Rolf Vennenbernd\/\u200bdpa<\/p>\n<p class=\"paragraph article__item\">Wegen aggressiven Verhaltens hat eine Gruppe von 35 Fu\u00dfballfans in Halle (Saale) einen Platzverweis von der Polizei f\u00fcr das Stadtgebiet bekommen. Wie die Polizei weiter mitteilte, reiste die Gruppe von <a class=\"rtr-entity\" href=\"https:\/\/www.zeit.de\/thema\/weissenfels\" rel=\"nofollow noopener\" target=\"_blank\">Wei\u00dfenfels<\/a> nach Halle und wollte nach eigenen Angaben ein Fu\u00dfballspiel in D\u00f6lau besuchen. In einem Supermarkt h\u00e4tten zwei M\u00e4nner der Gruppe Alkohol gestohlen, in der Innenstadt sei die Gruppe aggressiv aufgefallen. Daher sei durch die Polizei ein Platzverweis f\u00fcr die Stadt ausgesprochen worden.\u00a0\n<\/p>\n<p>Aktuelles<\/p>\n<p>                <a href=\"https:\/\/www.zeit.de\/politik\/deutschland\/2025-05\/gruppe-koenigreich-deutschland-reichsbuerger-erster-haftbefehl-bundesanwaltschaft\" data-ct-label=\"Peter Fitzek: Gr\u00fcnder der Reichsb\u00fcrger-Gruppe &quot;K\u00f6nigreich Deutschland&quot; in U-Haft\" rel=\"nofollow noopener\" target=\"_blank\"><\/p>\n<p>                        Peter Fitzek:<br \/>\n                        Gr\u00fcnder der Reichsb\u00fcrger-Gruppe &#8222;K\u00f6nigreich Deutschland&#8220; in U-Haft<\/p>\n<p>                <\/a><\/p>\n<p>                <a href=\"https:\/\/www.zeit.de\/2025\/20\/gewalt-fussballfans-schalke-04-hertha-bsc-polizei\" data-ct-label=\"Gewalt unter Fu\u00dfballfans: Ein Mann verpr\u00fcgelt eine junge Frau. Das soll mein Fu\u00dfball sein?\" rel=\"nofollow noopener\" target=\"_blank\"><\/p>\n<p>        Z+ (abopflichtiger Inhalt);<\/p>\n<p>    Gewalt unter Fu\u00dfballfans:<br \/>\n                        Ein Mann verpr\u00fcgelt eine junge Frau. Das soll mein Fu\u00dfball sein?<\/p>\n<p>                <\/a><\/p>\n<p>                <a href=\"https:\/\/www.zeit.de\/politik\/deutschland\/2025-04\/festnahme-geplanter-anschlag-synagoge-halle\" data-ct-label=\"Rechtsextremismus: Mann wegen geplanten Anschlags auf Synagoge in Halle verhaftet\" rel=\"nofollow noopener\" target=\"_blank\"><\/p>\n<p>                        Rechtsextremismus:<br \/>\n                        Mann wegen geplanten Anschlags auf Synagoge in Halle verhaftet<\/p>\n<p>                <\/a><\/p>\n<p class=\"paragraph article__item\">Anschlie\u00dfend sei die Gruppe zum Hauptbahnhof und weiter zur\u00fcck nach Wei\u00dfenfels begleitet worden. Es seien mehrere Strafverfahren unter anderem wegen Diebstahls, K\u00f6rperverletzung und Landfriedensbruch eingeleitet worden.\n<\/p>\n<p class=\"paragraph article__item\">\u00a9 dpa-infocom, dpa:250517-930-555630\/1<\/p>\n","protected":false},"excerpt":{"rendered":"17. Mai 2025, 12:08 Uhr Quelle: dpa Sachsen Hinweis ZEIT ONLINE hat diese Meldung redaktionell nicht bearbeitet. Sie&hellip;\n","protected":false},"author":2,"featured_media":118390,"comment_status":"","ping_status":"","sticky":false,"template":"","format":"standard","meta":{"footnotes":""},"categories":[1860],"tags":[45330,3364,29,548,663,3934,30,4062,17332,13,14,15,34437,121,17331,860,12,32357],"class_list":{"0":"post-118389","1":"post","2":"type-post","3":"status-publish","4":"format-standard","5":"has-post-thumbnail","7":"category-halle-saale","8":"tag-aggressives-auftreten","9":"tag-de","10":"tag-deutschland","11":"tag-eu","12":"tag-europa","13":"tag-europe","14":"tag-germany","15":"tag-halle","16":"tag-halle-saale","17":"tag-headlines","18":"tag-nachrichten","19":"tag-news","20":"tag-platzverweis","21":"tag-polizei","22":"tag-saale","23":"tag-sachsen-anhalt","24":"tag-schlagzeilen","25":"tag-weissenfels"},"share_on_mastodon":{"url":"https:\/\/pubeurope.com\/@de\/114524604551976660","error":""},"_links":{"self":[{"href":"https:\/\/www.europesays.com\/de\/wp-json\/wp\/v2\/posts\/118389","targetHints":{"allow":["GET"]}}],"collection":[{"href":"https:\/\/www.europesays.com\/de\/wp-json\/wp\/v2\/posts"}],"about":[{"href":"https:\/\/www.europesays.com\/de\/wp-json\/wp\/v2\/types\/post"}],"author":[{"embeddable":true,"href":"https:\/\/www.europesays.com\/de\/wp-json\/wp\/v2\/users\/2"}],"replies":[{"embeddable":true,"href":"https:\/\/www.europesays.com\/de\/wp-json\/wp\/v2\/comments?post=118389"}],"version-history":[{"count":0,"href":"https:\/\/www.europesays.com\/de\/wp-json\/wp\/v2\/posts\/118389\/revisions"}],"wp:featuredmedia":[{"embeddable":true,"href":"https:\/\/www.europesays.com\/de\/wp-json\/wp\/v2\/media\/118390"}],"wp:attachment":[{"href":"https:\/\/www.europesays.com\/de\/wp-json\/wp\/v2\/media?parent=118389"}],"wp:term":[{"taxonomy":"category","embeddable":true,"href":"https:\/\/www.europesays.com\/de\/wp-json\/wp\/v2\/categories?post=118389"},{"taxonomy":"post_tag","embeddable":true,"href":"https:\/\/www.europesays.com\/de\/wp-json\/wp\/v2\/tags?post=118389"}],"curies":[{"name":"wp","href":"https:\/\/api.w.org\/{rel}","templated":true}]}}