{"id":1183937,"date":"2026-07-22T03:21:22","date_gmt":"2026-07-22T03:21:22","guid":{"rendered":"https:\/\/www.europesays.com\/de\/1183937\/"},"modified":"2026-07-22T03:21:22","modified_gmt":"2026-07-22T03:21:22","slug":"horror-prozess-gegen-us-rapper-d4vd-ermittler-zeigt-zerstueckelte-leiche-von-14-jaehriger-unterhaltung","status":"publish","type":"post","link":"https:\/\/www.europesays.com\/de\/1183937\/","title":{"rendered":"Horror-Prozess gegen US-Rapper D4vd: Ermittler zeigt zerst\u00fcckelte Leiche von 14-J\u00e4hriger | Unterhaltung"},"content":{"rendered":"<p><a class=\"skip-content skip-content--link\" href=\"#in-content-skip-link-target-v-0-0\">TTS-Player \u00fcberspringen\u21b5<\/a><a id=\"in-content-skip-link-target-v-0-0\" class=\"skip-content--target-link-hidden skip-content skip-content--target-link\" href=\"#in-content-skip-link-target-v-0-0\">Artikel weiterlesen<\/a><\/p>\n<p>Los Angeles (USA) \u2013 <b>Es sind Bilder, die selbst hartgesottene Ermittler nicht vergessen. Jetzt liefen sie im Gerichtssaal des Clara Shortridge Foltz Criminal Justice Center in Downtown Los Angeles \u00fcber eine gro\u00dfe Leinwand!<\/b><\/p>\n<p>Am Dienstag (Ortszeit) hat dort die mehrt\u00e4gige Voranh\u00f6rung im Mordfall gegen den US-Rapper D4vd (21), b\u00fcrgerlich David Anthony Burke, begonnen. Gleich am ersten Tag ging es um den Kern der Anklage: die sterblichen \u00dcberreste der 14-j\u00e4hrigen Celeste Rivas Hernandez, gefunden am 8. September 2025 im Front-Kofferraum von D4vds Tesla.<\/p>\n<p><img decoding=\"async\" width=\"992\" height=\"558\" alt=\"Celeste Rivas Hernandez wurde tot in einem Tesla-Kofferraum gefunden. Auf Gedenktafeln erinnerten Freunde und Angeh\u00f6rige an das M\u00e4dchen aus Lake Elsinore (Kalifornien)\" loading=\"lazy\" src=\"https:\/\/www.europesays.com\/de\/wp-content\/uploads\/2026\/07\/123d9654402607cf7e8a946c6e7e8a27,7eac70f7.jpeg\"   class=\"landscape\"\/><\/p>\n<p class=\"fig__caption__text\">Celeste Rivas Hernandez wurde tot in einem Tesla-Kofferraum gefunden. Auf Gedenktafeln erinnerten Freunde und Angeh\u00f6rige an das M\u00e4dchen aus Lake Elsinore (Kalifornien)<\/p>\n<p>Foto: Los Angeles Times via Getty Images<\/p>\n<p>Der Vorwurf gegen den Musiker? Er soll Celeste am 23. April 2025 get\u00f6tet haben, um zu verhindern, dass sie eine mutma\u00dfliche sexuelle Beziehung mit ihm \u00f6ffentlich macht. Der 21-J\u00e4hrige sitzt seit Mitte April hinter Gittern und pl\u00e4diert weiter auf nicht schuldig. Angeklagt ist er unter anderem wegen Mordes, fortgesetzten sexuellen Missbrauchs eines Kindes unter 14 sowie Verst\u00fcmmelung menschlicher \u00dcberreste.<\/p>\n<p>Als erster wichtiger Zeuge war am Dienstag LAPD-Detective Joshua Byers geladen. Im Verh\u00f6r schilderte er auf brutale Weise, was die Ermittler im Tesla vorgefunden haben. D4vd beobachtete alles emotionslos im Saal, w\u00e4hrend er mit einer Bauchkette an einem Stuhl fixiert war.<\/p>\n<p><img decoding=\"async\" width=\"992\" height=\"558\" alt=\"Eine Gerichtszeichnung vom Angeklagten D4vd von Dienstag aus dem Saal in Los Angeles\" loading=\"lazy\" src=\"https:\/\/www.europesays.com\/de\/wp-content\/uploads\/2026\/07\/72aa691fc75c47e57850ef5d230bcdc9,770e0d36.jpeg\"   class=\"landscape\"\/><\/p>\n<p class=\"fig__caption__text\">Eine Gerichtszeichnung vom Angeklagten D4vd von Dienstag aus dem Saal in Los Angeles<\/p>\n<p>Foto: AP Photo\/Bill Robles<\/p>\n<p>Nur wenige Meter von ihm entfernt: die ersch\u00fctterten Eltern von Celeste, die Schwierigkeiten hatten, ihren Blick nach vorne zu richten.<\/p>\n<p>Ermittler gibt Details \u00fcber angebliche Horror-Tat preis<\/p>\n<p>Byers schilderte vor Gericht, man habe an der Leiche der 14-J\u00e4hrigen aufgrund fortgeschrittener Verwesung keinerlei Gesichtsz\u00fcge mehr ausmachen k\u00f6nnen. Sie sei laut Byers v\u00f6llig \u201eunkenntlich\u201c gewesen.<\/p>\n<p>Dazu wurden im Gerichtssaal mehrere Fotos gezeigt, die das Grauen im Detail festhalten. Der Torso von Celeste in einem schwarzen Plastiksack, Arme und Beine in einem zweiten Sack. Zudem wurde ein Foto vom Knie der 14-J\u00e4hrigen mit blauen Plastikfetzen auf die Leinwand projiziert. Dabei soll es sich um Reste eines aufblasbaren Pools handeln, der beim Zerst\u00fcckeln der Leiche benutzt worden sei. Konkret behauptet die Staatsanwaltschaft, D4vd habe nach dem Mord zwei Kettens\u00e4gen sowie einen aufblasbaren Pool online gekauft.<\/p>\n<p>Mehr zum Thema<\/p>\n<p>Daraufhin soll er die Leiche von Celeste in einer Garage zerst\u00fcckelt und die \u00dcberreste in seinen Tesla gelegt haben. Laut Byers sei anhand digitaler Daten von D4vds iPhone nachweisbar, dass der Rapper die letzte Person gewesen sei, die den Tesla gefahren habe.<\/p>\n<p>Ein Punkt, der im Saal f\u00fcr G\u00e4nsehaut sorgte: In den Akten hei\u00dft es, der K\u00f6rper habe m\u00f6glicherweise sogar \u00fcber Monate im Auto gelegen. W\u00e4hrenddessen habe sich D4vd auf Tournee begeben, um sein Album \u201eWithered\u201c zu bewerben, das nur zwei Tage nach dem mutma\u00dflichen Mord erschienen ist.<\/p>\n<p>Warum die aktuelle Anh\u00f6rung so entscheidend ist<\/p>\n<p>Die Voranh\u00f6rung ist kein Prozess mit Urteil, aber die Weichenstellung daf\u00fcr. Der zust\u00e4ndige Richter pr\u00fcft aktuell, ob ein hinreichender Tatverdacht besteht, um den Fall vor ein Geschworenengericht zu bringen.<\/p>\n<p>Droht D4vd sogar die Todesstrafe? Wenn der <a href=\"https:\/\/www.bild.de\/themen\/specials\/rapper\/unterhaltung-nachrichten-news-fotos-videos-19301324.bild.html\" class=\"text-link\" rel=\"nofollow noopener\" target=\"_blank\">US-Rapper<\/a> in allen Punkten verurteilt wird, k\u00f6nnte er eine lebenslange Haftstrafe ohne Bew\u00e4hrung bekommen. Die Staatsanwaltschaft hat bislang nicht erkl\u00e4rt, ob sie zudem die Todesstrafe beantragen will.<\/p>\n<p><img decoding=\"async\" width=\"992\" height=\"558\" alt=\"Im Clara Shortridge Foltz Criminal Justice Center fand am Dienstag die Anh\u00f6rung statt\" loading=\"lazy\" src=\"https:\/\/www.europesays.com\/de\/wp-content\/uploads\/2026\/07\/58971dc5cd0b718edc2c1db1542871c7,fbccf334.jpeg\"   class=\"landscape\"\/><\/p>\n<p class=\"fig__caption__text\">Im Clara Shortridge Foltz Criminal Justice Center fand am Dienstag die Anh\u00f6rung statt<\/p>\n<p>Foto: Natascha Wittmann<\/p>\n","protected":false},"excerpt":{"rendered":"TTS-Player \u00fcberspringen\u21b5Artikel weiterlesen Los Angeles (USA) \u2013 Es sind Bilder, die selbst hartgesottene Ermittler nicht vergessen. Jetzt liefen&hellip;\n","protected":false},"author":2,"featured_media":1183938,"comment_status":"","ping_status":"","sticky":false,"template":"","format":"standard","meta":{"footnotes":"","_share_on_mastodon":"0"},"categories":[155],"tags":[29,214,30,584,7893,2183,121,1306,138370,760,3533,215],"class_list":["post-1183937","post","type-post","status-publish","format-standard","has-post-thumbnail","category-unterhaltung","tag-deutschland","tag-entertainment","tag-germany","tag-leiche","tag-los-angeles","tag-mord","tag-polizei","tag-rapper","tag-team-first","tag-tesla","tag-todesfall","tag-unterhaltung"],"share_on_mastodon":{"url":"https:\/\/pubeurope.com\/@de\/116961482586286604","error":""},"_links":{"self":[{"href":"https:\/\/www.europesays.com\/de\/wp-json\/wp\/v2\/posts\/1183937","targetHints":{"allow":["GET"]}}],"collection":[{"href":"https:\/\/www.europesays.com\/de\/wp-json\/wp\/v2\/posts"}],"about":[{"href":"https:\/\/www.europesays.com\/de\/wp-json\/wp\/v2\/types\/post"}],"author":[{"embeddable":true,"href":"https:\/\/www.europesays.com\/de\/wp-json\/wp\/v2\/users\/2"}],"replies":[{"embeddable":true,"href":"https:\/\/www.europesays.com\/de\/wp-json\/wp\/v2\/comments?post=1183937"}],"version-history":[{"count":0,"href":"https:\/\/www.europesays.com\/de\/wp-json\/wp\/v2\/posts\/1183937\/revisions"}],"wp:featuredmedia":[{"embeddable":true,"href":"https:\/\/www.europesays.com\/de\/wp-json\/wp\/v2\/media\/1183938"}],"wp:attachment":[{"href":"https:\/\/www.europesays.com\/de\/wp-json\/wp\/v2\/media?parent=1183937"}],"wp:term":[{"taxonomy":"category","embeddable":true,"href":"https:\/\/www.europesays.com\/de\/wp-json\/wp\/v2\/categories?post=1183937"},{"taxonomy":"post_tag","embeddable":true,"href":"https:\/\/www.europesays.com\/de\/wp-json\/wp\/v2\/tags?post=1183937"}],"curies":[{"name":"wp","href":"https:\/\/api.w.org\/{rel}","templated":true}]}}