{"id":1184060,"date":"2026-07-22T04:39:25","date_gmt":"2026-07-22T04:39:25","guid":{"rendered":"https:\/\/www.europesays.com\/de\/1184060\/"},"modified":"2026-07-22T04:39:25","modified_gmt":"2026-07-22T04:39:25","slug":"neue-hochhaeuser-in-berlin-diese-projekte-werden-2026-fertig","status":"publish","type":"post","link":"https:\/\/www.europesays.com\/de\/1184060\/","title":{"rendered":"Neue Hochh\u00e4user in Berlin: Diese Projekte werden 2026 fertig"},"content":{"rendered":"<p><strong>Mehrere Hochh\u00e4user ver\u00e4ndern derzeit die Skyline von Berlin. Mehrere Projekte werden 2026 fertig. Ein \u00dcberblick.<\/strong><\/p>\n<p>\u00a9 Titelbild: ENTWICKLUNGSSTADT<\/p>\n<p>\u00a0<\/p>\n<p>In Berlin befinden sich <a href=\"https:\/\/www.entwicklungsstadt.de\/hochhaeuser-in-berlin-ueberblick\/\" target=\"_blank\" rel=\"noopener nofollow\">zahlreiche Hochh\u00e4user im Bau<\/a>. Besonders am <a href=\"https:\/\/www.entwicklungsstadt.de\/tag\/alexanderplatz\/\" target=\"_blank\" rel=\"noopener nofollow\">Alexanderplatz<\/a>, in der <a href=\"https:\/\/www.entwicklungsstadt.de\/tag\/City-West\/\" target=\"_blank\" rel=\"noopener nofollow\">City West<\/a>, an der Mediaspree und entlang der Sonnenallee wachsen neue T\u00fcrme in die H\u00f6he. Doch bis zur Er\u00f6ffnung vergehen bei vielen Projekten noch Monate oder Jahre.<\/p>\n<p>Vier Hochh\u00e4user erreichen jedoch bereits 2026 die Fertigstellung. Zwei davon haben die Bauphase inzwischen abgeschlossen. Beim \u201eEstrel Tower\u201c in Neuk\u00f6lln und beim \u201eM50\u201c in Kreuzberg laufen dagegen noch letzte Arbeiten. <a href=\"https:\/\/www.entwicklungsstadt.de\/\" target=\"_blank\" rel=\"noopener nofollow\">ENTWICKLUNGSSTADT<\/a> zeigt, welche T\u00fcrme die Skyline von Berlin ab diesem Jahr pr\u00e4gen.<\/p>\n<p>\u201eRED City West\u201c: Hochhaus startet im Herbst 2026 in die Nutzungsphase<a href=\"https:\/\/www.europesays.com\/de\/wp-content\/uploads\/2026\/07\/Berlin-Equalizer-\u00a9-Foto-ENTWICKLUNGSSTADT-3.jpg\"><img decoding=\"async\" aria-describedby=\"caption-attachment-68159\" class=\"lazyload size-full wp-image-68159\" data-orig-src=\"https:\/\/www.europesays.com\/de\/wp-content\/uploads\/2026\/07\/Berlin-Equalizer-\u00a9-Foto-ENTWICKLUNGSSTADT-3.jpg\" alt=\"Die Fassade des Hochhauses \u201eRED City West\u201c in Mitte zeigt sich in unterschiedlichen Rott\u00f6nen.\" width=\"1280\" height=\"720\"  data- data-orig-\/><\/a><\/p>\n<p id=\"caption-attachment-68159\" class=\"wp-caption-text\">Die Fassade des Hochhauses \u201eRED City West\u201c in Mitte zeigt sich in unterschiedlichen Rott\u00f6nen. \/ \u00a9 Foto: ENTWICKLUNGSSTADT<\/p>\n<ul>\n<li><strong>Bezirk:<\/strong> <a href=\"https:\/\/www.entwicklungsstadt.de\/bezirke\/berlin-mitte\/\" target=\"_blank\" rel=\"noopener nofollow\">Mitte<\/a><\/li>\n<li><strong>Adresse:<\/strong> Landgrafenstra\u00dfe 3\u20134, 10787 Berlin<\/li>\n<li><strong>Projektstatus:<\/strong> Fertiggestellt und \u00fcbergeben<\/li>\n<li><strong>Geschosse:<\/strong> 14<\/li>\n<li><strong>Fertigstellung:<\/strong> April 2026<\/li>\n<li><strong>Nutzung:<\/strong> B\u00fcros, Aufenthaltsfl\u00e4chen und Tiefgarage<\/li>\n<\/ul>\n<p>Das <a href=\"https:\/\/www.entwicklungsstadt.de\/city-west-buerohochhaus-an-der-landgrafenstrasse-startet-betrieb\/\" target=\"_blank\" rel=\"noopener nofollow\">B\u00fcro-Hochhaus \u201eRED City West\u201c ist Ende April 2026 fertiggestellt<\/a> und an den Projektentwickler Edge \u00fcbergeben worden. Der Neubau an der Landgrafenstra\u00dfe umfasst 14 Geschosse und rund 13.300 Quadratmeter vermietbare Fl\u00e4che. Der Entwurf stammt von kadawittfeldarchitektur. Edge nennt f\u00fcr das Gesamtgeb\u00e4ude eine Bruttogrundfl\u00e4che von rund 15.500 Quadratmetern.<\/p>\n<p>Die rote Fassade gliedert sich in drei ineinandergeschobene Bauk\u00f6rper mit sieben, zw\u00f6lf und 14 Geschossen. Loggien, Terrassen und begr\u00fcnte Dachfl\u00e4chen erg\u00e4nzen die B\u00fcrofl\u00e4chen. Das Geb\u00e4ude erhielt eine DGNB-Gold-Zertifizierung. Der Verband Beratender Ingenieure will im September 2026 einziehen, TROX folgt nach bisherigen Angaben im Oktober.<\/p>\n<p>\u00a0\u201eJohn Jahr Haus\u201c: Neues Hochhaus-Ensemble an der Kurf\u00fcrstenstra\u00dfe<a href=\"https:\/\/www.europesays.com\/de\/wp-content\/uploads\/2026\/07\/City-West-John-Jahr-Haus-\u00a9-Foto-HAMBURG-TEAM-1.jpg\"><img loading=\"lazy\" decoding=\"async\" aria-describedby=\"caption-attachment-95330\" class=\"lazyload size-full wp-image-95330\" src=\"data:image\/svg+xml,%3Csvg%20xmlns%3D%27http%3A%2F%2Fwww.w3.org%2F2000%2Fsvg%27%20width%3D%271280%27%20height%3D%27720%27%20viewBox%3D%270%200%201280%20720%27%3E%3Crect%20width%3D%271280%27%20height%3D%27720%27%20fill-opacity%3D%220%22%2F%3E%3C%2Fsvg%3E\" data-orig-src=\"https:\/\/www.europesays.com\/de\/wp-content\/uploads\/2026\/07\/City-West-John-Jahr-Haus-\u00a9-Foto-HAMBURG-TEAM-1.jpg\" alt=\"Das Foto zeigt das fertiggestellte John Jahr Haus in der Berliner City West an der Kurf\u00fcrstenstra\u00dfe 72\u201374 mit Natursteinfassade und 17 Geschossen.\" width=\"1280\" height=\"720\"\/><\/a><\/p>\n<p id=\"caption-attachment-95330\" class=\"wp-caption-text\">Das \u201eJohn Jahr Haus\u201c in der City West ist fertiggestellt und pr\u00e4gt die Kurf\u00fcrstenstra\u00dfe 72\u201374 mit einem rund 70 Meter hohen B\u00fcroturm.<br \/>\/ \u00a9 Foto: HAMBURG TEAM<\/p>\n<ul>\n<li><strong>Bezirk:<\/strong> <a href=\"https:\/\/www.entwicklungsstadt.de\/bezirke\/berlin-mitte\/\" target=\"_blank\" rel=\"noopener nofollow\">Mitte<\/a><\/li>\n<li><strong>Adresse:<\/strong> Kurf\u00fcrstenstra\u00dfe 72\u201374, 10787 Berlin<\/li>\n<li><strong>Projektstatus:<\/strong> Fertiggestellt<\/li>\n<li><strong>Geschosse:<\/strong> 17<\/li>\n<li><strong>Fertigstellung:<\/strong> Fr\u00fchjahr 2026<\/li>\n<li><strong>Nutzung:<\/strong> B\u00fcros, Wohnungen, Einzelhandel und Gastronomie<\/li>\n<\/ul>\n<p>Das <a href=\"https:\/\/www.entwicklungsstadt.de\/city-west-john-jahr-haus-an-der-kurfuerstenstrasse-ist-fertig\/\" target=\"_blank\" rel=\"noopener nofollow\">\u201eJohn Jahr Haus\u201c ist seit Mai 2026 fertig<\/a>. Das Ensemble umfasst einen rund 70 Meter hohen B\u00fcroturm sowie zwei niedrigere Bauteile. Insgesamt entstanden etwa 22.000 Quadratmeter Bruttogrundfl\u00e4che. Davon entfallen knapp 16.900 Quadratmeter auf B\u00fcros. Hinzu kommen 46 Wohnungen, etwa 800 Quadratmeter Einzelhandels- und Gastronomiefl\u00e4chen sowie 69 Stellpl\u00e4tze.<\/p>\n<p>Der Neubau nach Pl\u00e4nen von Barkow Leibinger steht auf einem Grundst\u00fcck, das seit 1967 der Familie Jahr geh\u00f6rt. Er ersetzt das fr\u00fchere Pressehaus \u201eConstanze\u201c. Die Wohnungen verteilen sich auf elf Etagen und orientieren sich teilweise zum begr\u00fcnten Innenhof. Der Ankermieter Grant Thornton will ab November 2026 rund 5.000 Quadratmeter B\u00fcrofl\u00e4che nutzen. <a href=\"https:\/\/www.entwicklungsstadt.de\/hochhaus-an-der-kurfuerstenstrasse-lichtinstallation-mit-700-leuchten-geplant\/\" target=\"_blank\" rel=\"noopener nofollow\">Bis Oktober inszenieren mehr als 700 programmierbare Leuchten rund 3.000 Quadratmeter der Fassade.<\/a><\/p>\n<p>\u201eEstrel Tower\u201c: Berlins h\u00f6chstes Hochhaus soll Ende 2026 \u00f6ffnen<a href=\"https:\/\/www.europesays.com\/de\/wp-content\/uploads\/2026\/07\/Estrel-Tower-Neukoelln-0526-_-\u00a9-Foto_-ENTWICKLUNGSSTADT-3.jpg\"><img loading=\"lazy\" decoding=\"async\" aria-describedby=\"caption-attachment-96531\" class=\"lazyload size-full wp-image-96531\" src=\"data:image\/svg+xml,%3Csvg%20xmlns%3D%27http%3A%2F%2Fwww.w3.org%2F2000%2Fsvg%27%20width%3D%271280%27%20height%3D%27720%27%20viewBox%3D%270%200%201280%20720%27%3E%3Crect%20width%3D%271280%27%20height%3D%27720%27%20fill-opacity%3D%220%22%2F%3E%3C%2Fsvg%3E\" data-orig-src=\"https:\/\/www.europesays.com\/de\/wp-content\/uploads\/2026\/07\/Estrel-Tower-Neukoelln-0526-_-\u00a9-Foto_-ENTWICKLUNGSSTADT-3.jpg\" alt=\"Das Bild zeigt den 176 Meter hohen \u201eEstrel Tower\u201c an der Sonnenallee in Berlin-Neuk\u00f6lln w\u00e4hrend der letzten Bauphase im Jahr 2026.\" width=\"1280\" height=\"720\"\/><\/a><\/p>\n<p id=\"caption-attachment-96531\" class=\"wp-caption-text\">Der \u201eEstrel Tower\u201c in Berlin-Neuk\u00f6lln hat seine Endh\u00f6he erreicht. Im Geb\u00e4ude und an den Au\u00dfenanlagen laufen noch Arbeiten. \/ \u00a9 Foto: ENTWICKLUNGSSTADT<\/p>\n<ul>\n<li><strong>Bezirk:<\/strong> <a href=\"https:\/\/www.entwicklungsstadt.de\/bezirke\/neukoelln\/\" target=\"_blank\" rel=\"noopener nofollow\">Neuk\u00f6lln<\/a><\/li>\n<li><strong>Adresse:<\/strong> Sonnenallee 228, 12057 Berlin<\/li>\n<li><strong>Projektstatus:<\/strong> Innenausbau und Arbeiten an den Au\u00dfenanlagen<\/li>\n<li><strong>Geschosse:<\/strong> 45<\/li>\n<li><strong>Fertigstellung:<\/strong> Ende 2026<\/li>\n<li><strong>Nutzung:<\/strong> Hotel, Serviced Apartments, B\u00fcros, Veranstaltungsfl\u00e4chen und Gastronomie<\/li>\n<\/ul>\n<p><a href=\"https:\/\/www.entwicklungsstadt.de\/estrel-hochhaus-baustelle\/\" target=\"_blank\" rel=\"noopener nofollow\">Mit 176 Metern \u00fcberragt der \u201eEstrel Tower\u201c inzwischen alle anderen Hochh\u00e4user in Berlin<\/a>. Der Entwurf von Barkow Leibinger umfasst 45 Geschosse. Vorgesehen sind 522 Hotel-Zimmer und Suiten, rund 3.800 Quadratmeter Veranstaltungsfl\u00e4che, B\u00fcros sowie Gastronomieangebote. Das Hochhaus erg\u00e4nzt den bestehenden Estrel-Komplex auf der gegen\u00fcberliegenden Seite der Sonnenallee.<\/p>\n<p>Die Glasfassade des Turms ist weitgehend geschlossen. Auch der mehrgeschossige Sockelbau zeigt bereits sein endg\u00fcltiges Erscheinungsbild. Im Inneren laufen der Trockenbau, die Installation der Geb\u00e4udetechnik und die Verlegung der B\u00f6den. Das Parkhaus ist fertig. Am Haupteingang und an den Freifl\u00e4chen stehen dagegen noch Arbeiten aus. Das Estrel h\u00e4lt weiterhin an einer Er\u00f6ffnung Ende 2026 fest.<\/p>\n<p>\u00a0\u201eM50\u201c: Ehemaliges Postscheckamt wird zum B\u00fcro-Hochhaus<a href=\"https:\/\/www.europesays.com\/de\/wp-content\/uploads\/2026\/07\/Die-Macherei-Berlin-Kreuzberg-\u00a9-Foto-ENTWICKLUNGSTADT-1.jpg\"><img decoding=\"async\" aria-describedby=\"caption-attachment-64481\" class=\"lazyload size-full wp-image-64481\" data-orig-src=\"https:\/\/www.europesays.com\/de\/wp-content\/uploads\/2026\/07\/Die-Macherei-Berlin-Kreuzberg-\u00a9-Foto-ENTWICKLUNGSTADT-1.jpg\" alt=\"Das Bild zeigt das Hochhaus \u201eM50\u201c am Halleschen Ufer in Berlin-Kreuzberg mit neuer Fassade w\u00e4hrend des Umbaus im Jahr 2026.\" width=\"1280\" height=\"720\"  data- data-orig-\/><\/a><\/p>\n<p id=\"caption-attachment-64481\" class=\"wp-caption-text\">Das fr\u00fchere Postscheckamt am Halleschen Ufer wird als \u201eM50\u201c zum B\u00fcrohochhaus im Quartier \u201eDie Macherei\u201c umgebaut. \/ \u00a9 Foto: ENTWICKLUNGSTADT<\/p>\n<ul>\n<li><strong>Bezirk:<\/strong> <a href=\"https:\/\/www.entwicklungsstadt.de\/bezirke\/friedrichshain-kreuzberg\/\" target=\"_blank\" rel=\"noopener nofollow\">Friedrichshain-Kreuzberg<\/a><\/li>\n<li><strong>Adresse:<\/strong> Hallesches Ufer 60, 10963 Berlin<\/li>\n<li><strong>Projektstatus:<\/strong> Umbau kurz vor dem Abschluss<\/li>\n<li><strong>Geschosse:<\/strong> 23<\/li>\n<li><strong>Fertigstellung:<\/strong> Sommer 2026<\/li>\n<li><strong>Nutzung:<\/strong> B\u00fcros, Gastronomie, Sport- und Freizeitfl\u00e4chen<\/li>\n<\/ul>\n<p><a href=\"https:\/\/www.entwicklungsstadt.de\/richtfest-am-halleschen-ufer-das-hochhaus-m50-als-herzstueck-der-macherei\/\" target=\"_blank\" rel=\"noopener nofollow\">Beim \u201eM50\u201c handelt es sich nicht um einen Neubau.<\/a> Das fr\u00fchere Postscheckamt entstand zwischen 1965 und 1971 und erreicht knapp 90 Meter H\u00f6he. Art-Invest Real Estate l\u00e4sst den Turm als Mittelpunkt des Quartiers \u201eDie Macherei Berlin-Kreuzberg\u201c umfassend umbauen. Nach Angaben des Projektentwicklers umfasst das Geb\u00e4ude rund 30.500 Quadratmeter Bruttogrundfl\u00e4che.<\/p>\n<p>F\u00fcr den Umbau wurde das Hochhaus entkernt und von seiner fr\u00fcheren Glasfassade befreit. Die neuen Fassadenelemente sind inzwischen weitgehend montiert. Auf dem Dach ist eine \u00f6ffentlich zug\u00e4ngliche Gastronomiefl\u00e4che mit Blick \u00fcber Berlin vorgesehen. Auf dem Sockelbau entstehen Sportfl\u00e4chen, eine Laufbahn, Gr\u00fcnbereiche und Aufenthaltsangebote. Die Fertigstellung nennt die Projektgesellschaft weiterhin f\u00fcr Sommer 2026.<\/p>\n<p>Weitere Hochh\u00e4user in Berlin bleiben \u00fcber 2026 hinaus im Bau<\/p>\n<p>Aber auch nach der Fertigstellung dieser vier Hochh\u00e4user bleibt die Zahl gro\u00dfer Baustellen in Berlin hoch. Am Alexanderplatz haben der <a href=\"https:\/\/www.entwicklungsstadt.de\/hoch-hinaus-am-alexanderplatz-the-berlinian-als-signal-fuer-den-wandel\/\" target=\"_blank\" rel=\"noopener nofollow\">146 Meter hohe \u201eThe Berlinian\u201c<\/a> und das rund<a href=\"https:\/\/www.entwicklungsstadt.de\/hochhaus-am-alexanderplatz-bekommt-identitaet-covivio-stellt-030bln-vor\/\" target=\"_blank\" rel=\"noopener nofollow\"> 130 Meter hohe Projekt \u201e030BLN\u201c<\/a> ihre Rohbauh\u00f6he weitgehend erreicht. Beide sollen nach derzeitigem Stand 2027 fertig werden.<\/p>\n<p>An der Mediaspree laufen zudem die <a href=\"https:\/\/www.entwicklungsstadt.de\/brooks-on-east-aparthotel-betreiber-fuer-berliner-hochhausprojekt-steht-fest\/\" target=\"_blank\" rel=\"noopener nofollow\">Arbeiten am Doppelhochhaus \u201eBrooks on East\u201c<\/a>. Der erste Turm soll 2027 er\u00f6ffnen. Weitere langfristige Projekte entstehen <a href=\"https:\/\/www.entwicklungsstadt.de\/suedkreuz-hochhaus-bsr-zentrale-bueros\/\" target=\"_blank\" rel=\"noopener nofollow\">unter anderem am S\u00fcdkreuz<\/a>, auf dem <a href=\"https:\/\/www.entwicklungsstadt.de\/siemensstadt-square-was-geplant-ist-und-was-schon-umgesetzt-wird\/\" target=\"_blank\" rel=\"noopener nofollow\">Siemens-Campus<\/a> und rund um den Alexanderplatz.<\/p>\n<p><strong>\u00a0<\/strong><\/p>\n<p>Quellen: Edge; kadawittfeldarchitektur; HAMBURG TEAM; Jahr-Gruppe; Barkow Leibinger; Estrel Berlin; Estrel Tower; Art-Invest Real Estate; Die Macherei Berlin-Kreuzberg; Eike Becker Architekten<\/p>\n","protected":false},"excerpt":{"rendered":"Mehrere Hochh\u00e4user ver\u00e4ndern derzeit die Skyline von Berlin. Mehrere Projekte werden 2026 fertig. Ein \u00dcberblick. \u00a9 Titelbild: ENTWICKLUNGSSTADT&hellip;\n","protected":false},"author":2,"featured_media":1184061,"comment_status":"","ping_status":"","sticky":false,"template":"","format":"standard","meta":{"footnotes":"","_share_on_mastodon":"0"},"categories":[1825],"tags":[296,170217,29,30,2580,199898,247493,4319,4321],"class_list":["post-1184060","post","type-post","status-publish","format-standard","has-post-thumbnail","category-berlin","tag-berlin","tag-berlin-hochhaus","tag-deutschland","tag-germany","tag-gewerbe-berlin","tag-hochhaus-alexanderplatz","tag-neubau-buero-berlin","tag-wohnbau-berlin","tag-wohnprojekte-berlin"],"share_on_mastodon":{"url":"","error":""},"_links":{"self":[{"href":"https:\/\/www.europesays.com\/de\/wp-json\/wp\/v2\/posts\/1184060","targetHints":{"allow":["GET"]}}],"collection":[{"href":"https:\/\/www.europesays.com\/de\/wp-json\/wp\/v2\/posts"}],"about":[{"href":"https:\/\/www.europesays.com\/de\/wp-json\/wp\/v2\/types\/post"}],"author":[{"embeddable":true,"href":"https:\/\/www.europesays.com\/de\/wp-json\/wp\/v2\/users\/2"}],"replies":[{"embeddable":true,"href":"https:\/\/www.europesays.com\/de\/wp-json\/wp\/v2\/comments?post=1184060"}],"version-history":[{"count":0,"href":"https:\/\/www.europesays.com\/de\/wp-json\/wp\/v2\/posts\/1184060\/revisions"}],"wp:featuredmedia":[{"embeddable":true,"href":"https:\/\/www.europesays.com\/de\/wp-json\/wp\/v2\/media\/1184061"}],"wp:attachment":[{"href":"https:\/\/www.europesays.com\/de\/wp-json\/wp\/v2\/media?parent=1184060"}],"wp:term":[{"taxonomy":"category","embeddable":true,"href":"https:\/\/www.europesays.com\/de\/wp-json\/wp\/v2\/categories?post=1184060"},{"taxonomy":"post_tag","embeddable":true,"href":"https:\/\/www.europesays.com\/de\/wp-json\/wp\/v2\/tags?post=1184060"}],"curies":[{"name":"wp","href":"https:\/\/api.w.org\/{rel}","templated":true}]}}