{"id":118411,"date":"2025-05-17T18:43:08","date_gmt":"2025-05-17T18:43:08","guid":{"rendered":"https:\/\/www.europesays.com\/de\/118411\/"},"modified":"2025-05-17T18:43:08","modified_gmt":"2025-05-17T18:43:08","slug":"theater-star-elisabeth-orth-ist-tot-2","status":"publish","type":"post","link":"https:\/\/www.europesays.com\/de\/118411\/","title":{"rendered":"Theater-Star Elisabeth Orth ist tot"},"content":{"rendered":"<p>Wien (dpa) &#8211; Die \u00f6sterreichische Kammerschauspielerin Elisabeth Orth ist tot. Die \u00e4ltere Schwester von TV-Star Christiane H\u00f6rbiger starb am Samstag im Alter von 89 Jahren, wie das Wiener Burgtheater unter Berufung auf Orths Familie mitteilte. Orths Karriere war eng mit der Traditionsb\u00fchne verflochten. Als langj\u00e4hriges Ensemblemitglied wurde sie zum Ehrenmitglied und Anfang 2015 sogar zur Doyenne des Hauses ernannt. Neben der Schauspielerei setzte sie sich aktiv gegen Rassismus ein.<\/p>\n<p>Orth wurde am 8. Februar 1936 als erstes Kind der \u00f6sterreichischen Schauspiellegenden Paula Wessely und Attila H\u00f6rbiger in Wien geboren. Der Wunsch, Arch\u00e4ologin zu werden, wurde Orth vom Vater schnell ausgeredet. So trat sie wie ihre beiden j\u00fcngeren Schwester Christiane und Maresa H\u00f6rbiger ebenfalls erfolgreich in die Fu\u00dfstapfen ihrer ber\u00fchmten Eltern.<\/p>\n<p>Karriereweg durch Theater in Deutschland<\/p>\n<p>Nach ihrer Ausbildung am renommierten Max-Reinhardt-Seminar war sie in vielen deutschen H\u00e4usern aktiv. Sie spielte unter anderem am Ulmer Theater, an den B\u00fchnen der Stadt K\u00f6ln, am Bayerischen Staatsschauspiel M\u00fcnchen und an der Berliner Schaub\u00fchne. Seit Ende der 1960er-Jahre gastierte sie h\u00e4ufig bei den Salzburger Festspielen. Um sich vom schweren Erbe der Schauspiel-Dynastie zu l\u00f6sen, legte sie den Familiennamen fr\u00fch ab und benutzte den Namen ihrer Gro\u00dfmutter m\u00fctterlicherseits.<\/p>\n<p>Ihre wichtigste Spielst\u00e4tte war das Burgtheater, an dem sie seit 1973 festes Ensemblemitglied war. Dort brillierte sie etwa als Kl\u00e4rchen in Goethes \u00abEgmont\u00bb oder als Prinzessin Eboli in Schillers \u00abDon Carlos\u00bb. Gro\u00dfe Erfolge feierte sie in Inszenierungen der deutschen Theaterregisseurin Andrea Breth, mit der Orth beruflich und privat eng verbunden war.<\/p>\n<p>Engagement gegen Rassismus<\/p>\n<p>Im Gegensatz zu ihrer Schwester Christiane H\u00f6rbiger trat sie wesentlich seltener vor der Kamera auf. Zu sehen war sie 1978 im Zweiteiler \u00abLemminge\u00bb des Oscarpreistr\u00e4gers Michael Haneke oder 1997 in dem preisgekr\u00f6nten Heimatfilm \u00abDie Siebtelbauern\u00bb von Stefan Ruzowitzky. 2003 trat sie im Historienfilm \u00abMarie Bonaparte\u00bb von Benoit Jacquot an der Seite von Catherine Deneuve auf.<\/p>\n<p>Abseits der Schauspielerei engagierte sich Orth stark gesellschaftspolitisch. Sie setzte sich gegen Rassismus und f\u00fcr Gefl\u00fcchtete ein und war Pr\u00e4sidentin der \u00abAktion gegen den Antisemitismus\u00bb. In ihrem Buch \u00abM\u00e4rchen ihres Lebens &#8211; Meine Eltern Attila H\u00f6rbiger und Paula Wessely\u00bb arbeitete sie die NS-Vergangenheit ihrer Eltern auf.<\/p>\n","protected":false},"excerpt":{"rendered":"Wien (dpa) &#8211; Die \u00f6sterreichische Kammerschauspielerin Elisabeth Orth ist tot. Die \u00e4ltere Schwester von TV-Star Christiane H\u00f6rbiger starb&hellip;\n","protected":false},"author":2,"featured_media":118412,"comment_status":"","ping_status":"","sticky":false,"template":"","format":"standard","meta":{"footnotes":""},"categories":[1843],"tags":[36884,45332,3364,29,30,8970,1209,94],"class_list":{"0":"post-118411","1":"post","2":"type-post","3":"status-publish","4":"format-standard","5":"has-post-thumbnail","7":"category-muenster","8":"tag-sterreich","9":"tag-stand-06-08-2015","10":"tag-de","11":"tag-deutschland","12":"tag-germany","13":"tag-muenster","14":"tag-nordrhein-westfalen","15":"tag-theater"},"share_on_mastodon":{"url":"https:\/\/pubeurope.com\/@de\/114524651753280507","error":""},"_links":{"self":[{"href":"https:\/\/www.europesays.com\/de\/wp-json\/wp\/v2\/posts\/118411","targetHints":{"allow":["GET"]}}],"collection":[{"href":"https:\/\/www.europesays.com\/de\/wp-json\/wp\/v2\/posts"}],"about":[{"href":"https:\/\/www.europesays.com\/de\/wp-json\/wp\/v2\/types\/post"}],"author":[{"embeddable":true,"href":"https:\/\/www.europesays.com\/de\/wp-json\/wp\/v2\/users\/2"}],"replies":[{"embeddable":true,"href":"https:\/\/www.europesays.com\/de\/wp-json\/wp\/v2\/comments?post=118411"}],"version-history":[{"count":0,"href":"https:\/\/www.europesays.com\/de\/wp-json\/wp\/v2\/posts\/118411\/revisions"}],"wp:featuredmedia":[{"embeddable":true,"href":"https:\/\/www.europesays.com\/de\/wp-json\/wp\/v2\/media\/118412"}],"wp:attachment":[{"href":"https:\/\/www.europesays.com\/de\/wp-json\/wp\/v2\/media?parent=118411"}],"wp:term":[{"taxonomy":"category","embeddable":true,"href":"https:\/\/www.europesays.com\/de\/wp-json\/wp\/v2\/categories?post=118411"},{"taxonomy":"post_tag","embeddable":true,"href":"https:\/\/www.europesays.com\/de\/wp-json\/wp\/v2\/tags?post=118411"}],"curies":[{"name":"wp","href":"https:\/\/api.w.org\/{rel}","templated":true}]}}