{"id":1184493,"date":"2026-07-22T09:08:15","date_gmt":"2026-07-22T09:08:15","guid":{"rendered":"https:\/\/www.europesays.com\/de\/1184493\/"},"modified":"2026-07-22T09:08:15","modified_gmt":"2026-07-22T09:08:15","slug":"galeria-prueft-schliessung-von-fuenf-standorten-in-berlin-und-brandenburg","status":"publish","type":"post","link":"https:\/\/www.europesays.com\/de\/1184493\/","title":{"rendered":"Galeria pr\u00fcft Schlie\u00dfung von f\u00fcnf Standorten in Berlin und Brandenburg"},"content":{"rendered":"<p>Kriterien f\u00fcr die Auswahl waren laut Galeria unter anderem die Mietbelastung und Ertragskraft. Das Unternehmen will nun mit den jeweiligen Vermietern \u00fcber Mietkonditionen und Fl\u00e4chenanpassungen verhandeln. Sollten keine tragf\u00e4higen L\u00f6sungen erarbeitet werden, sei die Fortf\u00fchrung der jeweiligen Filiale gef\u00e4hrdet, hei\u00dft es.<\/p>\n<p>Bei einigen H\u00e4usern laufen die Gespr\u00e4che bereits, bei anderen sollen sie jetzt beginnen. &#8222;Wir werden jeden Standort einzeln und ergebnisoffen betrachten&#8220;, sagte Gesch\u00e4ftsf\u00fchrer Tilo Hellenbock. Wann Entscheidungen fallen, lie\u00df eine Sprecherin von Galeria offen.<\/p>\n<p>Alle Warenh\u00e4user m\u00fcssten nachhaltig profitabel wirtschaften, teilte das Unternehmen mit. Da alle Filialen diesbez\u00fcglich Optimierungspotenzial h\u00e4tten, sollen auch an den \u00fcbrigen 50 Standorten Gespr\u00e4che mit Vermietern gef\u00fchrt werden. Parallel pr\u00fcft Galeria auch den Umzug in geeignetere Immobilien und Neuer\u00f6ffnungen.<\/p>\n","protected":false},"excerpt":{"rendered":"Kriterien f\u00fcr die Auswahl waren laut Galeria unter anderem die Mietbelastung und Ertragskraft. Das Unternehmen will nun mit&hellip;\n","protected":false},"author":2,"featured_media":1184494,"comment_status":"","ping_status":"","sticky":false,"template":"","format":"standard","meta":{"footnotes":"","_share_on_mastodon":"0"},"categories":[1816],"tags":[1960,1958,1959,1957,296,1956,1890,29,30,7610,134296],"class_list":["post-1184493","post","type-post","status-publish","format-standard","has-post-thumbnail","category-brandenburg","tag-aktuelle-nachrichten-aus-berlin-und-brandenburg","tag-aktuelle-nachrichten-aus-brandenburg","tag-aktuelle-news-aus-berlin-und-brandenburg","tag-aktuelle-news-aus-brandenburg","tag-berlin","tag-berlin-und-brandenburg","tag-brandenburg","tag-deutschland","tag-germany","tag-potsdam","tag-rbb24tagesschau"],"share_on_mastodon":{"url":"https:\/\/pubeurope.com\/@de\/116962846721041940","error":""},"_links":{"self":[{"href":"https:\/\/www.europesays.com\/de\/wp-json\/wp\/v2\/posts\/1184493","targetHints":{"allow":["GET"]}}],"collection":[{"href":"https:\/\/www.europesays.com\/de\/wp-json\/wp\/v2\/posts"}],"about":[{"href":"https:\/\/www.europesays.com\/de\/wp-json\/wp\/v2\/types\/post"}],"author":[{"embeddable":true,"href":"https:\/\/www.europesays.com\/de\/wp-json\/wp\/v2\/users\/2"}],"replies":[{"embeddable":true,"href":"https:\/\/www.europesays.com\/de\/wp-json\/wp\/v2\/comments?post=1184493"}],"version-history":[{"count":0,"href":"https:\/\/www.europesays.com\/de\/wp-json\/wp\/v2\/posts\/1184493\/revisions"}],"wp:featuredmedia":[{"embeddable":true,"href":"https:\/\/www.europesays.com\/de\/wp-json\/wp\/v2\/media\/1184494"}],"wp:attachment":[{"href":"https:\/\/www.europesays.com\/de\/wp-json\/wp\/v2\/media?parent=1184493"}],"wp:term":[{"taxonomy":"category","embeddable":true,"href":"https:\/\/www.europesays.com\/de\/wp-json\/wp\/v2\/categories?post=1184493"},{"taxonomy":"post_tag","embeddable":true,"href":"https:\/\/www.europesays.com\/de\/wp-json\/wp\/v2\/tags?post=1184493"}],"curies":[{"name":"wp","href":"https:\/\/api.w.org\/{rel}","templated":true}]}}