{"id":1184516,"date":"2026-07-22T09:21:17","date_gmt":"2026-07-22T09:21:17","guid":{"rendered":"https:\/\/www.europesays.com\/de\/1184516\/"},"modified":"2026-07-22T09:21:17","modified_gmt":"2026-07-22T09:21:17","slug":"neue-sorgen-um-michael-olise-fc-bayern-muss-angeblich-real-madrids-transfer-trumpf-mbappe-fuerchten","status":"publish","type":"post","link":"https:\/\/www.europesays.com\/de\/1184516\/","title":{"rendered":"Neue Sorgen um Michael Olise? FC Bayern muss angeblich Real Madrids Transfer-Trumpf Mbappe f\u00fcrchten"},"content":{"rendered":"<p>Die Transfer-Saga um Michael Olise und Real Madrid scheint kein schnelles Ende zu finden. Neue Ger\u00fcchte um einem Sommer-Abschied vom FC Bayern M\u00fcnchen machen die Runde.<\/p>\n<p>Wie aus einem Bericht der Sport Bild hervorgeht, r\u00fchrte Olises Teamkollege bei den franz\u00f6sischen Nationalmannschaft, Kylian Mbappe, bei der zur\u00fcckliegenden WM ordentlich die Werbetrommel f\u00fcr einen Wechsel zu den K\u00f6niglichen.<\/p>\n<p>Demnach habe Mbappe engen Kontakt zum Offensivspieler des FC Bayern gesucht, um ihm den Schritt nach Madrid so schmackhaft wie m\u00f6glich zu machen. Der Real-Superstar habe Olise dabei versichert, dass man ihn bei den Blancos unbedingt brauche und aufgezeigt, wie gut die beiden im Trikot der K\u00f6niglichen miteinander harmonieren w\u00fcrden.<\/p>\n<p>Zudem habe der 27-J\u00e4hrige seinem Nationalmannschaftskollegen das Leben in der spanischen Hauptstadt schmackhaft gemacht und von der Stadt sowie den Lebensbedingungen geschw\u00e4rmt. Nach Sport-Bild-Infos &#8222;umgarnte&#8220; Mbappe Olise regelrecht w\u00e4hrend des rund f\u00fcnfw\u00f6chigen WM-Turniers.<\/p>\n<p>Gleichzeitig hielt Mbappe offenbar auch R\u00fccksprache mit Reals Pr\u00e4sident Florentino Perez und versicherte diesem, dass es von Seiten Olises &#8222;positive Signale&#8220; hinsichtlich eines Transfers gegeben habe. Eine zentrale Rolle in den Bestrebungen des Bayern-Stars spiele dabei die Champions League.<\/p>\n<p>Nach dem entt\u00e4uschenden Scheitern im Halbfinale der Weltmeisterschaft an Spanien wolle Olise mehr denn je so schnell wie m\u00f6glich einen gro\u00dfen Titel gewinnen. Jedoch w\u00fcrden beim 24-J\u00e4hrigen die Zweifel wachsen, dass im das im Trikot der M\u00fcnchner gelingen werde. W\u00e4hrend er mit den Bayern 2025 im Viertel- und 2026 im Halbfinale der K\u00f6nigsklasse scheiterte, sch\u00e4tzt er die Chancen bei den Blancos auf den gro\u00dfen Triumph angeblich als deutlich besser ein.<\/p>\n<p><img class=\"fco-image__image\" alt=\"Olise\"   loading=\"lazy\" decoding=\"async\" fetchpriority=\"auto\" width=\"4500\" height=\"2998\" src=\"https:\/\/www.europesays.com\/de\/wp-content\/uploads\/2026\/07\/GettyImages-2286317747.jpg\" style=\"aspect-ratio:4500 \/ 2998;width:100%;height:100%\"\/>Getty ImagesGro\u00dfe Fragezeichen um Zukunft von Michael Olise beim FC Bayern<\/p>\n<p>In Stein gemei\u00dfelt ist allerdings noch lange nichts. Beim deutschen Rekordmeister gibt es nach wie vor das klare Bestreben, Olise zu halten und <a href=\"https:\/\/www.spox.com\/fussball\/listen\/eine-einigung-kein-problem-ein-bestimmter-punkt-spricht-angeblich-fuer-eine-vertragsverlaengerung-von-michael-olise-beim-fc-bayern-muenchen\/blt6f8d9bd6ed54e02f\" rel=\"nofollow noopener\" target=\"_blank\" data-affiliate-type=\"NONE\">dessen noch bis 2029 laufenden Vertrag vorzeitig zu verl\u00e4ngern<\/a>. Daf\u00fcr will man tief in die Tasche greifen und das Jahressal\u00e4r des Offensivmannes von gesch\u00e4tzten 14 Millionen Euro auf rund 25 Millionen Euro erh\u00f6hen.<\/p>\n<p>Ohnehin besteht zwischen Bayern-Pr\u00e4sident Herbert Hainer und Perez weiterhin die Vereinbarung, dass man sich gegenseitig keine Spieler abwerben wolle, ohne zun\u00e4chst den jeweiligen Klub dar\u00fcber zu informieren. Bislang sei ein solches Bestreben der K\u00f6niglichen noch nicht an den FCB herangetragen worden.<\/p>\n<p><a href=\"https:\/\/www.spox.com\/fussball\/listen\/200-millionen-euro-fuer-michael-olise-bosse-des-fc-bayern-sprechen-machtwort-wegen-mega-offerten-von-real-madrid-und-liverpool\/bltc5e49abf67686ab5#csa1767916319f807b\" target=\"_blank\" data-affiliate-type=\"NONE\" rel=\"nofollow noopener\">In den vergangenen Wochen und Monaten hatten die M\u00fcnchner Verantwortlichen um Sportvorstand Max Eberl, Hainer und Klub-Patron Uli Hoene\u00df mehrfach betont<\/a>, dass Olise unverk\u00e4uflich sei. Auch bei einer Summe von \u00fcber 200 Millionen Euro werde man an der S\u00e4bener Stra\u00dfe nichts in Gr\u00fcbeln kommen, so der Tenor. Zumal in dem Arbeitsvertrag des Franzosen keine Ausstiegsklausel verankert ist.<\/p>\n<p><img class=\"fco-image__image\" alt=\"Michael Olise\"   loading=\"lazy\" decoding=\"async\" fetchpriority=\"auto\" width=\"1600\" height=\"900\" src=\"https:\/\/www.europesays.com\/de\/wp-content\/uploads\/2026\/07\/1784712077_661_1600.jpg\" style=\"aspect-ratio:1600 \/ 900;width:100%;height:100%\"\/>Getty ImagesWill Michael Olise den FC Bayern im Sommer verlassen?<\/p>\n<p>Die katalanische Zeitung\u00a0Mundo Deportivo\u00a0und sp\u00e4ter auch The Athletic berichteten deshalb, dass Real <a href=\"https:\/\/www.spox.com\/fussball\/listen\/keine-chance-auf-transfer-real-madrid-hat-die-hoffnung-bei-michael-olise-vom-fc-bayern-angeblich-schon-aufgegeben\/blt1a2459969889b9a1\" rel=\"nofollow noopener\" target=\"_blank\" data-affiliate-type=\"NONE\">eine m\u00f6gliche Verpflichtung des Ausnahmek\u00f6nners intern als &#8222;nahezu unm\u00f6glich&#8220; abgestempelt habe<\/a>. Zuvor machte ein Bericht der f\u00fcr gew\u00f6hnlich sehr gut informierten franz\u00f6sischen Sportzeitung\u00a0L&#8217;Equipe\u00a0die Runde,\u00a0<a href=\"https:\/\/www.spox.com\/fussball\/listen\/waehrend-der-wm-michael-olise-hat-seinen-wechselwunsch-zu-real-madrid-offenbar-bereits-intern-kommuniziert\/blt73afa1847f55d335\" target=\"_blank\" data-affiliate-type=\"NONE\" rel=\"nofollow noopener\">wonach Olise seinen Mitspielern w\u00e4hrend der noch laufenden WM seinen Wechselwunsch zu den K\u00f6niglichen gebeichtet habe<\/a>.<\/p>\n<p style=\"text-align:start\"><a href=\"https:\/\/www.spox.com\/fussball\/listen\/die-botschaft-ist-eindeutig-was-der-berater-von-michael-olise-den-bossen-des-fc-bayern-gesagt-haben-soll\/bltcf7706c3d7e0bbb5\" target=\"_blank\" data-affiliate-type=\"NONE\" rel=\"nofollow noopener\">Sky\u00a0widersprach der Hammer-Meldung kurze Zeit sp\u00e4ter und erkl\u00e4rte, dass der Linksfu\u00df keinen Abschied vom deutschen Rekordmeister plane<\/a>. Diese Information sei auch von dessen Berater an die Bayern-Verantwortlichen kommuniziert worden. Wortw\u00f6rtlich soll der Agent gesagt haben: &#8222;Macht Euch keine Sorgen, wir bleiben.&#8220;<\/p>\n<p style=\"text-align:start\">Von welchem sportlichen Wert Olise f\u00fcr den FC Bayern ist, steht indes au\u00dfer Frage. 96 Torbeteiligungen in 107 Eins\u00e4tze steuerte er in seinen ersten beiden Spielzeiten f\u00fcr die M\u00fcnchner bei. Zudem \u00fcberzeugte Olise bei der WM mit sieben Vorlagen, was gleichzeitig einen Rekord bedeutet. Noch nie bereitete ein Spieler bei einer Weltmeisterschaft mehr Tore vor, zuvor stand Brasiliens Legende Pele an der Spitze. Mit sechs Assists bei der Endrunde 1970.\u00a0<\/p>\n","protected":false},"excerpt":{"rendered":"Die Transfer-Saga um Michael Olise und Real Madrid scheint kein schnelles Ende zu finden. Neue Ger\u00fcchte um einem&hellip;\n","protected":false},"author":2,"featured_media":1184517,"comment_status":"","ping_status":"","sticky":false,"template":"","format":"standard","meta":{"footnotes":"","_share_on_mastodon":"0"},"categories":[136],"tags":[923,58212,299,29,347,30,348,19172,21909,3349,4604,265,1288],"class_list":["post-1184516","post","type-post","status-publish","format-standard","has-post-thumbnail","category-sport","tag-bayern-muenchen","tag-bayern-munich","tag-bundesliga","tag-deutschland","tag-fussball","tag-germany","tag-la-liga","tag-laliga","tag-m-olise","tag-real-madrid","tag-soccer","tag-sport","tag-transfers"],"share_on_mastodon":{"url":"https:\/\/pubeurope.com\/@de\/116962900713467141","error":""},"_links":{"self":[{"href":"https:\/\/www.europesays.com\/de\/wp-json\/wp\/v2\/posts\/1184516","targetHints":{"allow":["GET"]}}],"collection":[{"href":"https:\/\/www.europesays.com\/de\/wp-json\/wp\/v2\/posts"}],"about":[{"href":"https:\/\/www.europesays.com\/de\/wp-json\/wp\/v2\/types\/post"}],"author":[{"embeddable":true,"href":"https:\/\/www.europesays.com\/de\/wp-json\/wp\/v2\/users\/2"}],"replies":[{"embeddable":true,"href":"https:\/\/www.europesays.com\/de\/wp-json\/wp\/v2\/comments?post=1184516"}],"version-history":[{"count":0,"href":"https:\/\/www.europesays.com\/de\/wp-json\/wp\/v2\/posts\/1184516\/revisions"}],"wp:featuredmedia":[{"embeddable":true,"href":"https:\/\/www.europesays.com\/de\/wp-json\/wp\/v2\/media\/1184517"}],"wp:attachment":[{"href":"https:\/\/www.europesays.com\/de\/wp-json\/wp\/v2\/media?parent=1184516"}],"wp:term":[{"taxonomy":"category","embeddable":true,"href":"https:\/\/www.europesays.com\/de\/wp-json\/wp\/v2\/categories?post=1184516"},{"taxonomy":"post_tag","embeddable":true,"href":"https:\/\/www.europesays.com\/de\/wp-json\/wp\/v2\/tags?post=1184516"}],"curies":[{"name":"wp","href":"https:\/\/api.w.org\/{rel}","templated":true}]}}