{"id":1184560,"date":"2026-07-22T09:48:17","date_gmt":"2026-07-22T09:48:17","guid":{"rendered":"https:\/\/www.europesays.com\/de\/1184560\/"},"modified":"2026-07-22T09:48:17","modified_gmt":"2026-07-22T09:48:17","slug":"darum-thront-ein-baukran-ueber-der-wuppertaler-hardt","status":"publish","type":"post","link":"https:\/\/www.europesays.com\/de\/1184560\/","title":{"rendered":"Darum thront ein Baukran \u00fcber der Wuppertaler Hardt"},"content":{"rendered":"<p class=\"text_ohne_einzug richtext text-em-55 !leading-serif mx-6 desktop:mx-0\">Ein 40 Meter hoher Kran \u00fcberragt seit Montag auf der Hardt den benachbarten Bismarckturm. Erst mit Verz\u00f6gerung konnte am Nachmittag per Autokran der fast ebenso lange Ausleger aufgesetzt werden. Der Kranturm musste zuvor noch ein St\u00fcck erh\u00f6ht werden, denn k\u00fcnftig m\u00fcssen Baustoffe \u00fcber die Baumkronen hinweg auf die Hinterseite der ehemaligen Justizvollzugsschule gehoben werden.<\/p>\n","protected":false},"excerpt":{"rendered":"Ein 40 Meter hoher Kran \u00fcberragt seit Montag auf der Hardt den benachbarten Bismarckturm. Erst mit Verz\u00f6gerung konnte&hellip;\n","protected":false},"author":2,"featured_media":1184561,"comment_status":"","ping_status":"","sticky":false,"template":"","format":"standard","meta":{"footnotes":"","_share_on_mastodon":"0"},"categories":[1840],"tags":[590,3364,29,10019,30,22427,1209,247558,2014,4418],"class_list":["post-1184560","post","type-post","status-publish","format-standard","has-post-thumbnail","category-wuppertal","tag-aktuell","tag-de","tag-deutschland","tag-gebaeude","tag-germany","tag-hardt","tag-nordrhein-westfalen","tag-umkleidegebaeudes","tag-umkleiden","tag-wuppertal"],"share_on_mastodon":{"url":"https:\/\/pubeurope.com\/@de\/116963004310951348","error":""},"_links":{"self":[{"href":"https:\/\/www.europesays.com\/de\/wp-json\/wp\/v2\/posts\/1184560","targetHints":{"allow":["GET"]}}],"collection":[{"href":"https:\/\/www.europesays.com\/de\/wp-json\/wp\/v2\/posts"}],"about":[{"href":"https:\/\/www.europesays.com\/de\/wp-json\/wp\/v2\/types\/post"}],"author":[{"embeddable":true,"href":"https:\/\/www.europesays.com\/de\/wp-json\/wp\/v2\/users\/2"}],"replies":[{"embeddable":true,"href":"https:\/\/www.europesays.com\/de\/wp-json\/wp\/v2\/comments?post=1184560"}],"version-history":[{"count":0,"href":"https:\/\/www.europesays.com\/de\/wp-json\/wp\/v2\/posts\/1184560\/revisions"}],"wp:featuredmedia":[{"embeddable":true,"href":"https:\/\/www.europesays.com\/de\/wp-json\/wp\/v2\/media\/1184561"}],"wp:attachment":[{"href":"https:\/\/www.europesays.com\/de\/wp-json\/wp\/v2\/media?parent=1184560"}],"wp:term":[{"taxonomy":"category","embeddable":true,"href":"https:\/\/www.europesays.com\/de\/wp-json\/wp\/v2\/categories?post=1184560"},{"taxonomy":"post_tag","embeddable":true,"href":"https:\/\/www.europesays.com\/de\/wp-json\/wp\/v2\/tags?post=1184560"}],"curies":[{"name":"wp","href":"https:\/\/api.w.org\/{rel}","templated":true}]}}