{"id":1184629,"date":"2026-07-22T10:36:19","date_gmt":"2026-07-22T10:36:19","guid":{"rendered":"https:\/\/www.europesays.com\/de\/1184629\/"},"modified":"2026-07-22T10:36:19","modified_gmt":"2026-07-22T10:36:19","slug":"medientage-muenchen-feiern-40-jubilaeum-unter-dem-motto-own-it","status":"publish","type":"post","link":"https:\/\/www.europesays.com\/de\/1184629\/","title":{"rendered":"Medientage M\u00fcnchen feiern 40. Jubil\u00e4um unter dem Motto &#8222;Own it!&#8220;"},"content":{"rendered":"<p>Zum runden Geburtstag wollen die Veranstalter zugleich wachsen. Neben dem House of Communication, auch Hauptsitz der Serviceplan-Gruppe, werden mit dem Werk1.4 und dem Technikum im boomenden M\u00fcnchner Werksviertel erstmals zwei weitere Veranstaltungsorte eingebunden. Mehr als 350 Speaker werden in \u00fcber 100 Panels, Talks, Masterclasses und Meetups erwartet. <a href=\"https:\/\/medientage.de\/\" target=\"_blank\" rel=\"noreferrer nofollow noopener\">Tickets werden bereits verkauft<\/a>.<\/p>\n<p>F\u00fcr Stefan Sutor, Gesch\u00e4ftsf\u00fchrer der Medien.Bayern GmbH und Organisator der Medientage, ist das Jubil\u00e4um bewusst mit einem Signal an die Branche verbunden. \u201eDas Motto Own it! spannt den Bogen von der Macht der gro\u00dfen Player \u00fcber KI-Tools bis zum Wert des journalistischen Handwerks\u201c, so Sutor. \u201eEs ist unser Appell an die Branche, die eigene St\u00e4rke sichtbar zu machen und die Verantwortung f\u00fcr die mediale Zukunft zu \u00fcbernehmen.\u201c<\/p>\n<p>Im Zentrum der Konferenz stehen Fragen wie: Wie k\u00f6nnen Medienunternehmen ihre Kontrolle zur\u00fcckgewinnen, wenn Algorithmen und KI-Antworten den Zugang zu Informationen dominieren? Wie wird k\u00fcnstliche Intelligenz vom disruptiven Trend zum selbstbestimmten Werkzeug? Und welche Rolle spielen k\u00fcnftig journalistische Qualit\u00e4t und menschliche Kreativit\u00e4t als Differenzierungsmerkmale?<\/p>\n<p>Thorsten Schmiege, Pr\u00e4sident der Bayerischen Landeszentrale f\u00fcr neue Medien (BLM) und Vorsitzender der Gesellschafterversammlung von Medien.Bayern, sagt: \u201eOwn it! formuliert f\u00fcr mich einen klaren Auftrag an Medienpolitik, Branche und Aufsicht: Digitale Souver\u00e4nit\u00e4t bekommen wir nicht geschenkt. Wir m\u00fcssen in Europa anfangen, unsere mediale und technologische Zukunft selbst zu gestalten. Dar\u00fcber wollen wir bei den Medientagen diskutieren: \u00fcber Macht und Verantwortung, aber auch \u00fcber faire Regeln, Mut zu Innovationen und eine zukunftsorientierte Regulierung.\u201c<\/p>\n<p>Zum ersten best\u00e4tigten Speaker-Line-up geh\u00f6ren unter anderem ProSiebenSat.1-CEO Marco Giordani, RTL-CCO Inga Leschek, Netflix-Managerin Katja Hofem, Leonine-CEO Fred Kogel, \u201cZeit\u201d-Chefredakteur Jochen Wegner, die Tech-Expertinnen Marietje Schaake und Marie Kilg, Autorin Ingrid Brodnig, Content Creator Fabian Grischkat sowie Bayerns Ministerpr\u00e4sident Markus S\u00f6der. Die Er\u00f6ffnung \u00fcbernimmt Politikjournalistin Eva Schulz.<\/p>\n<p><img loading=\"lazy\" decoding=\"async\" src=\"https:\/\/www.europesays.com\/de\/wp-content\/uploads\/2026\/07\/baf0e7f851434f32b0920d35a589173d.gif\" width=\"1\" height=\"1\" alt=\"\" style=\"height:1px;width:1px;\"\/><\/p>\n","protected":false},"excerpt":{"rendered":"Zum runden Geburtstag wollen die Veranstalter zugleich wachsen. Neben dem House of Communication, auch Hauptsitz der Serviceplan-Gruppe, werden&hellip;\n","protected":false},"author":2,"featured_media":1184630,"comment_status":"","ping_status":"","sticky":false,"template":"","format":"standard","meta":{"footnotes":"","_share_on_mastodon":"0"},"categories":[1827],"tags":[772,29,32257,30,247581,247580,1946,1947,1256,247583,247582,62,247579,43223,1948,78996,29194,247577,247575,1268,247576,247578,247584],"class_list":["post-1184629","post","type-post","status-publish","format-standard","has-post-thumbnail","category-muenchen","tag-bayern","tag-deutschland","tag-digitale-souveraenitaet","tag-germany","tag-house-of-communication-muenchen","tag-ki-in-den-medien","tag-kress","tag-kress-pro","tag-kuenstliche-intelligenz","tag-marco-giordani","tag-marietje-schaake","tag-medien","tag-medien-bayern","tag-medienbranche","tag-mediendienst","tag-medienkonferenz","tag-medienpolitik","tag-medientage-muenchen","tag-medientage-muenchen-2026","tag-muenchen","tag-own-it","tag-stefan-sutor","tag-thorsten-schmiege"],"share_on_mastodon":{"url":"https:\/\/pubeurope.com\/@de\/116963194516274063","error":""},"_links":{"self":[{"href":"https:\/\/www.europesays.com\/de\/wp-json\/wp\/v2\/posts\/1184629","targetHints":{"allow":["GET"]}}],"collection":[{"href":"https:\/\/www.europesays.com\/de\/wp-json\/wp\/v2\/posts"}],"about":[{"href":"https:\/\/www.europesays.com\/de\/wp-json\/wp\/v2\/types\/post"}],"author":[{"embeddable":true,"href":"https:\/\/www.europesays.com\/de\/wp-json\/wp\/v2\/users\/2"}],"replies":[{"embeddable":true,"href":"https:\/\/www.europesays.com\/de\/wp-json\/wp\/v2\/comments?post=1184629"}],"version-history":[{"count":0,"href":"https:\/\/www.europesays.com\/de\/wp-json\/wp\/v2\/posts\/1184629\/revisions"}],"wp:featuredmedia":[{"embeddable":true,"href":"https:\/\/www.europesays.com\/de\/wp-json\/wp\/v2\/media\/1184630"}],"wp:attachment":[{"href":"https:\/\/www.europesays.com\/de\/wp-json\/wp\/v2\/media?parent=1184629"}],"wp:term":[{"taxonomy":"category","embeddable":true,"href":"https:\/\/www.europesays.com\/de\/wp-json\/wp\/v2\/categories?post=1184629"},{"taxonomy":"post_tag","embeddable":true,"href":"https:\/\/www.europesays.com\/de\/wp-json\/wp\/v2\/tags?post=1184629"}],"curies":[{"name":"wp","href":"https:\/\/api.w.org\/{rel}","templated":true}]}}