{"id":1184642,"date":"2026-07-22T10:44:22","date_gmt":"2026-07-22T10:44:22","guid":{"rendered":"https:\/\/www.europesays.com\/de\/1184642\/"},"modified":"2026-07-22T10:44:22","modified_gmt":"2026-07-22T10:44:22","slug":"csd-berlin-2026-route-sperrungen-wagen-partys-und-programm-alle-infos-zum-christopher-street-day","status":"publish","type":"post","link":"https:\/\/www.europesays.com\/de\/1184642\/","title":{"rendered":"CSD Berlin 2026: Route, Sperrungen, Wagen, Partys und Programm \u2013 alle Infos zum Christopher Street Day"},"content":{"rendered":"<p class=\"tspBLlp tspBLlq\">Es soll der gr\u00f6\u00dfte Christopher Street Day in der Geschichte Berlins werden: Erstmals findet der CSD in diesem Jahr an zwei Tagen statt. Bereits am Freitag, 24. Juli, gibt es einen Demokratieabend vor dem Brandenburger Tor \u2013 und am Samstag, 25. Juli, zieht dann die gro\u00dfe Demonstration durch die Hauptstadt. \u201eWir erwarten wieder Hunderttausende Menschen\u201c, sagte Thomas Hoffmann, Mitglied im Vorstand des Berliner CSD, bei der Vorstellung des Programms.<\/p>\n<p class=\"tspBLlp\">Unter dem Motto \u201eHaltung ist hot\u201c legt der Berliner CSD in diesem Jahr einen besonderen Schwerpunkt auf die Abgeordnetenhaus-Wahl am 20. September. Ein \u00dcberblick \u00fcber das gro\u00dfe Pride-Wochenende in Berlin.<\/p>\n<p> \u201eHaltung ist hot\u201c \u2013 das Motto des Berliner CSD 2026 <\/p>\n<p class=\"tspBLlp\">Das Motto des CSD ist in diesem Jahr <a href=\"https:\/\/www.tagesspiegel.de\/berlin\/grosstes-csd-wochenende-in-der-geschichte-berliner-christopher-street-day-wird-erstmals-auf-zwei-tage-ausgeweitet-15482173.html?icid=in-text-link_15846232\" class=\"link link--internal\" data-gtm-class=\"article-text-link\" data-gtm-val=\"internal\" rel=\"nofollow noopener\" target=\"_blank\">\u201eHaltung ist hot\u201c<\/a>. Damit will der CSD Menschen ermutigen, sich f\u00fcr eine weltoffene und vielf\u00e4ltige Stadt \u2013 f\u00fcr Demokratie, Vielfalt und die Rechte queerer Menschen \u2013 einzusetzen und Haltung zu zeigen. Gleichzeitig sollen alle, die zum CSD kommen, motiviert werden, bei der Abgeordnetenhauswahl ihre Stimme abzugeben. Insbesondere richtet sich die Kampagne an junge Menschen. Denn in Berlin d\u00fcrfen in diesem Jahr erstmals 16- und 17-J\u00e4hrige das Landesparlament mitw\u00e4hlen.<\/p>\n<p><img decoding=\"async\" src=\"https:\/\/www.europesays.com\/de\/wp-content\/uploads\/2026\/07\/2.jpeg\"   alt=\"Kampagne &quot;Haltung ist hot&quot; zum CSD Berlin 2026&#10;Foto: CSD Berlin\" aria-labelledby=\"caption-15482912\" width=\"440\" height=\"330\" loading=\"lazy\" class=\"tspAYi3\"\/> \u201eHaltung ist hot\u201c ist das Motto des CSD Berlin 2026. <\/p>\n<p class=\"tspAEgj\"> \u00a9 CSD Berlin <\/p>\n<p class=\"tspBLlp\">\u201eDie Kampagne versteht sich als Antwort auf zunehmen\u00adde Anfeindungen gegen queere Menschen sowie auf gesellschaftliche Polarisierung und den Druck auf demokratische Werte\u201c, hei\u00dft es vom CSD. \u201eWir lassen uns nicht zur\u00fcckdr\u00e4ngen\u201c, sagte Vorstandmitglied Marcel Vorges. Es gehe darum, die Vielfalt zu sch\u00fctzen.<\/p>\n<p> Politische Forderungen des CSD zur Abgeordnetenhaus-Wahl <\/p>\n<p class=\"tspBLlp\">Anl\u00e4sslich der Berlin-Wahl richtet der CSD sechs zentrale Forderungen an die zuk\u00fcnftige Landesregierung. Dazu geh\u00f6ren die Unterst\u00fctzung f\u00fcr eine <a href=\"https:\/\/www.tagesspiegel.de\/berlin\/verein-fordert-unterstutzung-der-politik-berliner-csd-bewirbt-sich-um-den-world-pride-2032-15672459.html?icid=in-text-link_15846232\" class=\"link link--internal\" data-gtm-class=\"article-text-link\" data-gtm-val=\"internal\" rel=\"nofollow noopener\" target=\"_blank\">Bewerbung Berlins f\u00fcr den WorldPride 2032<\/a>, der Schutz und Ausbau queerer R\u00e4ume und Infrastruktur und mehr Sicherheit und Schutz f\u00fcr queere Menschen. Zudem fordert der CSD mehr Sichtbarkeit und Vielfalt in Bildungseinrichtungen, den Ausbau queerer Gesundheitsangebote sowie eine verl\u00e4ssliche Finanzierung queerer Gro\u00dfveranstaltungen.<\/p>\n<p>Kernforderungen des Berliner CSD 2026<\/p>\n<ul data-qa-hook=\"story-list-ul\" class=\"tspCIpe\">\n<li class=\"tspCIgd tspCIgd\">Politische und finanzielle Unterst\u00fctzung einer Bewerbung f\u00fcr den WorldPride 2032<\/li>\n<li class=\"tspCIgd tspCIgd\">Schutz und Ausbau queerer R\u00e4ume und Infrastruktur<\/li>\n<li class=\"tspCIgd tspCIgd\">Mehr Sicherheit und Schutz vor queerfeindlicher Gewalt<\/li>\n<li class=\"tspCIgd tspCIgd\">Sichtbarkeit und Vielfalt in Bildungseinrichtungen<\/li>\n<li class=\"tspCIgd tspCIgd\">Ausbau queerkompetenter Gesundheitsversorgung<\/li>\n<li class=\"tspCIgd tspCIgd\">Langfristige Finanzierung queerer Gro\u00dfveranstaltungen und ihrer Tr\u00e4gerstrukturen<\/li>\n<\/ul>\n<p> Berliner CSD startet mit Drag March <\/p>\n<p class=\"tspBLlp\">Am Freitag, 24. Juli, startet der CSD mit einem Demokratieabend am Brandenburger Tor. Den Auftakt bildet um 17 Uhr ein Drag March. Er wird vom <a href=\"https:\/\/www.tagesspiegel.de\/berlin\/ehrenamtliche-gehen-fur-die-aids-pravention-auf-die-strasse-1977769.html?icid=in-text-link_15846232\" class=\"link link--internal\" data-gtm-class=\"article-text-link\" data-gtm-val=\"internal\" rel=\"nofollow noopener\" target=\"_blank\">Orden der Schwestern der Perpetuellen Indulgenz<\/a> und von Travestie f\u00fcr Deutschland organisiert und kn\u00fcpft an die Tradition des New Yorker Drag March an.<\/p>\n<p>Queerspiegel: Der Newsletter f\u00fcr das queere Berlin<\/p>\n<p><img decoding=\"async\" src=\"https:\/\/www.europesays.com\/de\/wp-content\/uploads\/2025\/04\/queerspiegel-icon.png\" alt=\"\" class=\"tspB8h6\"\/><\/p>\n<p class=\"tspB8nr\"> Die Queerspiegel-Redaktion informiert Euch \u00fcber die wichtigsten LGBTI-Ereignisse, Menschen, Termine aus Politik, Kultur und Sport. <\/p>\n<p class=\"tspBLlp\">Start ist um 17 Uhr auf der Wiese vor dem Reichstagsgeb\u00e4ude (Platz der Republik am U-Bahnhof Bundestag) und f\u00fchrt dann \u00fcber die Scheidemannstra\u00dfe, die Yitzhak-Rabin-Stra\u00dfe und die Stra\u00dfe des 17. Juni direkt zum Brandenburger Tor.<\/p>\n<p class=\"tspBLlp\">\u201eDrag geh\u00f6rt seit vielen Jahrzehnten zur queeren Geschichte und Gegenwart. Gerade deshalb ist es wichtig, Haltung zu zeigen und deutlich zu machen, dass Vielfalt, Freiheit und Demokratie zusammengeh\u00f6ren\u201c, sagte Thomas Hoffmann vom Vorstand des Berliner CSD.<\/p>\n<p class=\"tspBLlp\">Zeitgleich gibt es wieder einen <a href=\"https:\/\/www.tagesspiegel.de\/berlin\/csd-greife-lesbische-sichtbarkeit-dreist-an-berliner-dykemarch-findet-wieder-statt--mit-neuen-konflikten-15812451.html?icid=in-text-link_15846232\" class=\"link link--internal\" data-gtm-class=\"article-text-link\" data-gtm-val=\"internal\" rel=\"nofollow noopener\" target=\"_blank\">Dyke*March<\/a> \u2013 eine Demo f\u00fcr lesbische Sichtbarkeit. Sie startet um 17 Uhr am Roten Rathaus und zieht dann zum Oranienplatz.<\/p>\n<p><a href=\"https:\/\/www.tagesspiegel.de\/berlin\/csd-greife-lesbische-sichtbarkeit-dreist-an-berliner-dykemarch-findet-wieder-statt--mit-neuen-konflikten-15812451.html?icid=single-topic_15846232___\" data-gtm-class=\"article-mzt-link\" class=\"tspCXqc\" rel=\"nofollow noopener\" target=\"_blank\">CSD greife lesbische Sichtbarkeit \u201edreist\u201c an Berliner Dyke*March findet wieder statt \u2013 mit neuen Konflikten <\/a> Demokratieabend am Brandenburger Tor <\/p>\n<p class=\"tspBLlp\">Um 18 Uhr beginnt auf der B\u00fchne vor dem Brandenburger Tor dann das Programm mit politischen Gespr\u00e4chen, Kultur und Live-Musik. Unter anderem werden bis 23 Uhr M\u00a5SS KETA, Wilhelmine, Baran Kok, Marcella Rockefeller und Maximalismus auftreten \u2013 sowie ein musikalischer \u00dcberraschungsgast, der erst kurz vorher bekannt gegeben wird. Es moderieren Fabian Grischkat und Barbie Breakout. Zudem wird es zwei weitere B\u00fchnen geben\u00a0\u2013 eine mit Popmusik, eine mit Elektro und House.<\/p>\n<p>Gedenken<\/p>\n<p class=\"tspBLlp\">Am Samstagvormittag <strong>um 11 Uhr <\/strong>laden die Stiftung Denkmal f\u00fcr die ermordeten Juden Europas und der LSVD Verband Queere Vielfalt Berlin-Brandenburg\u00a0zu einem Gedenken am Denkmal f\u00fcr die im Nationalsozialismus verfolgten Homosexuellen im Tiergarten ein. Dort werden Blumen und Kr\u00e4nze niedergelegt.<\/p>\n<p> Die Er\u00f6ffnung des CSD <\/p>\n<p class=\"tspBLlp\">Am Samstag steht der CSD wie in den Vorjahren im Zeichen der gro\u00dfen Demonstration. Um 11.30 Uhr wird diese am Startpunkt an der Leipziger Stra\u00dfe \/ Ecke Charlottenstra\u00dfe er\u00f6ffnet.<\/p>\n<p><a href=\"https:\/\/www.tagesspiegel.de\/berlin\/erste-queere-wahlarena-krach-und-evers-fordern-mehr-queere-inhalte-in-der-berliner-lehrerausbildung-15847982.html?icid=single-topic_15846232___\" data-gtm-class=\"article-mzt-link\" class=\"tspCXqc\" rel=\"nofollow noopener\" target=\"_blank\">Erste Queere Wahlarena Krach und Evers fordern mehr queere Inhalte in der Berliner Lehrerausbildung <\/a><\/p>\n<p class=\"tspBLlp\">In diesem Jahr sprechen neben dem Vorstand des CSD die queere Aktivistin Luna M\u00f6bius aus Sachsen-Anhalt sowie Politiker*innen: Angek\u00fcndigt haben sich der Bundestagsabgeordnete Jan-Marco Luczak aus Tempelhof-Sch\u00f6neberg (CDU) sowie die Spitzenkandidat*innen f\u00fcr die Berlin-Wahl Steffen Krach (SPD), Werner Graf (Gr\u00fcne) sowie Elif Eralp (Linke).<\/p>\n<p> Die Route des CSD und die Wagen <\/p>\n<p class=\"tspBLlp\">Um 12 Uhr startet dann die Demonstration. Die Route bleibt im Vergleich zum Vorjahr unver\u00e4ndert. Es geht von der Leipziger Stra\u00dfe durch Mitte, \u00fcber den Potsdamer Platz nach Sch\u00f6neberg, vorbei am Nollendorfplatz und von dort zur Stra\u00dfe des 17. Juni zur Siegess\u00e4ule. Gegen 15.30 Uhr sollen die ersten Wagen dort ankommen. Einige ausgew\u00e4hlte Fahrzeuge fahren zus\u00e4tzlich noch weiter auf die Stra\u00dfe des 17. Juni in Richtung Brandenburger Tor.<\/p>\n<p> Wagen und Fu\u00dfgruppen beim Berliner CSD <\/p>\n<p class=\"tspBLlp\">82 Fahrzeuge und 55 Fu\u00dfgruppen sind in diesem Jahr angemeldet. Unter anderem gibt es einen \u201eMadonna\u201c-Truck von Warner Music. Viele Unternehmen \u2013 zum Beispiel BVG, Sparkasse, Deutsche Bank und Rewe \u2013 sind dabei. Ebenso zahlreiche queere Verb\u00e4nde und Organisationen \u2013 etwa die Schwulenberatung Berlin, Quarteera oder der CSD Sachsen-Anhalt.<\/p>\n<p class=\"tspBLlp\">Auch die Queerbeauftragte der Bundesregierung, Sophie Koch, <a href=\"https:\/\/www.tagesspiegel.de\/gesellschaft\/queerspiegel\/alles-nur-wahlkampf-fur-kai-wegner-der-csd-truck-des-regierenden-kostet-hunderttausende--hier-fliesst-das-geld-hin-15823938.html?icid=in-text-link_15846232\" class=\"link link--internal\" data-gtm-class=\"article-text-link\" data-gtm-val=\"internal\" rel=\"nofollow noopener\" target=\"_blank\">und der Berliner Senat haben einen Wagen<\/a>\u00a0\u2013\u00a0genauso wie die Berliner Feuerwehr, die in diesem Jahr 175 Jahre alt wird. Und es wird politisch: Gr\u00fcne, Volt, CDU, SPD, FDP und die Linke fahren mit einem Wagen mit.<\/p>\n<p><a href=\"https:\/\/www.tagesspiegel.de\/berlin\/nach-kritik-an-afd-spende-mobel-hoffner-fahrt-nicht-beim-berliner-csd-mit-15856842.html?icid=single-topic_15846232___\" data-gtm-class=\"article-mzt-link\" class=\"tspCXqc\" rel=\"nofollow noopener\" target=\"_blank\">Nach Kritik an AfD-Spende M\u00f6bel H\u00f6ffner f\u00e4hrt nicht beim Berliner CSD mit <\/a>Die Reihenfolge der Wagen<\/p>\n<ol data-qa-hook=\"story-list-ol\" class=\"tspCIpg\">\n<li class=\"tspCIgd tspCIgd\">Berliner CSD e. V.<\/li>\n<li class=\"tspCIgd tspCIgd\">REWE \u2013 different together, das LGBTIQ+ Mitarbeitenden Netzwerk der REWE Group<\/li>\n<li class=\"tspCIgd tspCIgd\">House of Pride (Official Pride Main-Party)<\/li>\n<li class=\"tspCIgd tspCIgd\">Treatwell<\/li>\n<li class=\"tspCIgd tspCIgd\">Madonna &#8211; Warner Music Central Europe<\/li>\n<li class=\"tspCIgd tspCIgd\">Evangelische Kirche in Berlin<\/li>\n<li class=\"tspCIgd tspCIgd\">Kwitne Queer e.V. &#8211; die erste unabh\u00e4ngige ukrainische LGBT-Community in Deutschland<\/li>\n<li class=\"tspCIgd tspCIgd\">Quarteera e.V<\/li>\n<li class=\"tspCIgd tspCIgd\">CSD Sachsen Anhalt<\/li>\n<li class=\"tspCIgd tspCIgd\">Schwulenberatung Berlin<\/li>\n<li class=\"tspCIgd tspCIgd\">Bearhood Berlin<\/li>\n<li class=\"tspCIgd tspCIgd\">Queeres Parkfest Friedrichshain<\/li>\n<li class=\"tspCIgd tspCIgd\">Annemieke van de Neuk<\/li>\n<li class=\"tspCIgd tspCIgd\">CSD Dresden e.V. &amp; Axel Springer Queerseite<\/li>\n<li class=\"tspCIgd tspCIgd\">dbPride &#8211; Deutsche Bank &amp; Vorspiel e.V.<\/li>\n<li class=\"tspCIgd tspCIgd\">BVG mit Inklusionsbus<\/li>\n<li class=\"tspCIgd tspCIgd\">Commerzbank<\/li>\n<li class=\"tspCIgd tspCIgd\">PRISM &#8211; Universal Music<\/li>\n<li class=\"tspCIgd tspCIgd\">Pro Seniore<\/li>\n<li class=\"tspCIgd tspCIgd\">Berliner Sparkasse &amp; Berliner Aidshilfe e.V.<\/li>\n<li class=\"tspCIgd tspCIgd\">Flaconi GmbH \/ Your flaconi Pride<\/li>\n<li class=\"tspCIgd tspCIgd\">DAB &#8211; Die Akademie Berlin Rainbow Project<\/li>\n<li class=\"tspCIgd tspCIgd\">Mercedes-Benz PRIDE<\/li>\n<li class=\"tspCIgd tspCIgd\">Mampe Berlin<\/li>\n<li class=\"tspCIgd tspCIgd\">Eurowings<\/li>\n<li class=\"tspCIgd tspCIgd\">ImmoScout24<\/li>\n<li class=\"tspCIgd tspCIgd\">We Drive Proud<\/li>\n<li class=\"tspCIgd tspCIgd\">Bezirksamt Tempelhof-Sch\u00f6neberg<\/li>\n<li class=\"tspCIgd tspCIgd\">Siemens<\/li>\n<li class=\"tspCIgd tspCIgd\">EY Unity<\/li>\n<li class=\"tspCIgd tspCIgd\">Deloitte<\/li>\n<li class=\"tspCIgd tspCIgd\">Levis<\/li>\n<li class=\"tspCIgd tspCIgd\">Berliner B\u00e4der Betriebe A\u00f6R<\/li>\n<li class=\"tspCIgd tspCIgd\">Lieferando<\/li>\n<li class=\"tspCIgd tspCIgd\">Bundesverband Queer &#8211; Stimme der LGBTQ* Community in den Wissenschaften<\/li>\n<li class=\"tspCIgd tspCIgd\">Queerbeauftragte der Bundesregierung<\/li>\n<li class=\"tspCIgd tspCIgd\">B\u00fcndnis 90\/Die Gr\u00fcnen Berlin<\/li>\n<li class=\"tspCIgd tspCIgd\">Volt Berlin<\/li>\n<li class=\"tspCIgd tspCIgd\">LSU Berlin<\/li>\n<li class=\"tspCIgd tspCIgd\">SPD Queer<\/li>\n<li class=\"tspCIgd tspCIgd\">Regenbogenhauptstadt Berlin<\/li>\n<li class=\"tspCIgd tspCIgd\">FDP und JuLis Berlin<\/li>\n<li class=\"tspCIgd tspCIgd\">Bundestagsfraktion Die Linke<\/li>\n<li class=\"tspCIgd tspCIgd\">rainbow@vodafone<\/li>\n<li class=\"tspCIgd tspCIgd\">Vivantes Netzwerk f\u00fcr Gesundheit GmbH<\/li>\n<li class=\"tspCIgd tspCIgd\">JPMorganChase<\/li>\n<li class=\"tspCIgd tspCIgd\">HPE (Hewlett Packard Enterprise)<\/li>\n<li class=\"tspCIgd tspCIgd\">Berliner Feuerwehr<\/li>\n<li class=\"tspCIgd tspCIgd\">Nie zu bunt &#8211; das queere Netzwerk der Edeka Minden-Hannover<\/li>\n<li class=\"tspCIgd tspCIgd\">DHL Group<\/li>\n<li class=\"tspCIgd tspCIgd\">Daddys Bar<\/li>\n<li class=\"tspCIgd tspCIgd\">taz, die tageszeitung<\/li>\n<li class=\"tspCIgd tspCIgd\">Shine at PwC<\/li>\n<li class=\"tspCIgd tspCIgd\">Ebay<\/li>\n<li class=\"tspCIgd tspCIgd\">Tierschutzverein f\u00fcr Berlin<\/li>\n<li class=\"tspCIgd tspCIgd\">BAR JEDER VERNUNFT &amp; TIPI AM KANZLERAMT<\/li>\n<li class=\"tspCIgd tspCIgd\">Pride@Accenture<\/li>\n<li class=\"tspCIgd tspCIgd\">Technisches Hilfswerk<\/li>\n<li class=\"tspCIgd tspCIgd\">railbow, LGBTIQ*-Netzwerk der Deutschen Bahn<\/li>\n<li class=\"tspCIgd tspCIgd\">Glamazon<\/li>\n<li class=\"tspCIgd tspCIgd\">Bertelsmann be.queer<\/li>\n<li class=\"tspCIgd tspCIgd\">EQUAL@McKinsey<\/li>\n<li class=\"tspCIgd tspCIgd\">Spartacus<\/li>\n<li class=\"tspCIgd tspCIgd\">Berlinovo, degewo, GESOBAU, HOWOGE<\/li>\n<li class=\"tspCIgd tspCIgd\">BLEND &#8211; Bayer Community f\u00fcr LGBTQ+<\/li>\n<li class=\"tspCIgd tspCIgd\">WVV-Gesundheitsnetzwerk<\/li>\n<li class=\"tspCIgd tspCIgd\">Parit\u00e4tischer Wohlfahrtsverband Berlin<\/li>\n<li class=\"tspCIgd tspCIgd\">Kiku Ev<\/li>\n<li class=\"tspCIgd tspCIgd\">EJF gAG<\/li>\n<li class=\"tspCIgd tspCIgd\">Pride@Henkel &#8211; Diversity, Equity &amp; Inclusion<\/li>\n<li class=\"tspCIgd tspCIgd\">BEW Berliner Energie und W\u00e4rme GmbH<\/li>\n<li class=\"tspCIgd tspCIgd\">Deutsche Telekom &#8211; MagentaPride<\/li>\n<li class=\"tspCIgd tspCIgd\">Rotary und Rotaract Berlin<\/li>\n<li class=\"tspCIgd tspCIgd\">ver.di Vereinte Dienstleistungsgewerkschaft<\/li>\n<li class=\"tspCIgd tspCIgd\">Allianz One<\/li>\n<li class=\"tspCIgd tspCIgd\">TUI Love Happy<\/li>\n<li class=\"tspCIgd tspCIgd\">Lokschuppen mit Chantals House of Shame<\/li>\n<li class=\"tspCIgd tspCIgd\">IU Internationale Hochschule<\/li>\n<li class=\"tspCIgd tspCIgd\">Holy Softdrinks GmbH<\/li>\n<li class=\"tspCIgd tspCIgd\">\u00d6ffis f\u00fcr Berlin und Brandenburg<\/li>\n<li class=\"tspCIgd tspCIgd\">Internationaler Bund (IB)<\/li>\n<li class=\"tspCIgd tspCIgd\">Zalando<\/li>\n<\/ol>\n<p class=\"tspBLlp\">Au\u00dferdem reihen sich zahlreiche Fu\u00dfgruppen von Unternehmen und Initiativen ein. Mit dabei sind etwa Hertha BSC, <a href=\"https:\/\/www.tagesspiegel.de\/gesellschaft\/queerspiegel\/das-puppy-phanomen-was-steckt-hinter-den-menschen-mit-hundemasken-die-auf-dem-berliner-csd-in-rudeln-auftauchen-14038505.html?icid=in-text-link_15846232\" class=\"link link--internal\" data-gtm-class=\"article-text-link\" data-gtm-val=\"internal\" rel=\"nofollow noopener\" target=\"_blank\">mehrere Puppy-Gruppen<\/a>, Keshet und die britische Botschaft.<\/p>\n<p>Angemeldete Fu\u00dfgruppen<\/p>\n<ul data-qa-hook=\"story-list-ul\" class=\"tspCIpe\">\n<li class=\"tspCIgd tspCIgd\">SAP Deutschland<\/li>\n<li class=\"tspCIgd tspCIgd\">BLF e.V.<\/li>\n<li class=\"tspCIgd tspCIgd\">Mann-O-Meter e.V.<\/li>\n<li class=\"tspCIgd tspCIgd\">BiBerlin e.V.<\/li>\n<li class=\"tspCIgd tspCIgd\">Pups and Dogs Berlin-Brandenburg e.V.<\/li>\n<li class=\"tspCIgd tspCIgd\">Bears for Future Berlin and Friends<\/li>\n<li class=\"tspCIgd tspCIgd\">Queers der chinesischsprachigen Diaspora (\u534e\u8bed\u79bb\u6563\u9177\u513f)<\/li>\n<li class=\"tspCIgd tspCIgd\">Berliner Morgenpost<\/li>\n<li class=\"tspCIgd tspCIgd\">queeramnesty Berlin<\/li>\n<li class=\"tspCIgd tspCIgd\">JuWeHen, Jungorganisation des Deutschen Hebammenverbandes<\/li>\n<li class=\"tspCIgd tspCIgd\">Bodies Deserve Love<\/li>\n<li class=\"tspCIgd tspCIgd\">Junge Taiwan Initiative (Deutsch-Taiwanischen Gesellschaft e.V.)<\/li>\n<li class=\"tspCIgd tspCIgd\">Berliner Bildungscampus f\u00fcr Gesundheitsberufe gGmbH<\/li>\n<li class=\"tspCIgd tspCIgd\">Berlin Erasmus and International Network of Students e.V.<\/li>\n<li class=\"tspCIgd tspCIgd\">AXA Versicherung AG<\/li>\n<li class=\"tspCIgd tspCIgd\">Deutscher Anwaltverein \u2013 Queeres Netzwerk im DAV<\/li>\n<li class=\"tspCIgd tspCIgd\">raum. &#8211; queer &amp; women\u2019s studio<\/li>\n<li class=\"tspCIgd tspCIgd\">Hertha BSC<\/li>\n<li class=\"tspCIgd tspCIgd\">Die Berliner Volkshochschulen<\/li>\n<li class=\"tspCIgd tspCIgd\">Die Berliner Jobcenter<\/li>\n<li class=\"tspCIgd tspCIgd\">Hospiz- und Palliativ Verband Berlin e.V. und Hospiz- und Palliativ Verband Brandenburg e.V.<\/li>\n<li class=\"tspCIgd tspCIgd\">Deutsche Rentenversicherung Bund<\/li>\n<li class=\"tspCIgd tspCIgd\">Freshfields<\/li>\n<li class=\"tspCIgd tspCIgd\">Empathic Leon<\/li>\n<li class=\"tspCIgd tspCIgd\">NYX Hotels by Leonardo Hotels<\/li>\n<li class=\"tspCIgd tspCIgd\">Aequaliris<\/li>\n<li class=\"tspCIgd tspCIgd\">Keshet Europe<\/li>\n<li class=\"tspCIgd tspCIgd\">Die Botschaft ist Liebe &#8211; Britische Botschaft<\/li>\n<li class=\"tspCIgd tspCIgd\">EastPride Berlin<\/li>\n<li class=\"tspCIgd tspCIgd\">Partei der Humanisten Berlin<\/li>\n<li class=\"tspCIgd tspCIgd\">Johannesstift Diakonie<\/li>\n<li class=\"tspCIgd tspCIgd\">Flix | DiversiFlix<\/li>\n<li class=\"tspCIgd tspCIgd\">Pride@DW &#8211; das Mitarbeitenden-Netzwerk der Deutschen Welle<\/li>\n<li class=\"tspCIgd tspCIgd\">Naturisten Bundesweit<\/li>\n<li class=\"tspCIgd tspCIgd\">The DO<\/li>\n<li class=\"tspCIgd tspCIgd\">PupPlay Berlin<\/li>\n<li class=\"tspCIgd tspCIgd\">Volkssolidarit\u00e4t Berlin<\/li>\n<li class=\"tspCIgd tspCIgd\">Insel der Jugend<\/li>\n<li class=\"tspCIgd tspCIgd\">Albert Schweitzer Stiftung &#8211; Wohnen &amp; Betreuen<\/li>\n<li class=\"tspCIgd tspCIgd\">Sirius Facilities GmbH<\/li>\n<li class=\"tspCIgd tspCIgd\">Investitionsbank Berlin<\/li>\n<li class=\"tspCIgd tspCIgd\">Hays AG<\/li>\n<li class=\"tspCIgd tspCIgd\">Evangelische Kirchengemeinde vor dem Halleschen Tor &amp; Friends<\/li>\n<li class=\"tspCIgd tspCIgd\">home24<\/li>\n<li class=\"tspCIgd tspCIgd\">PARTEI MENSCH KLIMA TIERSCHUTZ \u2013 Tierschutzpartei Berlin<\/li>\n<li class=\"tspCIgd tspCIgd\">pinkballroom<\/li>\n<li class=\"tspCIgd tspCIgd\">HOCKEY IS DIVERSITY E.V.<\/li>\n<li class=\"tspCIgd tspCIgd\">IMTB<\/li>\n<li class=\"tspCIgd tspCIgd\">KfW Bankengruppe<\/li>\n<li class=\"tspCIgd tspCIgd\">GEW Berlin, AG \u201eSchwule Lehrer\u201c<\/li>\n<li class=\"tspCIgd tspCIgd\">Toll Collect GmbH<\/li>\n<li class=\"tspCIgd tspCIgd\">Brillen in Mitte<\/li>\n<\/ul>\n<p> Die Abschlusskundgebung des CSD <\/p>\n<p class=\"tspBLlp\">Vor dem Brandenburger Tor findet die gro\u00dfe Abschlusskundgebung statt. Auf der Hauptb\u00fchne gibt es von 16.30 Uhr bis Mitternacht Musik und Reden. Sprechen wird zum Beispiel Sophie Koch, die Queerbeauftragte der Bundesregierung.<\/p>\n<p class=\"tspBLlp\">Unter anderem stehen LUNA, Mariybu, Ebow, Selene, wavvyboi, S\u00f8ren Torpegaard Lund, Louk Jones, das Theater des Westens, Karaoke Jesus, DUCTTAPE sowie FLOSS mit einem Madonna-DJ-Set auf der B\u00fchne. Auch an diesem Abend gibt es einen \u00dcberraschungsgast, der erst kurz vorher bekannt gegeben wird. Moderieren werden Ricarda Hofmann und Jochen Schropp.<\/p>\n<p class=\"tspBLlp\">Zudem gibt es auf der Stra\u00dfe des 17. Juni sieben weitere Tanzb\u00fchnen \u2013 so viele wie nie zuvor.<\/p>\n<p> Sperrungen zum CSD 2026 <\/p>\n<p class=\"tspBLlp\">Auch in diesem Jahr werden zum CSD mehrere hunderttausend Menschen aus aller Welt erwartet. Vor allem in Mitte und Tiergarten wird der Stra\u00dfenverkehr daher an vielen Stellen eingeschr\u00e4nkt. Bereits seit Mittwoch sind die Stra\u00dfe des 17. Juni zwischen Gro\u00dfer Stern und Brandenburger Tor, die Yitzhak-Rabin-Stra\u00dfe und die Ebertstra\u00dfe zwischen Scheidemannstra\u00dfe und Behrenstra\u00dfe wegen Aufbauarbeiten f\u00fcr den Autoverkehr gesperrt. Diese Sperrung gilt laut Verkehrsinformationszentrale bis Montagvormittag.<\/p>\n<p class=\"tspBLlp\">Sperrungen gibt es dann am Samstag entlang der Demonstrationsstrecke (siehe Infobox). Die Leipziger Stra\u00dfe ist bereits ab 8 Uhr gesperrt, der Potsdamer Platz ab 11 Uhr, der Nollendorfplatz ab 15.00 Uhr. Auch U-Bahnh\u00f6fe am Nollendorfplatz, am Bundestag und Brandenburger Tor werden abh\u00e4ngig von der Lage m\u00f6glicherweise geschlossen.<\/p>\n<p>CSD 2026: Sperrungen in Berlin<\/p>\n<ul data-qa-hook=\"story-list-ul\" class=\"tspCIpe\">\n<li class=\"tspCIgd tspCIgd\">Leipziger Stra\u00dfe (Antreteplatz) ab 08:00 Uhr<\/li>\n<li class=\"tspCIgd tspCIgd\">Leipziger Stra\u00dfe, Potsdamer Stra\u00dfe und Platz ab 11:00 Uhr<\/li>\n<li class=\"tspCIgd tspCIgd\">Potsdamer Stra\u00dfe und Br\u00fccke ab 11:00 Uhr<\/li>\n<li class=\"tspCIgd tspCIgd\">B\u00fclow- und Kleiststra\u00dfe ab 12:00 Uhr<\/li>\n<li class=\"tspCIgd tspCIgd\">U Nollendorfplatz ab 15:00 Uhr<\/li>\n<li class=\"tspCIgd tspCIgd\">An der Urania ab 12:00 Uhr<\/li>\n<li class=\"tspCIgd tspCIgd\">Gro\u00dfer Stern ab 14:00 Uhr<\/li>\n<li class=\"tspCIgd tspCIgd\">Altonaer Stra\u00dfe ab 14:00 Uhr<\/li>\n<li class=\"tspCIgd tspCIgd\">U Bundestag ab 16:00 Uhr<\/li>\n<li class=\"tspCIgd tspCIgd\">S+U Brandenburger Tor ab 15:30 Uhr (m\u00f6gliche Sperrung am 24.07. ist ausschlie\u00dflich operativ nach Lage)<\/li>\n<\/ul>\n<p> Anreise zum CSD Berlin <\/p>\n<p class=\"tspBLlp\">Zudem ist die S-Bahn von Freitagabend bis Montagmorgen auf der Innenstadtstrecke zwischen Friedrichstra\u00dfe und Bahnhof Zoo unterbrochen. Auch die Z\u00fcge des Regionalverkehrs fahren nicht im Abschnitt zwischen Ostbahnhof und Charlottenburg. Ein Ersatzverkehr mit Bussen wird eingerichtet. Empfohlen wird, die Ringbahn und U-Bahnen zur Umfahrung zu nutzen.<\/p>\n<p class=\"tspBLlp\">Die Verkehrsinformationszentrale r\u00e4t zu folgenden Alternativen:<\/p>\n<ul data-qa-hook=\"story-list-ul\" class=\"tspCIpe\">\n<li class=\"tspCIgd tspCIgd\">zwischen Ostkreuz und Westkreuz die Ringbahnlinien S41\/S42,<\/li>\n<li class=\"tspCIgd tspCIgd\">zwischen Berlin Hbf und Gesundbrunnen die S15,<\/li>\n<li class=\"tspCIgd tspCIgd\">zwischen Lichtenberg und Berlin Hbf die U5,<\/li>\n<li class=\"tspCIgd tspCIgd\">zwischen Alexanderplatz und Zoologischer Garten die U2 sowie<\/li>\n<li class=\"tspCIgd tspCIgd\">zwischen Friedrichstra\u00dfe und Potsdam Hbf die S1.<\/li>\n<\/ul>\n<p class=\"tspBLlp\">Der CSD-Vorstand weist darauf hin, dass aufgrund der Sperrung der Stadtbahn U-Bahnen voller werden d\u00fcrften als in den vergangenen Jahren \u2013 und U-Bahnh\u00f6fe deshalb fr\u00fcher geschlossen werden k\u00f6nnten.<\/p>\n<p> Die Partys am CSD-Wochenende <\/p>\n<p class=\"tspBLlp\">Am CSD-Wochenende wird in vielen Berliner Clubs gefeiert. Die offizielle CSD-Mainparty \u201eHouse of Pride\u201c findet am Samstag, 25. Juli, in den Aqua-H\u00f6fen (Ritter Butzke, Kreuzwerk, Modus Berlin) am Moritzplatz in Kreuzberg statt. Sie soll laut CSD \u201egr\u00f6\u00dfer, lauter und queerer als je zuvor\u201c werden. Gefeiert wird ab 21 Uhr auf sieben Floors \u2013 und das mehr als zw\u00f6lf Stunden lang. Mehr als 50 K\u00fcnstler*innen sind dabei.<\/p>\n<p class=\"tspBLlp\">Zudem gibt es zwei offizielle Partys, die sich explizit an FLINTA* richten: Die \u201eLove Always Wins\u201c (von den Macher*innen des Queer Garten) steigt am Samstag, 25. Juli, ab 21 Uhr im Frannz-Club in der Kulturbrauerei. Zeitgleich findet die \u201eLove is Love\u201c von \u201eGirls Town\u201c im Maaya auf dem RAW-Gel\u00e4nde statt.<\/p>\n<p>Partys zum Berliner CSD<\/p>\n<p class=\"tspBLlp\"><strong>Donnerstag, 23.7.<\/strong><br \/>+++ ab 19 Uhr,\u00a0<strong>Harbour Party des CSD auf der Spree<\/strong>\u00a0(19 Uhr Outdoor-Rave, 21 Uhr Indoor), Osthafen,\u00a0Alt-Stralau 1-2, Friedrichshain.<\/p>\n<p><strong>Freitag, 24.7.<\/strong><br \/>+++\u00a018-23 Uhr,\u00a0<strong>Demokratieabend des CSD am Brandenburger Tor, u.a. mit zwei Tanzb\u00fchnen<\/strong>\u00a0(Pop\/Elektro &amp; House)<br \/>+++ 19 Uhr (Einlass),\u00a0<strong>SMUDGE<\/strong>, Official FLINTA* Pride Opening Party, Aqua-H\u00f6fe, Lobeckstr. 30-35, Kreuzberg.<br \/>+++ 19.30 Uhr,\u00a0<strong>Tipsy Bear Pride Special<\/strong>,\u00a0Eberswalder Str. 21, Prenzlauer Berg.<\/p>\n<p><strong>Samstag, 25.7.<\/strong><br \/>+++ ab 14 Uhr,\u00a0<strong>Friends with Benefits<\/strong>, Renate, Alt-Stralau 70, Friedrichshain.<br \/>+++ ab 20 Uhr,\u00a0<strong>Gegen X Prncptl &#8211; CSD<\/strong>, Komplex Berlin, Modersohnstr. 35-45, Friedrichshain.<br \/>+++ ab 21 Uhr,\u00a0<strong>House of Pride<\/strong>, Official Berlin Pride Main Party, Ritter Butzke,\u00a0Ritterstr. 24-27, Kreuzberg.<br \/>+++ ab 21 Uhr,\u00a0<strong>LOVE IS LOVE\u00a0<\/strong>\u2013 Offizielle CSD FLINTA* Party by Girls Town<strong>,\u00a0<\/strong>MAAYA auf dem RAW Gel\u00e4nde, Revaler Str. 99, Friedrichshain.<br \/>+++ ab 21 Uhr,\u00a0<strong>LOVE ALWAYS WINS<\/strong>\u00a0\u2013 Offizielle CSD FLINTA* Party by queer garten,\u00a0Frannz Club in der Kulturbrauerei\u00a0, Sch\u00f6nhauser Allee 36, Prenzlauer Berg.<br \/>+++ ab 22 Uhr,\u00a0<strong>Tracey presents The Ket Gala<\/strong>,\u00a0\u00c6den, Schleusenufer 3, Kreuzberg.<br \/>+++ 22 Uhr,\u00a0<strong>Gayhane<\/strong>, SO36, Oranienstr. 190, Kreuzberg.<br \/>+++ 22 Uhr,\u00a0<strong>Bodies &amp; Baddies<\/strong>, Star Gast: Violet Chachki,\u00a0Metropol, Nollendorfplatz 5, Sch\u00f6neberg.<br \/>+++ 23 Uhr,\u00a0<strong>Gimme Moritz Pride Party<\/strong>,\u00a0Humboldthain Club, Hochstr. 46, Wedding.<br \/>+++ 23 Uhr,\u00a0<strong>Hollywood Tramp: Brat Coded Pride 2026<\/strong>, Gretchen, Obentrautstr. 19-21, Kreuzberg.<br \/>+++ ab 24 Uhr,\u00a0<strong>CSD Klubnacht<\/strong>, Berghain,\u00a0Am Wriezener Bahnhof, Friedrichshain.<\/p>\n<p><strong>Sonntag, 26.7.<\/strong><br \/>+++ ab 21 Uhr,\u00a0<strong>Nacktfleisch: naked, queer, united ny music<\/strong>, Kit Kat Club, K\u00f6penicker Str. 76, Mitte.<\/p>\n<p> Der Tag nach dem Berliner CSD <\/p>\n<p class=\"tspBLlp\">Am Sonntag von 14 bis 17 Uhr gibt es im Tiergarten eine gemeinsame M\u00fcllsammel-Aktion. Der \u201eAfter-CSD-Cleanup\u201c findet von 14 bis 17 Uhr statt. Treffpunkt ist an der Siegess\u00e4ule.<\/p>\n<p><img decoding=\"async\" src=\"https:\/\/www.europesays.com\/de\/wp-content\/uploads\/2026\/07\/38-christopher-street-day.jpeg\"   alt=\"Teilnehmer des 38. Christopher Street Day (CSD) feiern am 23.07.2016 auf der Stra\u00dfe des 17. Juni in Berlin. Im Hintergrund das Brandenburger Tor. Foto: Sophia Kembowski\/dpa +++(c) dpa - Bildfunk+++\" aria-labelledby=\"caption-15847296\" width=\"440\" height=\"330\" loading=\"lazy\" class=\"tspAYi3\"\/> Der Berliner Christopher Street Day (CSD) zieht \u00fcber die Stra\u00dfe des 17. Juni \u2013 und damit am Tiergarten vorbei. Am n\u00e4chsten Tag wird dort aufger\u00e4umt. <\/p>\n<p class=\"tspAEgj\"> \u00a9 dpa\/Sophia Kembowski <\/p>\n<p class=\"tspBLlp\">Au\u00dferdem l\u00e4dt die Markthalle Neun in Kreuzberg von 10 bis 16 Uhr zu einem \u201eCSD Breakfast Market\u201c ein.<\/p>\n<p> Der \u201eSoul of Stonewall Award\u201c des CSD <\/p>\n<p class=\"tspBLlp\">Seit vielen Jahren ehrt der Berliner CSD mit dem <a href=\"https:\/\/www.tagesspiegel.de\/gesellschaft\/queerspiegel\/sie-schafft-raume-fur-stimmen-die-sonst-uberhort-werden-kampagne-nie-wieder-leise-wird-mit-dem-soul-of-stonewall-award-des-berliner-csd-ausgezeichnet-14048237.html?icid=in-text-link_15846232\" class=\"link link--internal\" data-gtm-class=\"article-text-link\" data-gtm-val=\"internal\" rel=\"nofollow noopener\" target=\"_blank\">\u201eSoul of Stonewall Award\u201c<\/a> Personen und Organisationen f\u00fcr ihre besonderen Verdienste um die Gleichstellung von queeren Menschen. In diesem Jahr werden Peter Plate und Ulf Leo Sommer, der BUTCH*WALK Berlin sowie die franz\u00f6sischen Autoren Didier Eribon und \u00c9douard Louis ausgezeichnet.<\/p>\n<p class=\"tspBLlp\">Sie \u201estehen f\u00fcr Mut, Sichtbarkeit und den Einsatz f\u00fcr Demokratie und Menschenrechte und leisten einen wichtigen Beitrag zu einer vielf\u00e4ltigen, solidarischen und gerechteren Gesellschaft\u201c, begr\u00fcndete CSD-Vorstandmitglied Marcel Voges die Auswahl.<\/p>\n<p>Verleihung der \u201eSoul of Stonewall Awards\u201c des CSD<\/p>\n<p class=\"tspBLlp\">Beim Demokratieabend am Freitag wird der Award an Eribon und Louis verliehen. Am Samstag erhalten Peter Plate und Ulf Leo Sommer sowie der BUTCH*WALK Berlin die Auszeichnung auf der gro\u00dfen B\u00fchne vor dem Brandenburger Tor.<\/p>\n<p class=\"tspBLlp\">Der \u201eSoul of Stonewall Award\u201c in der Kategorie \u201eLebenswerk\u201c geht an Peter Plate und Ulf Leo Sommer. \u201eAls Intendanten des Theater des Westens sowie als Autoren, Komponisten und Produzenten bringen sie seit vielen Jahren queere Geschichten auf eine der renommiertesten Musicalb\u00fchnen Deutschlands und erreichen damit ein Millionenpublikum weit \u00fcber die queere Community hinaus\u201c, teilte der Berliner CSD mit.<\/p>\n<p><img decoding=\"async\" src=\"https:\/\/www.europesays.com\/de\/wp-content\/uploads\/2026\/07\/ulf-leo-sommer-und-peter-plate.jpeg\"   alt=\"Ulf Leo Sommer und Peter Plate\u00a0\" aria-labelledby=\"caption-15847289\" width=\"440\" height=\"330\" loading=\"lazy\" class=\"tspAYi3\"\/> Ulf Leo Sommer und Peter Plate\u00a0werden beim Berliner CSD ausgezeichnet. <\/p>\n<p class=\"tspAEgj\"> \u00a9 Ferran Casanova <\/p>\n<p class=\"tspBLlp\">Der BUTCH*WALK Berlin wird in der Kategorie \u201eCommunity &amp; Sichtbarkeit\u201c ausgezeichnet. \u201eDie Initiative setzt sich mit gro\u00dfem Engagement f\u00fcr mehr lesbische Sichtbarkeit ein und schafft R\u00e4ume f\u00fcr Begegnung, Vernetzung und Empowerment. Mit ihren Veranstaltungen macht sie maskuline und gendernonkonforme lesbische Lebensrealit\u00e4ten im \u00f6ffentlichen Raum sichtbar und st\u00e4rkt damit die Vielfalt innerhalb der queeren Community\u201c, begr\u00fcndet der CSD die Auswahl.<\/p>\n<p>Mehr zum Berliner CSD:<a href=\"https:\/\/www.tagesspiegel.de\/gesellschaft\/queerspiegel\/alles-nur-wahlkampf-fur-kai-wegner-der-csd-truck-des-regierenden-kostet-hunderttausende--hier-fliesst-das-geld-hin-15823938.html?icid=topic-list_15846232___\" data-gtm-class=\"article-mzt-link\" data-hydrate-fingerprint=\"09740a54944caac75fd2c0c63fd5c5df\" data-hydrate-props=\"{&amp;escapedquot;element&amp;escapedquot;:{&amp;escapedquot;type&amp;escapedquot;:&amp;escapedquot;relatedContent&amp;escapedquot;,&amp;escapedquot;fieldMap&amp;escapedquot;:{},&amp;escapedquot;relation&amp;escapedquot;:{&amp;escapedquot;fields&amp;escapedquot;:{&amp;escapedquot;isPaid&amp;escapedquot;:true},&amp;escapedquot;href&amp;escapedquot;:&amp;escapedquot;\/gesellschaft\/queerspiegel\/alles-nur-wahlkampf-fur-kai-wegner-der-csd-truck-des-regierenden-kostet-hunderttausende--hier-fliesst-das-geld-hin-15823938.html&amp;escapedquot;,&amp;escapedquot;teaserTitle&amp;escapedquot;:{&amp;escapedquot;kicker&amp;escapedquot;:&amp;escapedquot;Alles nur Wahlkampf f\u00fcr Kai Wegner?&amp;escapedquot;,&amp;escapedquot;headline&amp;escapedquot;:&amp;escapedquot;Der CSD-Truck des Regierenden kostet Hunderttausende \u2013 hier flie\u00dft das Geld hin&amp;escapedquot;},&amp;escapedquot;id&amp;escapedquot;:&amp;escapedquot;15823938&amp;escapedquot;,&amp;escapedquot;type&amp;escapedquot;:&amp;escapedquot;story&amp;escapedquot;},&amp;escapedquot;isPartOfList&amp;escapedquot;:true,&amp;escapedquot;topicListType&amp;escapedquot;:&amp;escapedquot;topic-list&amp;escapedquot;},&amp;escapedquot;showArrow&amp;escapedquot;:true}\" data-hydrate-slots=\"{&#039;default&#039;:[]}\" class=\"tspCXqc tspCYqj\" rel=\"nofollow noopener\" target=\"_blank\">Alles nur Wahlkampf f\u00fcr Kai Wegner? Der CSD-Truck des Regierenden kostet Hunderttausende \u2013 hier flie\u00dft das Geld hin <\/a><a href=\"https:\/\/www.tagesspiegel.de\/berlin\/csd-greife-lesbische-sichtbarkeit-dreist-an-berliner-dykemarch-findet-wieder-statt--mit-neuen-konflikten-15812451.html?icid=topic-list_15846232___\" data-gtm-class=\"article-mzt-link\" data-hydrate-fingerprint=\"09740a54944caac75fd2c0c63fd5c5df\" data-hydrate-props=\"{&amp;escapedquot;element&amp;escapedquot;:{&amp;escapedquot;type&amp;escapedquot;:&amp;escapedquot;relatedContent&amp;escapedquot;,&amp;escapedquot;fieldMap&amp;escapedquot;:{},&amp;escapedquot;relation&amp;escapedquot;:{&amp;escapedquot;fields&amp;escapedquot;:{&amp;escapedquot;isPaid&amp;escapedquot;:false},&amp;escapedquot;href&amp;escapedquot;:&amp;escapedquot;\/berlin\/csd-greife-lesbische-sichtbarkeit-dreist-an-berliner-dykemarch-findet-wieder-statt--mit-neuen-konflikten-15812451.html&amp;escapedquot;,&amp;escapedquot;teaserTitle&amp;escapedquot;:{&amp;escapedquot;kicker&amp;escapedquot;:&amp;escapedquot;CSD greife lesbische Sichtbarkeit \u201edreist\u201c an&amp;escapedquot;,&amp;escapedquot;headline&amp;escapedquot;:&amp;escapedquot;Berliner Dyke*March findet wieder statt \u2013 mit neuen Konflikten&amp;escapedquot;},&amp;escapedquot;id&amp;escapedquot;:&amp;escapedquot;15812451&amp;escapedquot;,&amp;escapedquot;type&amp;escapedquot;:&amp;escapedquot;story&amp;escapedquot;},&amp;escapedquot;isPartOfList&amp;escapedquot;:true,&amp;escapedquot;topicListType&amp;escapedquot;:&amp;escapedquot;topic-list&amp;escapedquot;},&amp;escapedquot;showArrow&amp;escapedquot;:true}\" data-hydrate-slots=\"{&#039;default&#039;:[]}\" class=\"tspCXqc tspCYqj\" rel=\"nofollow noopener\" target=\"_blank\">CSD greife lesbische Sichtbarkeit \u201edreist\u201c an Berliner Dyke*March findet wieder statt \u2013 mit neuen Konflikten <\/a><a href=\"https:\/\/www.tagesspiegel.de\/berlin\/verein-fordert-unterstutzung-der-politik-berliner-csd-bewirbt-sich-um-den-world-pride-2032-15672459.html?icid=topic-list_15846232___\" data-gtm-class=\"article-mzt-link\" data-hydrate-fingerprint=\"09740a54944caac75fd2c0c63fd5c5df\" data-hydrate-props=\"{&amp;escapedquot;element&amp;escapedquot;:{&amp;escapedquot;type&amp;escapedquot;:&amp;escapedquot;relatedContent&amp;escapedquot;,&amp;escapedquot;fieldMap&amp;escapedquot;:{},&amp;escapedquot;relation&amp;escapedquot;:{&amp;escapedquot;fields&amp;escapedquot;:{&amp;escapedquot;isPaid&amp;escapedquot;:null},&amp;escapedquot;href&amp;escapedquot;:&amp;escapedquot;\/berlin\/verein-fordert-unterstutzung-der-politik-berliner-csd-bewirbt-sich-um-den-world-pride-2032-15672459.html&amp;escapedquot;,&amp;escapedquot;teaserTitle&amp;escapedquot;:{&amp;escapedquot;kicker&amp;escapedquot;:&amp;escapedquot;Verein fordert Unterst\u00fctzung der Politik&amp;escapedquot;,&amp;escapedquot;headline&amp;escapedquot;:&amp;escapedquot;Berliner CSD bewirbt sich um den World Pride 2032&amp;escapedquot;},&amp;escapedquot;id&amp;escapedquot;:&amp;escapedquot;15672459&amp;escapedquot;,&amp;escapedquot;type&amp;escapedquot;:&amp;escapedquot;story&amp;escapedquot;},&amp;escapedquot;isPartOfList&amp;escapedquot;:true,&amp;escapedquot;topicListType&amp;escapedquot;:&amp;escapedquot;topic-list&amp;escapedquot;},&amp;escapedquot;showArrow&amp;escapedquot;:true}\" data-hydrate-slots=\"{&#039;default&#039;:[]}\" class=\"tspCXqc tspCYqj\" rel=\"nofollow noopener\" target=\"_blank\">Verein fordert Unterst\u00fctzung der Politik Berliner CSD bewirbt sich um den World Pride 2032 <\/a><\/p>\n<p class=\"tspBLlp\">Die befreundeten franz\u00f6sischen Autoren <a href=\"https:\/\/www.tagesspiegel.de\/kultur\/franzosischer-starautor-edouard-louis-einem-bourgeois-wurde-niemand-vorwerfen-aus-seiner-familie-kapital-zu-schlagen-13092094.html?icid=in-text-link_15846232\" class=\"link link--internal\" data-gtm-class=\"article-text-link\" data-gtm-val=\"internal\" rel=\"nofollow noopener\" target=\"_blank\">Didier Eribon und \u00c9douard Louis<\/a> erhalten den \u201eSoul of Stonewall Award\u201c in der Kategorie \u201eGlobal Impact\u201c. \u201eMit ihren B\u00fcchern und \u00f6ffentlichen Debatten haben sie entscheidend dazu beigetragen, die Zusammenh\u00e4nge von sozialer Herkunft, Armut, Queerness und gesellschaftlicher Teilhabe sichtbar zu machen. Ihr Werk pr\u00e4gt seit Jahren gesellschaftliche Debatten \u00fcber soziale Gerechtigkeit, Identit\u00e4t und Demokratie und zeigt eindrucksvoll, wie eng Fragen von Klasse, Herkunft und sexueller Identit\u00e4t miteinander verbunden sind\u201c, teilte der CSD mit.<\/p>\n","protected":false},"excerpt":{"rendered":"Es soll der gr\u00f6\u00dfte Christopher Street Day in der Geschichte Berlins werden: Erstmals findet der CSD in diesem&hellip;\n","protected":false},"author":2,"featured_media":1184643,"comment_status":"","ping_status":"","sticky":false,"template":"","format":"standard","meta":{"footnotes":"","_share_on_mastodon":"0"},"categories":[1825],"tags":[296,64594,2068,1890,1173,82894,2237,3307,43,29,94201,30,1088,3295,1635,356,130,44031,860,140830,12385,108016,6500],"class_list":["post-1184642","post","type-post","status-publish","format-standard","has-post-thumbnail","category-berlin","tag-berlin","tag-berlin-wahl","tag-berliner-senat","tag-brandenburg","tag-bundesregierung","tag-christopher-street-day-2025","tag-clubs-und-nachtleben","tag-deutsche-bank","tag-deutscher-bundestag","tag-deutschland","tag-fahrrad-und-verkehr-in-berlin","tag-germany","tag-hertha-bsc","tag-hochschulen","tag-jugend","tag-madonna","tag-menschenrechte","tag-oranienplatz","tag-sachsen-anhalt","tag-theater-in-potsdam","tag-wohnen-in-berlin","tag-wohnen-in-potsdam","tag-zoo"],"share_on_mastodon":{"url":"https:\/\/pubeurope.com\/@de\/116963225058892377","error":""},"_links":{"self":[{"href":"https:\/\/www.europesays.com\/de\/wp-json\/wp\/v2\/posts\/1184642","targetHints":{"allow":["GET"]}}],"collection":[{"href":"https:\/\/www.europesays.com\/de\/wp-json\/wp\/v2\/posts"}],"about":[{"href":"https:\/\/www.europesays.com\/de\/wp-json\/wp\/v2\/types\/post"}],"author":[{"embeddable":true,"href":"https:\/\/www.europesays.com\/de\/wp-json\/wp\/v2\/users\/2"}],"replies":[{"embeddable":true,"href":"https:\/\/www.europesays.com\/de\/wp-json\/wp\/v2\/comments?post=1184642"}],"version-history":[{"count":0,"href":"https:\/\/www.europesays.com\/de\/wp-json\/wp\/v2\/posts\/1184642\/revisions"}],"wp:featuredmedia":[{"embeddable":true,"href":"https:\/\/www.europesays.com\/de\/wp-json\/wp\/v2\/media\/1184643"}],"wp:attachment":[{"href":"https:\/\/www.europesays.com\/de\/wp-json\/wp\/v2\/media?parent=1184642"}],"wp:term":[{"taxonomy":"category","embeddable":true,"href":"https:\/\/www.europesays.com\/de\/wp-json\/wp\/v2\/categories?post=1184642"},{"taxonomy":"post_tag","embeddable":true,"href":"https:\/\/www.europesays.com\/de\/wp-json\/wp\/v2\/tags?post=1184642"}],"curies":[{"name":"wp","href":"https:\/\/api.w.org\/{rel}","templated":true}]}}