{"id":1184743,"date":"2026-07-22T11:42:17","date_gmt":"2026-07-22T11:42:17","guid":{"rendered":"https:\/\/www.europesays.com\/de\/1184743\/"},"modified":"2026-07-22T11:42:17","modified_gmt":"2026-07-22T11:42:17","slug":"dieb-reisst-seniorin-in-bremen-walle-goldkette-vom-hals","status":"publish","type":"post","link":"https:\/\/www.europesays.com\/de\/1184743\/","title":{"rendered":"Dieb rei\u00dft Seniorin in Bremen-Walle Goldkette vom Hals"},"content":{"rendered":"<p class=\"article-toplinewrapper\">\n<p>Standdatum: 22. Juli 2026.<\/p>\n<p>Audio<\/p>\n<p><img decoding=\"async\" class=\"image -image-with-fallback -image-rounded  lazyload\" src=\"data:image\/gif;base64,R0lGODlhEAAJAIAAAP\/\/\/\/\/\/\/yH5BAEKAAEALAAAAAAQAAkAAAIKjI+py+0Po5yUFQA7\"   alt=\"Das Blaulicht eines Polizeiautos\" data-image-owner=\"Imago | Sven Simon\" data-image-title=\"Das Blaulicht eines Polizeiautos\" data-image-src=\"https:\/\/www.butenunbinnen.de\/bilder\/blaulicht-polizei-auto-100~_v-800x450_c-1784561648523.jpg\" data-image-rights-src=\"\/bilder\/blaulicht-polizei-auto-100~_v-640x360_c-1784561648523.jpg\"\/><\/p>\n<p>Die Polizei hofft auf Zeugenhinweise. (Symbolbild)<\/p>\n<p>Bild: Imago | Sven Simon<\/p>\n<p>Audio-Ende<\/p>\n<p id=\"sharing-title\" class=\"social-title visuallyhidden\">\nSeite teilen\n<\/p>\n<p class=\"google-prefer\">\n<a class=\"google-prefer-link text-link\" href=\"https:\/\/www.google.com\/preferences\/source?q=https:\/\/www.butenunbinnen.de\" target=\"_blank\" title=\"Einstellungen auf www.google.de vornehmen\" rel=\"nofollow noopener\">buten un binnen bei Google bevorzugen<\/a>\n<\/p>\n<p>In Bremen-Walle hat ein Unbekannter eine Frau \u00fcberfallen und ihr eine Goldkette vom Hals gerissen. Nach Polizeiangaben wollte der Mann der 82-J\u00e4hrigen zudem ihr Armband stehlen. Als das misslang, floh er. Die Frau erlitt bei dem \u00dcberfall am Dienstag eine leichte Sch\u00fcrfwunde. Die Polizei sucht nach Zeugen.<\/p>\n<p>Der T\u00e4ter soll etwa 1,60 Meter gro\u00df, schlank und etwa 25 Jahre alt gewesen sein. Er trug einen Oberlippenbart und war dunkel gekleidet.<\/p>\n<p>Mehr Meldungen der Polizei in Bremen:<\/p>\n<p class=\"article-legal-agencies\"><strong>Quelle<\/strong>:<br \/>\nbuten un binnen.\n<\/p>\n<p class=\"article-legal-broadcast-reference\"><strong>Dieses Thema im Programm:<\/strong><br \/>\nBremen Eins, Nachrichten, 22. Juli 2026, 11 Uhr<\/p>\n","protected":false},"excerpt":{"rendered":"Standdatum: 22. Juli 2026. Audio Die Polizei hofft auf Zeugenhinweise. (Symbolbild) Bild: Imago | Sven Simon Audio-Ende Seite&hellip;\n","protected":false},"author":2,"featured_media":1184744,"comment_status":"","ping_status":"","sticky":false,"template":"","format":"standard","meta":{"footnotes":"","_share_on_mastodon":"0"},"categories":[1824],"tags":[2420,3364,29,30,4397],"class_list":["post-1184743","post","type-post","status-publish","format-standard","has-post-thumbnail","category-bremen","tag-bremen","tag-de","tag-deutschland","tag-germany","tag-x"],"share_on_mastodon":{"url":"https:\/\/pubeurope.com\/@de\/116963452334861741","error":""},"_links":{"self":[{"href":"https:\/\/www.europesays.com\/de\/wp-json\/wp\/v2\/posts\/1184743","targetHints":{"allow":["GET"]}}],"collection":[{"href":"https:\/\/www.europesays.com\/de\/wp-json\/wp\/v2\/posts"}],"about":[{"href":"https:\/\/www.europesays.com\/de\/wp-json\/wp\/v2\/types\/post"}],"author":[{"embeddable":true,"href":"https:\/\/www.europesays.com\/de\/wp-json\/wp\/v2\/users\/2"}],"replies":[{"embeddable":true,"href":"https:\/\/www.europesays.com\/de\/wp-json\/wp\/v2\/comments?post=1184743"}],"version-history":[{"count":0,"href":"https:\/\/www.europesays.com\/de\/wp-json\/wp\/v2\/posts\/1184743\/revisions"}],"wp:featuredmedia":[{"embeddable":true,"href":"https:\/\/www.europesays.com\/de\/wp-json\/wp\/v2\/media\/1184744"}],"wp:attachment":[{"href":"https:\/\/www.europesays.com\/de\/wp-json\/wp\/v2\/media?parent=1184743"}],"wp:term":[{"taxonomy":"category","embeddable":true,"href":"https:\/\/www.europesays.com\/de\/wp-json\/wp\/v2\/categories?post=1184743"},{"taxonomy":"post_tag","embeddable":true,"href":"https:\/\/www.europesays.com\/de\/wp-json\/wp\/v2\/tags?post=1184743"}],"curies":[{"name":"wp","href":"https:\/\/api.w.org\/{rel}","templated":true}]}}