{"id":1184922,"date":"2026-07-22T13:28:11","date_gmt":"2026-07-22T13:28:11","guid":{"rendered":"https:\/\/www.europesays.com\/de\/1184922\/"},"modified":"2026-07-22T13:28:11","modified_gmt":"2026-07-22T13:28:11","slug":"bandenkriminalitaet-geldautomaten-gesprengt-angeklagter-gesteht-mehrere-taten","status":"publish","type":"post","link":"https:\/\/www.europesays.com\/de\/1184922\/","title":{"rendered":"Bandenkriminalit\u00e4t: Geldautomaten gesprengt &#8211; Angeklagter gesteht mehrere Taten"},"content":{"rendered":"<p class=\"paragraph article__item\">Ein mutma\u00dfliches Mitglied einer Bande von Geldautomaten-Sprengern steht vor dem Landgericht Berlin. Dem 31-J\u00e4hrigen werden drei Taten zur Last gelegt, bei denen Sprengstoff eingesetzt worden war. Der Angeklagte gestand zu Prozessbeginn. Er sei von anderen M\u00e4nnern angeworben worden, sie h\u00e4tten \u00abschnelles Geld versprochen\u00bb und das bei den Sprengungen eingesetzte Material beschafft, erkl\u00e4rte er \u00fcber seinen Verteidiger.\n<\/p>\n<p>Aktuelles<\/p>\n<p>                <a href=\"https:\/\/www.zeit.de\/gesellschaft\/2026-06\/lina-e-beugehaft-linksextremismus-oberlandesgericht-dresden\" data-ct-label=\"Linksextremismus: Lina E. soll wegen Aussageverweigerung erneut in Haft\" data-uuid=\"2d808d78-92df-476f-a963-e7e8d4b291a6\" rel=\"nofollow noopener\" target=\"_blank\"><\/p>\n<p>                        Linksextremismus:<br \/>\n                        Lina E. soll wegen Aussageverweigerung erneut in Haft<\/p>\n<p>                <\/a><\/p>\n<p>                <a href=\"https:\/\/www.zeit.de\/gesellschaft\/zeitgeschehen\/2026-06\/mordprozess-palliativarzt-berlin-landgericht-gestaendnis-gxe\" data-ct-label=\"Berlin: Berliner Palliativarzt gesteht in Mordprozess T\u00f6tung von Patienten\" data-uuid=\"53b60c5e-a97a-4877-b5f8-efb2ca43691b\" rel=\"nofollow noopener\" target=\"_blank\"><\/p>\n<p>                        Berlin:<br \/>\n                        Berliner Palliativarzt gesteht in Mordprozess T\u00f6tung von Patienten<\/p>\n<p>                <\/a><\/p>\n<p>                <a href=\"https:\/\/www.zeit.de\/gesellschaft\/zeitgeschehen\/2026-06\/wahlkampfhelfer-angriff-rechtsextrem-hooligans-bookholzberg-bundestagswahl-2025\" data-ct-label=\"Rechtsextreme Angriffe: Eine Gefahr f\u00fcr die demokratische Willensbildung\" data-uuid=\"58891bf6-e35b-46a9-a4f8-578828ce926d\" rel=\"nofollow noopener\" target=\"_blank\"><\/p>\n<p>                        Rechtsextreme Angriffe:<br \/>\n                        Eine Gefahr f\u00fcr die demokratische Willensbildung<\/p>\n<p>                <\/a><\/p>\n<p class=\"paragraph article__item\">Der 31-J\u00e4hrige soll laut Ermittlungen als Teil einer gr\u00f6\u00dferen, aus der Republik Moldau stammenden Gruppierung agiert haben. Die Anklage lautet unter anderem auf schweren Bandendiebstahl und Herbeif\u00fchren einer Sprengstoffexplosion. Der Mann ist wegen \u00e4hnlicher Taten bereits im August 2025 verurteilt worden.\n<\/p>\n<p>            Rund 32.000 Euro bei zwei Taten erbeutet            <\/p>\n<p class=\"paragraph article__item\">Im aktuellen Prozess geht es um Angriffe auf <a class=\"rtr-entity\" href=\"https:\/\/www.zeit.de\/wirtschaft\/2023-03\/bargeld-geldautomaten-sprengung-bargeldversorgung\" rel=\"nofollow noopener\" target=\"_blank\">Geldautomaten<\/a> in den Berliner Stadtteilen Lichtenberg und Marzahn zwischen dem 18. Mai 2024 und dem 24. Januar 2025. In zwei F\u00e4llen h\u00e4tten die T\u00e4ter insgesamt rund 32.000 Euro erbeutet, im dritten Fall sei es bei einem Versuch geblieben.\n<\/p>\n<p class=\"paragraph article__item\">Nur Stunden nach der letzten Tat, bei der ein Geldautomat in einem Einkaufszentrum attackiert worden war, wurden der Angeklagte und ein 37-J\u00e4hriger festgenommen. \u00abDie beiden stehen im Verdacht, mit weiteren Tatverd\u00e4chtigen an Geldautomaten-Sprengungen in Berlin, Brandenburg, Sachsen-Anhalt und Hessen beteiligt gewesen zu sein\u00bb, teilte die Polizei damals mit. Ein Ermittler sagte im Prozess, der Gruppierung seien 22 bis 23 Taten zuzuordnen.\n<\/p>\n<p class=\"paragraph article__item\">Der Angeklagte wurde im August 2025 in einem ersten Prozess zu einer Haftstrafe von f\u00fcnfeinhalb Jahren verurteilt &#8211; die Entscheidung ist rechtskr\u00e4ftig. Das Gericht ordnete damals zudem die Einziehung von Wertersatz in H\u00f6he von knapp 66.000 Euro an. Gegen den mitangeklagten 37-J\u00e4hrigen erging eine Strafe von f\u00fcnf Jahren und zehn Monaten Haft. Der aktuelle Prozess wird voraussichtlich am Donnerstag fortgesetzt.\n<\/p>\n<p class=\"paragraph article__item\">\u00a9 dpa-infocom, dpa:260722-930-422451\/1<\/p>\n","protected":false},"excerpt":{"rendered":"Ein mutma\u00dfliches Mitglied einer Bande von Geldautomaten-Sprengern steht vor dem Landgericht Berlin. Dem 31-J\u00e4hrigen werden drei Taten zur&hellip;\n","protected":false},"author":2,"featured_media":1184923,"comment_status":"","ping_status":"","sticky":false,"template":"","format":"standard","meta":{"footnotes":"","_share_on_mastodon":"0"},"categories":[1825],"tags":[1941,1939,51828,296,1937,29,666,27893,30,4854,1980,1940,15,1938,3084],"class_list":["post-1184922","post","type-post","status-publish","format-standard","has-post-thumbnail","category-berlin","tag-aktuelle-nachrichten-aus-berlin","tag-aktuelle-news-aus-berlin","tag-bandenkriminalitaet","tag-berlin","tag-berlin-news","tag-deutschland","tag-geld","tag-geldautomat","tag-germany","tag-landgericht-berlin","tag-mann","tag-nachrichten-aus-berlin","tag-news","tag-news-aus-berlin","tag-organisierte-kriminalitaet"],"share_on_mastodon":{"url":"https:\/\/pubeurope.com\/@de\/116963869157174510","error":""},"_links":{"self":[{"href":"https:\/\/www.europesays.com\/de\/wp-json\/wp\/v2\/posts\/1184922","targetHints":{"allow":["GET"]}}],"collection":[{"href":"https:\/\/www.europesays.com\/de\/wp-json\/wp\/v2\/posts"}],"about":[{"href":"https:\/\/www.europesays.com\/de\/wp-json\/wp\/v2\/types\/post"}],"author":[{"embeddable":true,"href":"https:\/\/www.europesays.com\/de\/wp-json\/wp\/v2\/users\/2"}],"replies":[{"embeddable":true,"href":"https:\/\/www.europesays.com\/de\/wp-json\/wp\/v2\/comments?post=1184922"}],"version-history":[{"count":0,"href":"https:\/\/www.europesays.com\/de\/wp-json\/wp\/v2\/posts\/1184922\/revisions"}],"wp:featuredmedia":[{"embeddable":true,"href":"https:\/\/www.europesays.com\/de\/wp-json\/wp\/v2\/media\/1184923"}],"wp:attachment":[{"href":"https:\/\/www.europesays.com\/de\/wp-json\/wp\/v2\/media?parent=1184922"}],"wp:term":[{"taxonomy":"category","embeddable":true,"href":"https:\/\/www.europesays.com\/de\/wp-json\/wp\/v2\/categories?post=1184922"},{"taxonomy":"post_tag","embeddable":true,"href":"https:\/\/www.europesays.com\/de\/wp-json\/wp\/v2\/tags?post=1184922"}],"curies":[{"name":"wp","href":"https:\/\/api.w.org\/{rel}","templated":true}]}}