{"id":1185247,"date":"2026-07-22T16:32:16","date_gmt":"2026-07-22T16:32:16","guid":{"rendered":"https:\/\/www.europesays.com\/de\/1185247\/"},"modified":"2026-07-22T16:32:16","modified_gmt":"2026-07-22T16:32:16","slug":"o2-will-mehr-als-1000-stellen-in-deutschland-abbauen-geld","status":"publish","type":"post","link":"https:\/\/www.europesays.com\/de\/1185247\/","title":{"rendered":"o2 will mehr als 1000 Stellen in Deutschland abbauen | Geld"},"content":{"rendered":"<p><a class=\"skip-content skip-content--link\" href=\"#in-content-skip-link-target-v-0-0\">TTS-Player \u00fcberspringen\u21b5<\/a><a id=\"in-content-skip-link-target-v-0-0\" class=\"skip-content--target-link-hidden skip-content skip-content--target-link\" href=\"#in-content-skip-link-target-v-0-0\">Artikel weiterlesen<\/a><\/p>\n<p data-1b35ef44=\"0-2255\">M\u00fcnchen \u2013 <b>Der Telekommunikationsanbieter o2 Telef\u00f3nica m\u00f6chte in Deutschland jede sechste Stelle abbauen. Wie die Tochter des spanischen Telef\u00f3nica-Konzerns in M\u00fcnchen mitteilte, soll die Anzahl der Vollzeitstellen bis Ende dieses Jahres um bis zu 1100 sinken. F\u00fcr die Besch\u00e4ftigten liegen nun Abfindungen und andere Angebote bereit, damit sie freiwillig gehen. Im Januar hatte die Firma 6820 Vollzeitstellen.<\/b><\/p>\n<p data-1b35ef44=\"0-2255\">Au\u00dferdem soll die Anzahl der aktuell rund 800 o2-Shops ebenfalls bis zum Jahresende um 60 sinken \u2013 betroffen sind eigene Standorte und nicht die Standorte von Franchise-Partnern. Die Kosten der Restrukturierung sollen sich auf 265 Millionen Euro belaufen.<\/p>\n<p data-1b35ef44=\"0-2255\"><a href=\"https:\/\/www.bild.de\/themen\/orte\/deutschland\/nachrichten-news-fotos-videos-17266634.bild.html\" class=\"text-link\" rel=\"nofollow noopener\" target=\"_blank\">Deutschland<\/a>chef Santiago Argelich Hesse erkl\u00e4rt die harte Linie: \u201eWir vereinfachen die Organisation, b\u00fcndeln T\u00e4tigkeiten und intensivieren den Einsatz K\u00fcnstlicher Intelligenz in zentralen Abl\u00e4ufen.\u201c Mit den Ma\u00dfnahmen sichere man die Wettbewerbs- und Zukunftsf\u00e4higkeit von Telef\u00f3nica Deutschland.<\/p>\n<p>Callcenter-Mitarbeiter besonders betroffen<\/p>\n<p data-1b35ef44=\"0-2255\">Die K\u00fcrzungen enden aber nicht 2026: N\u00e4chstes Jahr soll es weitere K\u00fcrzungen geben. Bis 2028 will das Unternehmen die Organisation \u201ebedarfsgerecht weiter verschlanken\u201c. Dann trifft es vor allem das Personal in den Callcentern. Sind beide Phasen der Kostensenkungen umgesetzt, will das Unternehmen ab 2028 j\u00e4hrlich rund 185 Millionen Euro einsparen.<\/p>\n<p data-1b35ef44=\"0-2255\">Hintergrund der Sparma\u00dfnahmen: o2 Telef\u00f3nica hatte zuletzt seinen gr\u00f6\u00dften Kunden verloren. 1&amp;1 nutzte jahrelang das o2-Netz und zahlte daf\u00fcr Miete, inzwischen ist die Firma mit ihren 12 Millionen Handykunden zum Konkurrenten Vodafone gewechselt. Dadurch bekam o2 deutlich weniger Geld in die Kasse.<\/p>\n<p>Mehr zum Thema<\/p>\n<p data-1b35ef44=\"0-2255\">Der langj\u00e4hrige Firmenchef Markus Haas nahm Ende vergangenen Jahres den Hut. Anfang 2026 \u00fcbernahm der Deutsch-Spanier Argelich Hesse das Ruder, um den Laden wieder flottzubekommen. <\/p>\n<p data-1b35ef44=\"0-2255\">Laut Bundesnetzagentur erreichte o2 Telef\u00f3nica im Dezember 88,6 Prozent der Fl\u00e4che Deutschlands mit seinem 4G-Netz und 76,2 Prozent der Fl\u00e4che mit <a href=\"https:\/\/www.bild.de\/digital\/multimedia\/5g\/5g-alle-infos-76604232.bild.html\" class=\"text-link\" rel=\"nofollow noopener\" target=\"_blank\">5G.<\/a> Der Abstand zur Telekom, deren Fl\u00e4chenabdeckung den Zahlen zufolge besser ist, hat sich damit deutlich verringert. Die Abdeckung der <a href=\"https:\/\/www.bild.de\/themen\/organisationen\/deutsche-telekom\/wirtschaft-nachrichten-news-fotos-videos-19351806.bild.html\" class=\"text-link\" rel=\"nofollow noopener\" target=\"_blank\">Telekom<\/a> liegt bei 92,5 Prozent (4G) und 87,9 Prozent (5G). Vodafone kommt auf 91,7 Prozent bei 4G und 75,7 Prozent bei 5G. <\/p>\n","protected":false},"excerpt":{"rendered":"TTS-Player \u00fcberspringen\u21b5Artikel weiterlesen M\u00fcnchen \u2013 Der Telekommunikationsanbieter o2 Telef\u00f3nica m\u00f6chte in Deutschland jede sechste Stelle abbauen. Wie die&hellip;\n","protected":false},"author":2,"featured_media":1185248,"comment_status":"","ping_status":"","sticky":false,"template":"","format":"standard","meta":{"footnotes":"","_share_on_mastodon":"0"},"categories":[134],"tags":[1737,175,170,169,29,30,171,174,15640,241825,38053,6563,138370,173,172],"class_list":["post-1185247","post","type-post","status-publish","format-standard","has-post-thumbnail","category-unternehmen-maerkte","tag-breaking-news","tag-business","tag-companies","tag-companies-markets","tag-deutschland","tag-germany","tag-markets","tag-maerkte","tag-mobilfunk","tag-newsos-import-bild","tag-o2","tag-stellenmarkt","tag-team-first","tag-unternehmen","tag-unternehmen-maerkte"],"share_on_mastodon":{"url":"https:\/\/pubeurope.com\/@de\/116964592683956183","error":""},"_links":{"self":[{"href":"https:\/\/www.europesays.com\/de\/wp-json\/wp\/v2\/posts\/1185247","targetHints":{"allow":["GET"]}}],"collection":[{"href":"https:\/\/www.europesays.com\/de\/wp-json\/wp\/v2\/posts"}],"about":[{"href":"https:\/\/www.europesays.com\/de\/wp-json\/wp\/v2\/types\/post"}],"author":[{"embeddable":true,"href":"https:\/\/www.europesays.com\/de\/wp-json\/wp\/v2\/users\/2"}],"replies":[{"embeddable":true,"href":"https:\/\/www.europesays.com\/de\/wp-json\/wp\/v2\/comments?post=1185247"}],"version-history":[{"count":0,"href":"https:\/\/www.europesays.com\/de\/wp-json\/wp\/v2\/posts\/1185247\/revisions"}],"wp:featuredmedia":[{"embeddable":true,"href":"https:\/\/www.europesays.com\/de\/wp-json\/wp\/v2\/media\/1185248"}],"wp:attachment":[{"href":"https:\/\/www.europesays.com\/de\/wp-json\/wp\/v2\/media?parent=1185247"}],"wp:term":[{"taxonomy":"category","embeddable":true,"href":"https:\/\/www.europesays.com\/de\/wp-json\/wp\/v2\/categories?post=1185247"},{"taxonomy":"post_tag","embeddable":true,"href":"https:\/\/www.europesays.com\/de\/wp-json\/wp\/v2\/tags?post=1185247"}],"curies":[{"name":"wp","href":"https:\/\/api.w.org\/{rel}","templated":true}]}}